{"id":45245,"date":"2025-10-11T01:29:07","date_gmt":"2025-10-11T05:29:07","guid":{"rendered":"https:\/\/noticiasveraces.com\/?p=45245"},"modified":"2025-10-11T01:29:07","modified_gmt":"2025-10-11T05:29:07","slug":"atendieron-a-65-personas-afectadas-por-las-lluvias-en-portuguesa","status":"publish","type":"post","link":"https:\/\/noticiasveraces.com\/?p=45245","title":{"rendered":"Atendieron a 65 personas afectadas por las lluvias en Portuguesa"},"content":{"rendered":"<p> \n<\/p>\n<div>\n<p>Autoridades de Protecci\u00f3n Civil atendieron a un total de 65 personas en Sabana Grande, estado Portuguesa, tras el desbordamiento del r\u00edo provocado por las intensas lluvias registradas desde el 9 de octubre.<\/p>\n<p>\u00abDurante la operaci\u00f3n, nuestros equipos rescataron a 10 personas, incluyendo adultos mayores y ni\u00f1os, quienes fueron trasladados a un lugar seguro y recibieron atenci\u00f3n inmediata para garantizar su bienestar\u00bb, escribi\u00f3 la instituci\u00f3n en una publicaci\u00f3n en Telegram el 10 de octubre.<\/p>\n<p>La ministra de Ciencia y Tecnolog\u00eda de Venezuela, Gabriela Jim\u00e9nez, se\u00f1al\u00f3 que el pa\u00eds ha registrado un <strong>300 % m\u00e1s de lluvias de lo esperado en 2025<\/strong>afectando a m\u00e1s de 7.000 familias, un fen\u00f3meno que atribuy\u00f3 a la crisis clim\u00e1tica.<\/p>\n<p>En la inauguraci\u00f3n del Congreso Mundial en Defensa de la Madre Tierra, previo al encuentro clim\u00e1tico COP30, la funcionaria indic\u00f3 que el r\u00edo Orinoco ha experimentado un crecimiento hist\u00f3rico debido a las precipitaciones, <strong>superando los \u00faltimos 60 a\u00f1os<\/strong>. <\/p>\n<p>Adem\u00e1s, advirti\u00f3 que las lluvias intensas han favorecido la proliferaci\u00f3n de vectores, responsables de diversas enfermedades.<\/p>\n<figure class=\"wp-block-image size-large\"><picture fetchpriority=\"high\" decoding=\"async\" class=\"wp-image-821378\"><source type=\"image\/webp\" sizes=\"(max-width: 1200px) 100vw, 1200px\" nitro-lazy-srcset=\"https:\/\/eldiario.com\/nitropack_static\/DWpklAePbJBFiBKvuTtiGMLbtJlHUqWt\/assets\/images\/optimized\/rev-4610e21\/eldiario.com\/wp-content\/uploads\/2025\/10\/Diseno-sin-titulo-10-1200x800.jpg.webp 1200w, https:\/\/eldiario.com\/nitropack_static\/DWpklAePbJBFiBKvuTtiGMLbtJlHUqWt\/assets\/images\/optimized\/rev-4610e21\/eldiario.com\/wp-content\/uploads\/2025\/10\/Diseno-sin-titulo-10-300x200.jpg.webp 300w, https:\/\/eldiario.com\/nitropack_static\/DWpklAePbJBFiBKvuTtiGMLbtJlHUqWt\/assets\/images\/optimized\/rev-4610e21\/eldiario.com\/wp-content\/uploads\/2025\/10\/Diseno-sin-titulo-10-768x512.jpg.webp 768w, https:\/\/eldiario.com\/nitropack_static\/DWpklAePbJBFiBKvuTtiGMLbtJlHUqWt\/assets\/images\/optimized\/rev-4610e21\/eldiario.com\/wp-content\/uploads\/2025\/10\/Diseno-sin-titulo-10-1536x1024.jpg.webp 1536w, https:\/\/eldiario.com\/nitropack_static\/DWpklAePbJBFiBKvuTtiGMLbtJlHUqWt\/assets\/images\/optimized\/rev-4610e21\/eldiario.com\/wp-content\/uploads\/2025\/10\/Diseno-sin-titulo-10-330x220.jpg.webp 330w, https:\/\/eldiario.com\/nitropack_static\/DWpklAePbJBFiBKvuTtiGMLbtJlHUqWt\/assets\/images\/optimized\/rev-4610e21\/eldiario.com\/wp-content\/uploads\/2025\/10\/Diseno-sin-titulo-10-420x280.jpg.webp 420w, https:\/\/eldiario.com\/nitropack_static\/DWpklAePbJBFiBKvuTtiGMLbtJlHUqWt\/assets\/images\/optimized\/rev-4610e21\/eldiario.com\/wp-content\/uploads\/2025\/10\/Diseno-sin-titulo-10-615x410.jpg.webp 615w, https:\/\/eldiario.com\/nitropack_static\/DWpklAePbJBFiBKvuTtiGMLbtJlHUqWt\/assets\/images\/optimized\/rev-4610e21\/eldiario.com\/wp-content\/uploads\/2025\/10\/Diseno-sin-titulo-10-860x574.jpg.webp 860w, https:\/\/eldiario.com\/nitropack_static\/DWpklAePbJBFiBKvuTtiGMLbtJlHUqWt\/assets\/images\/optimized\/rev-4610e21\/eldiario.com\/wp-content\/uploads\/2025\/10\/Diseno-sin-titulo-10-150x100.jpg.webp 150w, https:\/\/eldiario.com\/nitropack_static\/DWpklAePbJBFiBKvuTtiGMLbtJlHUqWt\/assets\/images\/optimized\/rev-4610e21\/eldiario.com\/wp-content\/uploads\/2025\/10\/Diseno-sin-titulo-10.jpg.webp 1600w\" nitro-lazy-empty=\"\" id=\"ODEzOjk5NQ==-1\" srcset=\"data:image\/svg+xml;nitro-empty-id=ODEzOjk5NQ==-1;base64,PHN2ZyB2aWV3Qm94PSIwIDAgMTIwMCA4MDAiIHdpZHRoPSIxMjAwIiBoZWlnaHQ9IjgwMCIgeG1sbnM9Imh0dHA6Ly93d3cudzMub3JnLzIwMDAvc3ZnIj48L3N2Zz4=\"\/><img fetchpriority=\"high\" width=\"1200\" height=\"800\" alt=\"Atendieron a 65 personas afectadas por las lluvias en Portuguesa\" sizes=\"(max-width: 1200px) 100vw, 1200px\" srcset=\"https:\/\/eldiario.com\/nitropack_static\/DWpklAePbJBFiBKvuTtiGMLbtJlHUqWt\/assets\/images\/optimized\/rev-4610e21\/eldiario.com\/wp-content\/uploads\/2025\/10\/Diseno-sin-titulo-10-1200x800.jpg 1200w, https:\/\/eldiario.com\/nitropack_static\/DWpklAePbJBFiBKvuTtiGMLbtJlHUqWt\/assets\/images\/optimized\/rev-4610e21\/eldiario.com\/wp-content\/uploads\/2025\/10\/Diseno-sin-titulo-10-300x200.jpg 300w, https:\/\/eldiario.com\/nitropack_static\/DWpklAePbJBFiBKvuTtiGMLbtJlHUqWt\/assets\/images\/optimized\/rev-4610e21\/eldiario.com\/wp-content\/uploads\/2025\/10\/Diseno-sin-titulo-10-768x512.jpg 768w, https:\/\/eldiario.com\/nitropack_static\/DWpklAePbJBFiBKvuTtiGMLbtJlHUqWt\/assets\/images\/optimized\/rev-4610e21\/eldiario.com\/wp-content\/uploads\/2025\/10\/Diseno-sin-titulo-10-1536x1024.jpg 1536w, https:\/\/eldiario.com\/nitropack_static\/DWpklAePbJBFiBKvuTtiGMLbtJlHUqWt\/assets\/images\/optimized\/rev-4610e21\/eldiario.com\/wp-content\/uploads\/2025\/10\/Diseno-sin-titulo-10-330x220.jpg 330w, https:\/\/eldiario.com\/nitropack_static\/DWpklAePbJBFiBKvuTtiGMLbtJlHUqWt\/assets\/images\/optimized\/rev-4610e21\/eldiario.com\/wp-content\/uploads\/2025\/10\/Diseno-sin-titulo-10-420x280.jpg 420w, https:\/\/eldiario.com\/nitropack_static\/DWpklAePbJBFiBKvuTtiGMLbtJlHUqWt\/assets\/images\/optimized\/rev-4610e21\/eldiario.com\/wp-content\/uploads\/2025\/10\/Diseno-sin-titulo-10-615x410.jpg 615w, https:\/\/eldiario.com\/nitropack_static\/DWpklAePbJBFiBKvuTtiGMLbtJlHUqWt\/assets\/images\/optimized\/rev-4610e21\/eldiario.com\/wp-content\/uploads\/2025\/10\/Diseno-sin-titulo-10-860x574.jpg 860w, https:\/\/eldiario.com\/nitropack_static\/DWpklAePbJBFiBKvuTtiGMLbtJlHUqWt\/assets\/images\/optimized\/rev-4610e21\/eldiario.com\/wp-content\/uploads\/2025\/10\/Diseno-sin-titulo-10-150x100.jpg 150w, https:\/\/eldiario.com\/nitropack_static\/DWpklAePbJBFiBKvuTtiGMLbtJlHUqWt\/assets\/images\/optimized\/rev-4610e21\/eldiario.com\/wp-content\/uploads\/2025\/10\/Diseno-sin-titulo-10.jpg 1600w\" src=\"https:\/\/eldiario.com\/nitropack_static\/DWpklAePbJBFiBKvuTtiGMLbtJlHUqWt\/assets\/images\/optimized\/rev-4610e21\/eldiario.com\/wp-content\/uploads\/2025\/10\/Diseno-sin-titulo-10-1200x800.jpg\" class=\"nitro-lazy\" decoding=\"async\" nitro-lazy-empty=\"\" id=\"ODE0OjExNDc=-1\"\/> <\/picture><figcaption class=\"wp-element-caption\">Foto: @EFENoticias<\/figcaption><\/figure>\n<h2 class=\"wp-block-heading\" id=\"h-impacto-de-las-lluvias-en-venezuela\"><strong>Impacto de las lluvias en Venezuela<\/strong><\/h2>\n<p>En agosto, el viceministro para la Gesti\u00f3n de Riesgo y Protecci\u00f3n Civil, Juan Carlos Oti, inform\u00f3 que seis personas murieron tras las fuertes lluvias registradas en varias zonas del pa\u00eds.<\/p>\n<p>Desde finales de junio de 2025, las precipitaciones han dejado da\u00f1os importantes en el oeste venezolano, principalmente en los estados Barinas, T\u00e1chira, Trujillo, M\u00e9rida y Portuguesa, as\u00ed como en localidades de Bol\u00edvar y Gu\u00e1rico.<\/p>\n<figure class=\"wp-block-image size-large\"><picture decoding=\"async\" class=\"wp-image-813000\"><source type=\"image\/webp\" sizes=\"(max-width: 1200px) 100vw, 1200px\" nitro-lazy-srcset=\"https:\/\/eldiario.com\/nitropack_static\/DWpklAePbJBFiBKvuTtiGMLbtJlHUqWt\/assets\/images\/optimized\/rev-4610e21\/eldiario.com\/wp-content\/uploads\/2025\/08\/Diseno-sin-titulo-2025-08-29T165637.795-1200x800.jpg.webp 1200w, https:\/\/eldiario.com\/nitropack_static\/DWpklAePbJBFiBKvuTtiGMLbtJlHUqWt\/assets\/images\/optimized\/rev-4610e21\/eldiario.com\/wp-content\/uploads\/2025\/08\/Diseno-sin-titulo-2025-08-29T165637.795-300x200.jpg.webp 300w, https:\/\/eldiario.com\/nitropack_static\/DWpklAePbJBFiBKvuTtiGMLbtJlHUqWt\/assets\/images\/optimized\/rev-4610e21\/eldiario.com\/wp-content\/uploads\/2025\/08\/Diseno-sin-titulo-2025-08-29T165637.795-768x512.jpg.webp 768w, https:\/\/eldiario.com\/nitropack_static\/DWpklAePbJBFiBKvuTtiGMLbtJlHUqWt\/assets\/images\/optimized\/rev-4610e21\/eldiario.com\/wp-content\/uploads\/2025\/08\/Diseno-sin-titulo-2025-08-29T165637.795-1536x1024.jpg.webp 1536w, https:\/\/eldiario.com\/nitropack_static\/DWpklAePbJBFiBKvuTtiGMLbtJlHUqWt\/assets\/images\/optimized\/rev-4610e21\/eldiario.com\/wp-content\/uploads\/2025\/08\/Diseno-sin-titulo-2025-08-29T165637.795-330x220.jpg.webp 330w, https:\/\/eldiario.com\/nitropack_static\/DWpklAePbJBFiBKvuTtiGMLbtJlHUqWt\/assets\/images\/optimized\/rev-4610e21\/eldiario.com\/wp-content\/uploads\/2025\/08\/Diseno-sin-titulo-2025-08-29T165637.795-420x280.jpg.webp 420w, https:\/\/eldiario.com\/nitropack_static\/DWpklAePbJBFiBKvuTtiGMLbtJlHUqWt\/assets\/images\/optimized\/rev-4610e21\/eldiario.com\/wp-content\/uploads\/2025\/08\/Diseno-sin-titulo-2025-08-29T165637.795-615x410.jpg.webp 615w, https:\/\/eldiario.com\/nitropack_static\/DWpklAePbJBFiBKvuTtiGMLbtJlHUqWt\/assets\/images\/optimized\/rev-4610e21\/eldiario.com\/wp-content\/uploads\/2025\/08\/Diseno-sin-titulo-2025-08-29T165637.795-860x574.jpg.webp 860w, https:\/\/eldiario.com\/nitropack_static\/DWpklAePbJBFiBKvuTtiGMLbtJlHUqWt\/assets\/images\/optimized\/rev-4610e21\/eldiario.com\/wp-content\/uploads\/2025\/08\/Diseno-sin-titulo-2025-08-29T165637.795-150x100.jpg.webp 150w, https:\/\/eldiario.com\/nitropack_static\/DWpklAePbJBFiBKvuTtiGMLbtJlHUqWt\/assets\/images\/optimized\/rev-4610e21\/eldiario.com\/wp-content\/uploads\/2025\/08\/Diseno-sin-titulo-2025-08-29T165637.795.jpg.webp 1600w\" nitro-lazy-empty=\"\" id=\"ODMzOjExODU=-1\" srcset=\"data:image\/svg+xml;nitro-empty-id=ODMzOjExODU=-1;base64,PHN2ZyB2aWV3Qm94PSIwIDAgMTIwMCA4MDAiIHdpZHRoPSIxMjAwIiBoZWlnaHQ9IjgwMCIgeG1sbnM9Imh0dHA6Ly93d3cudzMub3JnLzIwMDAvc3ZnIj48L3N2Zz4=\"\/><img loading=\"lazy\" width=\"1200\" height=\"800\" alt=\"Lluvias en Monagas ocasionaron da\u00f1os en viviendas y comercios \" sizes=\"auto, (max-width: 1200px) 100vw, 1200px\" srcset=\"https:\/\/eldiario.com\/nitropack_static\/DWpklAePbJBFiBKvuTtiGMLbtJlHUqWt\/assets\/images\/optimized\/rev-4610e21\/eldiario.com\/wp-content\/uploads\/2025\/08\/Diseno-sin-titulo-2025-08-29T165637.795-1200x800.jpg 1200w, https:\/\/eldiario.com\/nitropack_static\/DWpklAePbJBFiBKvuTtiGMLbtJlHUqWt\/assets\/images\/optimized\/rev-4610e21\/eldiario.com\/wp-content\/uploads\/2025\/08\/Diseno-sin-titulo-2025-08-29T165637.795-300x200.jpg 300w, https:\/\/eldiario.com\/nitropack_static\/DWpklAePbJBFiBKvuTtiGMLbtJlHUqWt\/assets\/images\/optimized\/rev-4610e21\/eldiario.com\/wp-content\/uploads\/2025\/08\/Diseno-sin-titulo-2025-08-29T165637.795-768x512.jpg 768w, https:\/\/eldiario.com\/nitropack_static\/DWpklAePbJBFiBKvuTtiGMLbtJlHUqWt\/assets\/images\/optimized\/rev-4610e21\/eldiario.com\/wp-content\/uploads\/2025\/08\/Diseno-sin-titulo-2025-08-29T165637.795-1536x1024.jpg 1536w, https:\/\/eldiario.com\/nitropack_static\/DWpklAePbJBFiBKvuTtiGMLbtJlHUqWt\/assets\/images\/optimized\/rev-4610e21\/eldiario.com\/wp-content\/uploads\/2025\/08\/Diseno-sin-titulo-2025-08-29T165637.795-330x220.jpg 330w, https:\/\/eldiario.com\/nitropack_static\/DWpklAePbJBFiBKvuTtiGMLbtJlHUqWt\/assets\/images\/optimized\/rev-4610e21\/eldiario.com\/wp-content\/uploads\/2025\/08\/Diseno-sin-titulo-2025-08-29T165637.795-420x280.jpg 420w, https:\/\/eldiario.com\/nitropack_static\/DWpklAePbJBFiBKvuTtiGMLbtJlHUqWt\/assets\/images\/optimized\/rev-4610e21\/eldiario.com\/wp-content\/uploads\/2025\/08\/Diseno-sin-titulo-2025-08-29T165637.795-615x410.jpg 615w, https:\/\/eldiario.com\/nitropack_static\/DWpklAePbJBFiBKvuTtiGMLbtJlHUqWt\/assets\/images\/optimized\/rev-4610e21\/eldiario.com\/wp-content\/uploads\/2025\/08\/Diseno-sin-titulo-2025-08-29T165637.795-860x574.jpg 860w, https:\/\/eldiario.com\/nitropack_static\/DWpklAePbJBFiBKvuTtiGMLbtJlHUqWt\/assets\/images\/optimized\/rev-4610e21\/eldiario.com\/wp-content\/uploads\/2025\/08\/Diseno-sin-titulo-2025-08-29T165637.795-150x100.jpg 150w, https:\/\/eldiario.com\/nitropack_static\/DWpklAePbJBFiBKvuTtiGMLbtJlHUqWt\/assets\/images\/optimized\/rev-4610e21\/eldiario.com\/wp-content\/uploads\/2025\/08\/Diseno-sin-titulo-2025-08-29T165637.795.jpg 1600w\" src=\"https:\/\/eldiario.com\/nitropack_static\/DWpklAePbJBFiBKvuTtiGMLbtJlHUqWt\/assets\/images\/optimized\/rev-4610e21\/eldiario.com\/wp-content\/uploads\/2025\/08\/Diseno-sin-titulo-2025-08-29T165637.795-1200x800.jpg\" class=\"nitro-lazy\" decoding=\"async\" nitro-lazy-empty=\"\" id=\"ODM0OjEzMzU=-1\"\/> <\/picture><figcaption class=\"wp-element-caption\">Foto: Protecci\u00f3n Civil Monagas<\/figcaption><\/figure>\n<p>Estas lluvias han sido provocadas por al menos 42 ondas tropicales que ingresaron al pa\u00eds desde mayo. <\/p>\n<p>Seg\u00fan el presidente del Inameh, Reidy Zambrano, se esperan entre 50 y 66 ondas tropicales hasta el 30 de noviembre, y de las 60 que se formen, al menos 45 tendr\u00e1n efectos directos sobre Venezuela.<\/p>\n<p><em>Este contenido incluye informaci\u00f3n suministrada por la Agencia EFE. Editado, verificado y contextualizado por el equipo editorial de <\/em><strong><em>El Diario<\/em><\/strong><em>. Conoce nuestra pol\u00edtica sobre el uso de contenidos de EFE<\/em><strong><em> <\/em><\/strong><strong>aqu\u00ed<\/strong>.<\/p>\n<\/p><\/div>\n\n","protected":false},"excerpt":{"rendered":"<p>Autoridades de Protecci\u00f3n Civil atendieron a un total de 65 personas en Sabana Grande, estado Portuguesa, tras el desbordamiento del r\u00edo provocado por las intensas lluvias registradas desde el 9 de octubre. \u00abDurante la operaci\u00f3n, nuestros equipos rescataron a 10 personas, incluyendo adultos mayores y ni\u00f1os, quienes fueron trasladados a un lugar seguro y recibieron &hellip;<\/p>\n","protected":false},"author":1,"featured_media":45247,"comment_status":"open","ping_status":"open","sticky":false,"template":"","format":"standard","meta":{"fifu_image_url":"https:\/\/eldiario.com\/wp-content\/uploads\/2025\/10\/Diseno-sin-titulo-9.jpg","fifu_image_alt":"","footnotes":""},"categories":[13],"tags":[],"class_list":["post-45245","post","type-post","status-publish","format-standard","has-post-thumbnail","","category-mundo"],"_links":{"self":[{"href":"https:\/\/noticiasveraces.com\/index.php?rest_route=\/wp\/v2\/posts\/45245","targetHints":{"allow":["GET"]}}],"collection":[{"href":"https:\/\/noticiasveraces.com\/index.php?rest_route=\/wp\/v2\/posts"}],"about":[{"href":"https:\/\/noticiasveraces.com\/index.php?rest_route=\/wp\/v2\/types\/post"}],"author":[{"embeddable":true,"href":"https:\/\/noticiasveraces.com\/index.php?rest_route=\/wp\/v2\/users\/1"}],"replies":[{"embeddable":true,"href":"https:\/\/noticiasveraces.com\/index.php?rest_route=%2Fwp%2Fv2%2Fcomments&post=45245"}],"version-history":[{"count":0,"href":"https:\/\/noticiasveraces.com\/index.php?rest_route=\/wp\/v2\/posts\/45245\/revisions"}],"wp:featuredmedia":[{"embeddable":true,"href":"https:\/\/noticiasveraces.com\/index.php?rest_route=\/wp\/v2\/media\/45247"}],"wp:attachment":[{"href":"https:\/\/noticiasveraces.com\/index.php?rest_route=%2Fwp%2Fv2%2Fmedia&parent=45245"}],"wp:term":[{"taxonomy":"category","embeddable":true,"href":"https:\/\/noticiasveraces.com\/index.php?rest_route=%2Fwp%2Fv2%2Fcategories&post=45245"},{"taxonomy":"post_tag","embeddable":true,"href":"https:\/\/noticiasveraces.com\/index.php?rest_route=%2Fwp%2Fv2%2Ftags&post=45245"}],"curies":[{"name":"wp","href":"https:\/\/api.w.org\/{rel}","templated":true}]}}