{"id":45237,"date":"2025-10-11T00:24:09","date_gmt":"2025-10-11T04:24:09","guid":{"rendered":"https:\/\/noticiasveraces.com\/?p=45237"},"modified":"2025-10-11T00:24:09","modified_gmt":"2025-10-11T04:24:09","slug":"universitario-multitarea-el-nacional","status":"publish","type":"post","link":"https:\/\/noticiasveraces.com\/?p=45237","title":{"rendered":"Universitario multitarea &#8211; EL NACIONAL"},"content":{"rendered":"<p> \n<\/p>\n<div id=\"\">\n<div class=\"image-featured\">\n<img src=\"data:image\/png;base64,iVBORw0KGgoAAAANSUhEUgAABLAAAAKfAQAAAABWcAy7AAAAAnRSTlMAAHaTzTgAAAB5SURBVHja7cEBDQAAAMKg909tDjegAAAAAAAAAAAAAAAAAAAAAAAAAAAAAAAAAAAAAAAAAAAAAAAAAAAAAAAAAAAAAAAAAAAAAAAAAAAAAAAAAAAAAAAAAAAAAAAAAAAAAAAAAAAAAAAAAAAAAAAAAAAAAAAAAABODYvYAAHBLGg2AAAAAElFTkSuQmCC\" alt=\"Universitario multitarea\" data-src=\"https:\/\/elnacional-uploads.nyc3.digitaloceanspaces.com\/wp-content\/uploads\/2025\/10\/09150437\/CP-4.png\" decoding=\"async\" class=\"lazyload\" data-eio-rwidth=\"1200\" data-eio-rheight=\"671\"\/><img decoding=\"async\" src=\"https:\/\/elnacional-uploads.nyc3.digitaloceanspaces.com\/wp-content\/uploads\/2025\/10\/09150437\/CP-4.png\" alt=\"Universitario multitarea\" data-eio=\"l\"\/><figcaption>CARLOS PACHECO (1948-2014), LETRALIA<\/figcaption><\/div>\n<p><em>\u201cPacheco ten\u00eda por la USB una pasi\u00f3n total. A ella se consagr\u00f3 y en ella desempe\u00f1\u00f3, siempre entusiasta, varios roles, con pleno sentido de la responsabilidad. Aparte de su labor docente, en todos los niveles, fue coordinador del Posgrado en Literatura (1983-1985), <\/em><em>decano de Estudios Generales (1990-1994) y decano de Estudios de Postgrado (2001-2003)\u201d<\/em><\/p>\n<p><strong>Por LUIS BARRERA LINARES<\/strong><\/p>\n<p>Sol\u00eda decir el inolvidable profesor Jos\u00e9 Santos Urriola que Carlos Pacheco Pacheco hab\u00eda llegado a la Universidad Sim\u00f3n Bol\u00edvar con porte de sacerdote y vistiendo a\u00fan el alzacuellos.\u00a0 Con ello alud\u00eda metaf\u00f3ricamente a su disciplina y rigor, tanto en la docencia como en la investigaci\u00f3n y en el desempe\u00f1o de cargos administrativos.\u00a0 Jocoseriamente se refer\u00eda Urriola a la formaci\u00f3n recibida entre los jesuitas, a cuya Compa\u00f1\u00eda hab\u00eda pertenecido Carlos como novicio y como estudiante (1966-1971). Pacheco se formar\u00eda posteriormente en dos universidades tambi\u00e9n relacionadas con esa Congregaci\u00f3n: la Cat\u00f3lica Andr\u00e9s Bello (de Caracas) y la Javeriana (de Bogot\u00e1). El motivo por el cual tuvo que dejar la primera queda para otra historia. De la \u00faltima egres\u00f3 como licenciado en Filosof\u00eda y Letras (1973). M\u00e1s adelante formalizar\u00eda estudios de maestr\u00eda en la Universidad de Liverpool (1974) y de doctorado, en el King\u2019s College, de Londres (1989). Es decir, adem\u00e1s de aspirante a sacerdote, este caballero era casi un lord ingl\u00e9s. Formalidad y cortes\u00eda fueron marcas identitarias suyas.<\/p>\n<p>Ingres\u00f3 a la Universidad Sim\u00f3n Bol\u00edvar (USB, sede de Sartenejas) en 1980, luego de ser seleccionado en concurso p\u00fablico para integrarse al departamento de Lengua y Literatura. Desde ese momento, la USB ser\u00eda para \u00e9l el alfa y el omega de su productiva vida universitaria: 26 a\u00f1os de labor que solo pudieron ser interrumpidos por su temprano deceso, ya que no dej\u00f3 de hacerle aportes a la instituci\u00f3n ni siquiera despu\u00e9s de jubilado. All\u00ed nos conocimos en 1988, a ra\u00edz de un proyecto que quisimos hacer com\u00fan y comunitario: las indagaciones sobre el cuento literario que tendr\u00edan su colof\u00f3n en nuestro libro en coautor\u00eda <em>Del cuento y sus alrededores <\/em>(1993, 1997<em>)<\/em>. Adem\u00e1s, en el mismo departamento, firmamos nuestro decreto bilateral de \u00abamistad \u2014personal y profesional \u2014 a primera vista\u00bb. Eso nos convertir\u00eda en el \u00abd\u00fao din\u00e1mico\u00bb o el \u00abdueto crioll\u00edsimo\u00bb (as\u00ed nos tildaban algunos colegas, unas veces con humor benigno y sincero; otras, con cierto sarcasmo, aunque, en ambos casos, disfrut\u00e1bamos tales apelativos).<\/p>\n<p>Pacheco ten\u00eda por la USB una pasi\u00f3n total. A ella se consagr\u00f3 y en ella desempe\u00f1\u00f3, siempre entusiasta, varios roles, con pleno sentido de la responsabilidad. Aparte de su labor docente, en todos los niveles, fue coordinador del Posgrado en Literatura (1983-1985), decano de Estudios Generales (1990-1994) y decano de Estudios de Postgrado (2001-2003).<\/p>\n<p>Ocup\u00f3 otras diversas posiciones internas, en el departamento y en otras dependencias. Prolijo ser\u00eda enumerarlas todas; valga decir que desfil\u00f3 por la Direcci\u00f3n de Cultura, el Consejo Asesor de la Biblioteca, el Consejo Editorial, la Comisi\u00f3n T\u00e9cnica del Decanato de Investigaciones, la Comisi\u00f3n Clasificadora, etc. Nunca dijo que no a cualquier actividad administrativa que cualquier autoridad le requiriera, independientemente de la relevancia y jerarqu\u00eda. Todas eran para \u00e9l importantes. Un verdadero militante de la vida universitaria activa: ingres\u00f3 como docente contratado y a partir de all\u00ed fue desfilando progresivamente por el escalaf\u00f3n universitario: desde su clasificaci\u00f3n como asistente, hasta llegar al nivel m\u00e1ximo de profesor titular (1993). Habr\u00eda que recordar que los docentes universitarios desfilamos por un camino en el que cada cierto lapso debemos rendir cuentas, si deseamos mantenernos con la dignidad debida, y lo hacemos mediante el trabajo de ascenso que defendemos ante un jurado calificador, principalmente si hemos elegido esa ruta convencidos de su relevancia en la formaci\u00f3n de profesionales integrales. Eso sin dejar de lado la necesidad de un proceso de formaci\u00f3n constante, impl\u00edcita en la ocupaci\u00f3n que hemos elegido. Y m\u00e1s a\u00fan, sin que cuente el precario salario (rima intencional) que, por circunstancias sobrevenidas o inesperadas, debemos devengar durante algunos per\u00edodos.  <\/p>\n<p>En esa senda, Carlos se desempe\u00f1\u00f3 como tutor de m\u00faltiples tesistas y dict\u00f3 las m\u00e1s variadas asignaturas: desde los cursos b\u00e1sicos en los que se busca que los futuros egresados tengan contacto con las peripecias del idioma y su escritura o los g\u00e9neros literarios, hasta los seminarios y estudios generales concentrados en determinada \u00e1rea espec\u00edfica (la literatura latinoamericana y algunos de sus autores emblem\u00e1ticos, las lenguas y sus implicaciones socioest\u00e9ticas, el cuento en sus diversas variantes, el proceso de la narrativa venezolana o espa\u00f1ola, entre otros). No en vano, recibir\u00eda diversos reconocimientos; entre ellos el Premio a la Labor Docente (1996, otorgado por esa legendaria instituci\u00f3n gremial que es la siempre combativa Asociaci\u00f3n de Profesores), hasta ser honrado en el a\u00f1o 2014 con la distinci\u00f3n de Profesor Em\u00e9rito.<\/p>\n<p>Por esa v\u00eda, a solicitud del rector de esos a\u00f1os, Enrique Planchart, y ya te\u00f3ricamente jubilado, en 2005, lleg\u00f3 Pacheco a la coordinaci\u00f3n de la editorial Equinoccio que, por muchos motivos, hab\u00eda perdido el empuje de otros tiempos (antes hab\u00eda estado adscrita a la Direcci\u00f3n de Cultura de la USB y, a partir de ese a\u00f1o, pas\u00f3 a depender directamente del rectorado). A la editorial se dedic\u00f3 Carlos a tiempo completo, con la muy expl\u00edcita intenci\u00f3n de que dicha dependencia de nuevo levantara vuelo y alcanzara el brillo de otras \u00e9pocas. Lo primero que hizo fue constituir un Consejo Consultivo y actualizar el Consejo Editorial, integrados por personas de dentro y fuera de la USB. Junto con el personal que ya laborada all\u00ed, ambos cuerpos colegiados se encargar\u00edan de sugerir las pol\u00edticas editoriales y los procesos de recepci\u00f3n, evaluaci\u00f3n, arbitraje y publicaci\u00f3n de los libros. Me honra haber formado parte de ese colectivo. Se conocen suficientemente mi apego, mi agradecimiento e incondicionalidad hacia la USB, debido a que tambi\u00e9n consegu\u00ed en ella abierto y decidido apoyo para mi desarrollo como docente e investigador, aparte de un ambiente departamental siempre estimulante y proactivo.<\/p>\n<p>Ya a cargo de Equinoccio, fueron varios los aportes que Pacheco y su legi\u00f3n de so\u00f1adores emprendieron, o emprendimos, bajo sus orientaciones e impecable labor directiva. Me eximo de acotar aqu\u00ed nombres, para evitar no ser completivo; pero el entusiasmo del nuevo coordinador se contagi\u00f3 hacia todos sus colaboradores: profesorado,\u00a0 autores y autoras, sin dejar de lado al personal de la editorial que, con total dedicaci\u00f3n y sentido de pertenencia, se sum\u00f3 a aquella hermosa aventura.<\/p>\n<p>Bajo rigurosas normas y procesos de selecci\u00f3n, la editorial se abri\u00f3 a la publicaci\u00f3n de obras de escritores internos o externos, noveles o consagrados. Se renovaron las ediciones de libros de texto y las colecciones de ensayo, poes\u00eda y narrativa, con base en un nuevo y vanguardista dise\u00f1o que todav\u00eda sirve de rasgo identitario de la USB en las librer\u00edas en que a\u00fan pueden conseguirse ejemplares.\u00a0 Hubo importantes cambios relacionados con portadas y contraportadas, diagramaci\u00f3n interna y tama\u00f1o de los libros, en sus diferentes colecciones (Indaga, Plural, Paraninfo, Tesis, Recorridos, Papiros, Armon\u00eda, Alma Mater).<\/p>\n<p>Mediante una pol\u00edtica abierta y plural, se crearon, adem\u00e1s, algunos galardones que buscaban estimular el trabajo escriturario. En tal sentido se volvieron referentes emblem\u00e1ticos el Premio Nacional Universitario de Literatura\u00a0 y los\u00a0 concursos de cuento y poes\u00eda. Con estos \u00faltimos se buscaba honrar \u00a0la trayectoria de dos grandes escritores venezolanos: Oswaldo Trejo y Eugenio Montejo.<\/p>\n<p>No falt\u00f3 tampoco la vuelta a algunas colecciones que hab\u00edan gozado de cierto letargo, motivado esto por el incremento de los costos de publicaci\u00f3n y la merma de los presupuestos, flagelo que ya comenzaba a causar sus estragos. Sin embargo, no puede obviarse que, para esto, fue relevante la participaci\u00f3n de algunas instituciones privadas con las que se acordaron importantes coediciones o el financiamiento de determinadas colecciones; entre ellas debo resaltar particularmente a\u00a0 Banesco y la Fundaci\u00f3n Bigott.<\/p>\n<p>Pacheco ces\u00f3 en su labor editorial en el a\u00f1o 2010. Aunque ya con algunas dificultades financieras, sus sucesores (Mariana Libertad Su\u00e1rez, 2010-2014, y Cristian \u00c1lvarez, 2014-2021) continuar\u00edan el desarrollo de aquel sue\u00f1o iniciado en el a\u00f1o 2005, gracias a la constancia y empe\u00f1o de @doblepacheco.<\/p>\n<p>Lamentablemente, las condiciones han cambiado y,\u00a0 en este tiempo, la editorial est\u00e1 en un proceso de \u00abhibernaci\u00f3n\u00bb \u2014como la USB en general\u2014, a la espera de una nueva primavera que le devuelva la florescencia.<\/p>\n<p>Gracias a sus m\u00e9ritos y m\u00faltiples actividades como universitario cabal, Pacheco fue elegido para ocupar el sill\u00f3n W de la Academia Venezolana de la Lengua (2008), instituci\u00f3n en la que me correspondi\u00f3 el m\u00e1s gratificante de los honores para con quien fue mi compa\u00f1ero inseparable en la investigaci\u00f3n y la vida: recibirlo y ofrecerle ante el pleno el discurso de contestaci\u00f3n, un 7 de diciembre de 2009. Seis a\u00f1os y tres meses despu\u00e9s, se marchar\u00eda definitivamente del plano terrenal, un 27 de marzo de 2015, evento que ocurrir\u00eda en la misma Bogot\u00e1 donde se hab\u00eda licenciado y a la espera de los acordes provenientes de las prodigiosas manos de Gabriela Montero. Imagino que, antes de ingresar a la eternidad, de nuevo se colocar\u00eda el alzacuellos.<\/p>\n<\/div>\n\n","protected":false},"excerpt":{"rendered":"<p>CARLOS PACHECO (1948-2014), LETRALIA \u201cPacheco ten\u00eda por la USB una pasi\u00f3n total. A ella se consagr\u00f3 y en ella desempe\u00f1\u00f3, siempre entusiasta, varios roles, con pleno sentido de la responsabilidad. Aparte de su labor docente, en todos los niveles, fue coordinador del Posgrado en Literatura (1983-1985), decano de Estudios Generales (1990-1994) y decano de Estudios &hellip;<\/p>\n","protected":false},"author":1,"featured_media":45239,"comment_status":"open","ping_status":"open","sticky":false,"template":"","format":"standard","meta":{"fifu_image_url":"https:\/\/elnacional-uploads.nyc3.digitaloceanspaces.com\/wp-content\/uploads\/2025\/10\/09150437\/CP-4.png","fifu_image_alt":"","footnotes":""},"categories":[13],"tags":[],"class_list":["post-45237","post","type-post","status-publish","format-standard","has-post-thumbnail","","category-mundo"],"_links":{"self":[{"href":"https:\/\/noticiasveraces.com\/index.php?rest_route=\/wp\/v2\/posts\/45237","targetHints":{"allow":["GET"]}}],"collection":[{"href":"https:\/\/noticiasveraces.com\/index.php?rest_route=\/wp\/v2\/posts"}],"about":[{"href":"https:\/\/noticiasveraces.com\/index.php?rest_route=\/wp\/v2\/types\/post"}],"author":[{"embeddable":true,"href":"https:\/\/noticiasveraces.com\/index.php?rest_route=\/wp\/v2\/users\/1"}],"replies":[{"embeddable":true,"href":"https:\/\/noticiasveraces.com\/index.php?rest_route=%2Fwp%2Fv2%2Fcomments&post=45237"}],"version-history":[{"count":0,"href":"https:\/\/noticiasveraces.com\/index.php?rest_route=\/wp\/v2\/posts\/45237\/revisions"}],"wp:featuredmedia":[{"embeddable":true,"href":"https:\/\/noticiasveraces.com\/index.php?rest_route=\/wp\/v2\/media\/45239"}],"wp:attachment":[{"href":"https:\/\/noticiasveraces.com\/index.php?rest_route=%2Fwp%2Fv2%2Fmedia&parent=45237"}],"wp:term":[{"taxonomy":"category","embeddable":true,"href":"https:\/\/noticiasveraces.com\/index.php?rest_route=%2Fwp%2Fv2%2Fcategories&post=45237"},{"taxonomy":"post_tag","embeddable":true,"href":"https:\/\/noticiasveraces.com\/index.php?rest_route=%2Fwp%2Fv2%2Ftags&post=45237"}],"curies":[{"name":"wp","href":"https:\/\/api.w.org\/{rel}","templated":true}]}}