{"id":45224,"date":"2025-10-10T21:31:58","date_gmt":"2025-10-11T01:31:58","guid":{"rendered":"https:\/\/noticiasveraces.com\/?p=45224"},"modified":"2025-10-10T21:31:58","modified_gmt":"2025-10-11T01:31:58","slug":"los-artistas-que-celebraron-el-nobel-de-maria-corina-machado-correo-del-caroni","status":"publish","type":"post","link":"https:\/\/noticiasveraces.com\/?p=45224","title":{"rendered":"los artistas que celebraron el Nobel de Mar\u00eda Corina Machado \u2013 Correo del Caron\u00ed"},"content":{"rendered":"<p> \n<\/p>\n<div>\n<p>Artistas y otras personalidades del mundo del entretenimiento venezolano se unieron a la celebraci\u00f3n por la l\u00edder de la oposici\u00f3n venezolana Mar\u00eda Corina Machado, a quien le fue otorgado este viernes el Premio Nobel de la Paz 2025.<\/p>\n<p>Machado fue reconocida \u201cpor su incansable labor en la promoci\u00f3n de los derechos democr\u00e1ticos del pueblo venezolano y por su lucha por lograr una transici\u00f3n justa y pac\u00edfica de la dictadura a la democracia\u201d, anunci\u00f3 el Comit\u00e9 Nobel noruego, con sede en Oslo.<\/p>\n<p>Tras el anuncio, las reacciones fueron inmediatas. Personalidades de todos los \u00e1mbitos felicitaron a la l\u00edder de la oposici\u00f3n venezolana.<\/p>\n<p>En el \u00e1mbito del entretenimiento, el mensaje de Danny Ocean fue uno de los m\u00e1s destacados. El cantante de <em>Y Rehuso<\/em> expres\u00f3 su orgullo por lo que representa el reconocimiento de Mar\u00eda Corina Machado para todos los venezolanos.<\/p>\n<p>\u201cAmanecer hoy con esta noticia es algo hist\u00f3rico, no solo el hecho de que Mar\u00eda Corina sea nuestra, no solo el hecho de que sea una mujer venezolana, no solo por su valent\u00eda y su lucha\u2026 sino por el impacto que esto har\u00e1 en el futuro\u201d, asegur\u00f3 el cantante.<\/p>\n<p>Erika de La Vega agradeci\u00f3 a Machado por representar a todos los venezolanos y destac\u00f3 su lucha incansable por la libertad.<\/p>\n<p>\u201cGracias, Mar\u00eda Corina @mariacorinamachado, no solo por representar a los venezolanos, a las mujeres, a las madres y a la lucha pol\u00edtica. A\u00fan con m\u00e1s de un a\u00f1o en clandestinidad, sigues luchando y sacrific\u00e1ndote por hacer valer el voto y el deseo de todos los venezolanos, haciendo posible demostrar la voluntad de todo un pa\u00eds ante el mundo entero con la verdad y las pruebas en la mano\u201d, expres\u00f3 De La Vega a trav\u00e9s de una publicaci\u00f3n en su cuenta de Instagram.<\/p>\n<p>La periodista Alejandra Oraa manifest\u00f3 su orgullo por el reconocimiento a Mar\u00eda Corina Machado y comparti\u00f3 una an\u00e9cdota de un encuentro con la l\u00edder de la oposici\u00f3n venezolana.<\/p>\n<p>\u201cFui una de las \u00faltimas periodistas en conversar con ella en persona, apenas dos d\u00edas antes de que tuviera que pasar a la clandestinidad. Desde entonces, sus entrevistas solo pudieron darse a trav\u00e9s de internet o por Zoom. Ese encuentro fue suficiente para descubrir a la mujer detr\u00e1s del personaje pol\u00edtico: una persona c\u00e1lida, con una fuerza serena y un carisma que llenaba el espacio\u201d, comparti\u00f3.<\/p>\n<p>El actor venezolano Edgar Ram\u00edrez comparti\u00f3 un breve mensaje en sus historias de Instagram para celebrar el logro de Machado. \u201c\u00a1Qu\u00e9 belleza! \u00a1Qu\u00e9 manera tan maravillosa de empezar el d\u00eda!\u201d, escribi\u00f3.<\/p>\n<p>El comediante Ricardo del B\u00fafalo tambi\u00e9n celebr\u00f3 el logro de Machado en sus redes sociales, donde destac\u00f3 el discurso que pronunci\u00f3 J\u00f8rgen Watne Frydnes, presidente del Comit\u00e9 Noruego del Nobel.<\/p>\n<p>\u201cEl discurso del Comit\u00e9 Noruego del Nobel de la Paz es maravilloso, debe imprimirse y repartirse por todo el pa\u00eds, escribirse en paredes, colgarse en carteleras escolares y en cualquier lugar p\u00fablico. No solo es un reconocimiento a Mar\u00eda Corina Machado como l\u00edder de un movimiento democr\u00e1tico como ninguno otro en los \u00faltimos a\u00f1os, sino tambi\u00e9n al trabajo de cientos de miles de testigos y de toda la sociedad venezolana de luchar por sus derechos fundamentales a vivir en paz\u201d, asegur\u00f3 Del B\u00fafalo.<\/p>\n<p>El comediante Jos\u00e9 Rafael Guzm\u00e1n tambi\u00e9n celebr\u00f3 el galard\u00f3n de la l\u00edder de la oposici\u00f3n venezolana y destac\u00f3 que muy pocas personas han sido reconocidas con este premio.<\/p>\n<p>\u201cEsto es de las cosas m\u00e1s bellas, primer premio Nobel venezolano. Muy pocos tienen este premio, lo tiene gente como Nelson Mandela, Madre Teresa, Martin Luther King, Obama y ahora Mar\u00eda Corina. Amor para la mujer que entiende que la paz se da en lucha\u201d, expres\u00f3 Guzm\u00e1n en su cuenta de X.<\/p>\n<p>El cantautor Ricardo Montaner le dedic\u00f3 un breve mensaje de felicitaci\u00f3n a Machado. \u201cMar\u00eda Corina, me acabas de regalar un despertar esperanzador, felicidades, representas el sentimiento de millones\u2026 Dios te bendiga hasta el final\u2026\u201d, escribi\u00f3 en su cuenta de X.<\/p>\n<p>El cantante Franco De Vita tambi\u00e9n dedic\u00f3 un breve y sentido mensaje a Mar\u00eda Corina Machado en su cuenta de Instagram: \u201cQu\u00e9 gran ejemplo le has dado al mundo entero. Los venezolanos no podemos sentirnos m\u00e1s orgullosos de ti, @mariacorinamachado Eres lo m\u00e1s grande que ha parido ese pa\u00eds\u201d.<\/p>\n<p>El escritor Leonardo Padr\u00f3n tambi\u00e9n se uni\u00f3 a la celebraci\u00f3n del Nobel. \u201c\u00a1Qu\u00e9 extraordinaria noticia! \u00a1A Mar\u00eda Corina Machado le han otorgado el premio Nobel de la Paz 2025! Una noticia que sin duda va a alegrar a todo el pa\u00eds\u201d.<\/p>\n<p>Figuras como la agrupaci\u00f3n Rawayana, que en el pasado han expresado su apoyo a Mar\u00eda Corina Machado, el cineasta Diego Vicentini, realizador de <em>Sim\u00f3n <\/em>(2023), y las actrices Mar\u00eda Gabriela de Far\u00eda y Prakriti Maduro se unieron tambi\u00e9n a la celebraci\u00f3n al compartir la noticia en sus redes sociales.<\/p>\n<\/p><\/div>\n\n","protected":false},"excerpt":{"rendered":"<p>Artistas y otras personalidades del mundo del entretenimiento venezolano se unieron a la celebraci\u00f3n por la l\u00edder de la oposici\u00f3n venezolana Mar\u00eda Corina Machado, a quien le fue otorgado este viernes el Premio Nobel de la Paz 2025. Machado fue reconocida \u201cpor su incansable labor en la promoci\u00f3n de los derechos democr\u00e1ticos del pueblo venezolano &hellip;<\/p>\n","protected":false},"author":1,"featured_media":45225,"comment_status":"open","ping_status":"open","sticky":false,"template":"","format":"standard","meta":{"fifu_image_url":"https:\/\/correodelcaroni.com\/wp-content\/uploads\/2025\/10\/ARTISTAS_NobelPaz_WEB.jpg","fifu_image_alt":"","footnotes":""},"categories":[13],"tags":[],"class_list":["post-45224","post","type-post","status-publish","format-standard","has-post-thumbnail","","category-mundo"],"_links":{"self":[{"href":"https:\/\/noticiasveraces.com\/index.php?rest_route=\/wp\/v2\/posts\/45224","targetHints":{"allow":["GET"]}}],"collection":[{"href":"https:\/\/noticiasveraces.com\/index.php?rest_route=\/wp\/v2\/posts"}],"about":[{"href":"https:\/\/noticiasveraces.com\/index.php?rest_route=\/wp\/v2\/types\/post"}],"author":[{"embeddable":true,"href":"https:\/\/noticiasveraces.com\/index.php?rest_route=\/wp\/v2\/users\/1"}],"replies":[{"embeddable":true,"href":"https:\/\/noticiasveraces.com\/index.php?rest_route=%2Fwp%2Fv2%2Fcomments&post=45224"}],"version-history":[{"count":0,"href":"https:\/\/noticiasveraces.com\/index.php?rest_route=\/wp\/v2\/posts\/45224\/revisions"}],"wp:featuredmedia":[{"embeddable":true,"href":"https:\/\/noticiasveraces.com\/index.php?rest_route=\/wp\/v2\/media\/45225"}],"wp:attachment":[{"href":"https:\/\/noticiasveraces.com\/index.php?rest_route=%2Fwp%2Fv2%2Fmedia&parent=45224"}],"wp:term":[{"taxonomy":"category","embeddable":true,"href":"https:\/\/noticiasveraces.com\/index.php?rest_route=%2Fwp%2Fv2%2Fcategories&post=45224"},{"taxonomy":"post_tag","embeddable":true,"href":"https:\/\/noticiasveraces.com\/index.php?rest_route=%2Fwp%2Fv2%2Ftags&post=45224"}],"curies":[{"name":"wp","href":"https:\/\/api.w.org\/{rel}","templated":true}]}}