{"id":45207,"date":"2025-10-10T17:00:06","date_gmt":"2025-10-10T21:00:06","guid":{"rendered":"https:\/\/noticiasveraces.com\/?p=45207"},"modified":"2025-10-10T17:00:06","modified_gmt":"2025-10-10T21:00:06","slug":"medicamentos-contra-la-caida-del-cabello-relacionados-con-el-riesgo-de-suicidio-en-varios-estudios-revision","status":"publish","type":"post","link":"https:\/\/noticiasveraces.com\/?p=45207","title":{"rendered":"Medicamentos contra la ca\u00edda del cabello relacionados con el riesgo de suicidio en varios estudios: revisi\u00f3n"},"content":{"rendered":"<p> \n<\/p>\n<div>\n<div id=\"beyondwords-wrapper\" class=\"beyondwords-wrapper\">\n<p><span class=\"label-bg\">NUEVO<\/span>\u00a1Ahora puedes escuchar los art\u00edculos de Fox News!\n  <\/p>\n<\/div>\n<p class=\"speakable\">Millones de hombres que se someten a tratamientos para la ca\u00edda del cabello pueden estar poniendo en riesgo su salud mental.<\/p>\n<p class=\"speakable\">Finasteride, un medicamento para la ca\u00edda del cabello recetado para la alopecia androgen\u00e9tica, la forma m\u00e1s com\u00fan de calvicie, se ha relacionado con un mayor riesgo de suicidio en estudios globales.<\/p>\n<p>Una revisi\u00f3n reciente realizada por el profesor Mayer Brezis de la Universidad Hebrea de Jerusal\u00e9n, publicada en The Journal of Clinical Psychiatry, sostiene que ahora hay evidencia suficiente para se\u00f1alar la depresi\u00f3n, la ansiedad y el suicidio como riesgos genuinos de la droga.<\/p>\n<p><strong><u>MEDICAMENTOS POPULARES PARA EL DOLOR DE ESPALDA VINCULADOS CON RIESGOS PARA LA SALUD CEREBRAL EN ALGUNOS PACIENTES<\/u><\/strong><\/p>\n<p>La finasterida se ha relacionado con la depresi\u00f3n y el suicidio durante m\u00e1s de 20 a\u00f1os, revel\u00f3 Brezis, llamando la atenci\u00f3n sobre la falta de acci\u00f3n por parte de los fabricantes y reguladores.<\/p>\n<p>Estas preocupaciones se plantearon en varios estudios ya en 2002. Entre 2017 y 2023 se publicaron cuatro an\u00e1lisis independientes y cuatro estudios que indicaban un \u00abaumento significativo\u00bb de la depresi\u00f3n, la ansiedad y el comportamiento suicida.<\/p>\n<div class=\"image-ct inline\">\n<div class=\"m\"><picture><source media=\"(max-width: 767px)\" srcset=\"https:\/\/a57.foxnews.com\/static.foxnews.com\/foxnews.com\/content\/uploads\/2025\/10\/343\/192\/man-depressed-hands-head.jpg?ve=1&amp;tl=1, https:\/\/a57.foxnews.com\/static.foxnews.com\/foxnews.com\/content\/uploads\/2025\/10\/686\/384\/man-depressed-hands-head.jpg?ve=1&amp;tl=1 2x\" height=\"192\" width=\"343\"><source media=\"(min-width: 768px) and (max-width: 1023px)\" srcset=\"https:\/\/a57.foxnews.com\/static.foxnews.com\/foxnews.com\/content\/uploads\/2025\/10\/672\/378\/man-depressed-hands-head.jpg?ve=1&amp;tl=1, https:\/\/a57.foxnews.com\/static.foxnews.com\/foxnews.com\/content\/uploads\/2025\/10\/1344\/756\/man-depressed-hands-head.jpg?ve=1&amp;tl=1 2x\" height=\"378\" width=\"672\"><source media=\"(min-width: 1024px) and (max-width: 1279px)\" srcset=\"https:\/\/a57.foxnews.com\/static.foxnews.com\/foxnews.com\/content\/uploads\/2025\/10\/931\/523\/man-depressed-hands-head.jpg?ve=1&amp;tl=1, https:\/\/a57.foxnews.com\/static.foxnews.com\/foxnews.com\/content\/uploads\/2025\/10\/1862\/1046\/man-depressed-hands-head.jpg?ve=1&amp;tl=1 2x\" height=\"523\" width=\"931\"><source media=\"(min-width: 1280px)\" srcset=\"https:\/\/a57.foxnews.com\/static.foxnews.com\/foxnews.com\/content\/uploads\/2025\/10\/720\/405\/man-depressed-hands-head.jpg?ve=1&amp;tl=1, https:\/\/a57.foxnews.com\/static.foxnews.com\/foxnews.com\/content\/uploads\/2025\/10\/1440\/810\/man-depressed-hands-head.jpg?ve=1&amp;tl=1 2x\" height=\"405\" width=\"720\"><img loading=\"lazy\" decoding=\"async\" src=\"https:\/\/a57.foxnews.com\/static.foxnews.com\/foxnews.com\/content\/uploads\/2025\/10\/1200\/675\/man-depressed-hands-head.jpg?ve=1&amp;tl=1\" alt=\"El hombre se sienta en el suelo con la cabeza entre las manos.\" width=\"1200\" height=\"675\"\/><\/source><\/source><\/source><\/source><\/picture><\/div>\n<div class=\"info\">\n<div class=\"caption\">\n<p><span>M\u00faltiples estudios globales han relacionado la finasterida con un aumento de la depresi\u00f3n, la ansiedad y el comportamiento suicida.<\/span> <span>(I stock)<\/span><\/p>\n<\/div>\n<\/div>\n<\/div>\n<p>\u00abHa habido, por lo tanto, un retraso de dos d\u00e9cadas en la comprensi\u00f3n de las incidencias y la gravedad de los efectos neuropsiqui\u00e1tricos, lo que permite el da\u00f1o de un medicamento prescrito para una indicaci\u00f3n cosm\u00e9tica de p\u00e9rdida de cabello\u00bb, escribi\u00f3 el autor en el estudio.<\/p>\n<p>\u00abDurante 20 a\u00f1os en todo el mundo, cientos de miles de personas pueden haber sufrido depresi\u00f3n y cientos pueden haber muerto por suicidio\u00bb.<\/p>\n<p>Los usuarios de finasterida han informado s\u00edntomas continuos incluso despu\u00e9s de suspender el medicamento, incluidos insomnio, ataques de p\u00e1nico, disfunci\u00f3n cognitiva y pensamientos suicidas.<\/p>\n<p><strong>NUEVA TERAPIA CON C\u00c9LULAS MADRE MUESTRA RESULTADOS &#8216;PROMETEDORES&#8217; PARA EL TRATAMIENTO DE LA P\u00c9RDIDA DE CABELLO EN ENSAYOS PRECL\u00cdNICOS<\/strong><\/p>\n<p>En un comunicado de prensa de la Universidad Hebrea de Jerusal\u00e9n, Brezis reiter\u00f3 que la evidencia de esta conexi\u00f3n \u00abya no es anecd\u00f3tica\u00bb.<\/p>\n<p>\u00abAhora vemos patrones consistentes en poblaciones diversas. Y las consecuencias pueden haber sido tr\u00e1gicas\u00bb, dijo.<\/p>\n<div class=\"image-ct inline\">\n<div class=\"m\"><picture><source media=\"(max-width: 767px)\" srcset=\"https:\/\/a57.foxnews.com\/static.foxnews.com\/foxnews.com\/content\/uploads\/2025\/10\/343\/192\/finasteride-hair-loss-drug.jpg?ve=1&amp;tl=1, https:\/\/a57.foxnews.com\/static.foxnews.com\/foxnews.com\/content\/uploads\/2025\/10\/686\/384\/finasteride-hair-loss-drug.jpg?ve=1&amp;tl=1 2x\" height=\"192\" width=\"343\"><source media=\"(min-width: 768px) and (max-width: 1023px)\" srcset=\"https:\/\/a57.foxnews.com\/static.foxnews.com\/foxnews.com\/content\/uploads\/2025\/10\/672\/378\/finasteride-hair-loss-drug.jpg?ve=1&amp;tl=1, https:\/\/a57.foxnews.com\/static.foxnews.com\/foxnews.com\/content\/uploads\/2025\/10\/1344\/756\/finasteride-hair-loss-drug.jpg?ve=1&amp;tl=1 2x\" height=\"378\" width=\"672\"><source media=\"(min-width: 1024px) and (max-width: 1279px)\" srcset=\"https:\/\/a57.foxnews.com\/static.foxnews.com\/foxnews.com\/content\/uploads\/2025\/10\/931\/523\/finasteride-hair-loss-drug.jpg?ve=1&amp;tl=1, https:\/\/a57.foxnews.com\/static.foxnews.com\/foxnews.com\/content\/uploads\/2025\/10\/1862\/1046\/finasteride-hair-loss-drug.jpg?ve=1&amp;tl=1 2x\" height=\"523\" width=\"931\"><source media=\"(min-width: 1280px)\" srcset=\"https:\/\/a57.foxnews.com\/static.foxnews.com\/foxnews.com\/content\/uploads\/2025\/10\/720\/405\/finasteride-hair-loss-drug.jpg?ve=1&amp;tl=1, https:\/\/a57.foxnews.com\/static.foxnews.com\/foxnews.com\/content\/uploads\/2025\/10\/1440\/810\/finasteride-hair-loss-drug.jpg?ve=1&amp;tl=1 2x\" height=\"405\" width=\"720\"><img loading=\"lazy\" decoding=\"async\" src=\"https:\/\/a57.foxnews.com\/static.foxnews.com\/foxnews.com\/content\/uploads\/2025\/10\/1200\/675\/finasteride-hair-loss-drug.jpg?ve=1&amp;tl=1\" alt=\"Un frasco de pastillas de c\u00e1psulas de finasterida. \" width=\"1200\" height=\"675\"\/><\/source><\/source><\/source><\/source><\/picture><\/div>\n<div class=\"info\">\n<div class=\"caption\">\n<p><span>Finasteride es un medicamento para la ca\u00edda del cabello que se receta para la alopecia androgen\u00e9tica.<\/span> <span>(I stock)<\/span><\/p>\n<\/div>\n<\/div>\n<\/div>\n<p>\u00abLa lecci\u00f3n es que antes de aprobar un medicamento para el mercado, los reguladores deben exigir a los fabricantes que se comprometan a realizar y divulgar estudios anal\u00edticos posteriores a la aprobaci\u00f3n, y este requisito debe hacerse cumplir\u00bb, concluy\u00f3 Brezis en la revisi\u00f3n.<\/p>\n<p>En 2011, la FDA supuestamente reconoci\u00f3 la depresi\u00f3n como un posible efecto secundario de la finasterida, a\u00f1adiendo las tendencias suicidas en 2022.<\/p>\n<p><strong><u>HAGA CLIC AQU\u00cd PARA OBTENER LA APLICACI\u00d3N FOX NEWS<\/u><\/strong><\/p>\n<p>La agencia registr\u00f3 18 suicidios relacionados con finasterida en 2011, aunque Brezis argument\u00f3 que el n\u00famero deber\u00eda haber \u00aboscilado entre miles\u00bb.<\/p>\n<p>En una declaraci\u00f3n adicional enviada a Fox News Digital, Brezis confirm\u00f3 que los m\u00e9dicos frecuentemente prescriben finasterida \u00absin darle importancia porque no son conscientes de sus riesgos\u00bb.<\/p>\n<div class=\"image-ct inline\">\n<div class=\"m\"><picture><source media=\"(max-width: 767px)\" srcset=\"https:\/\/a57.foxnews.com\/static.foxnews.com\/foxnews.com\/content\/uploads\/2025\/10\/343\/192\/man-bald-spot.jpg?ve=1&amp;tl=1, https:\/\/a57.foxnews.com\/static.foxnews.com\/foxnews.com\/content\/uploads\/2025\/10\/686\/384\/man-bald-spot.jpg?ve=1&amp;tl=1 2x\" height=\"192\" width=\"343\"><source media=\"(min-width: 768px) and (max-width: 1023px)\" srcset=\"https:\/\/a57.foxnews.com\/static.foxnews.com\/foxnews.com\/content\/uploads\/2025\/10\/672\/378\/man-bald-spot.jpg?ve=1&amp;tl=1, https:\/\/a57.foxnews.com\/static.foxnews.com\/foxnews.com\/content\/uploads\/2025\/10\/1344\/756\/man-bald-spot.jpg?ve=1&amp;tl=1 2x\" height=\"378\" width=\"672\"><source media=\"(min-width: 1024px) and (max-width: 1279px)\" srcset=\"https:\/\/a57.foxnews.com\/static.foxnews.com\/foxnews.com\/content\/uploads\/2025\/10\/931\/523\/man-bald-spot.jpg?ve=1&amp;tl=1, https:\/\/a57.foxnews.com\/static.foxnews.com\/foxnews.com\/content\/uploads\/2025\/10\/1862\/1046\/man-bald-spot.jpg?ve=1&amp;tl=1 2x\" height=\"523\" width=\"931\"><source media=\"(min-width: 1280px)\" srcset=\"https:\/\/a57.foxnews.com\/static.foxnews.com\/foxnews.com\/content\/uploads\/2025\/10\/720\/405\/man-bald-spot.jpg?ve=1&amp;tl=1, https:\/\/a57.foxnews.com\/static.foxnews.com\/foxnews.com\/content\/uploads\/2025\/10\/1440\/810\/man-bald-spot.jpg?ve=1&amp;tl=1 2x\" height=\"405\" width=\"720\"><img loading=\"lazy\" decoding=\"async\" src=\"https:\/\/a57.foxnews.com\/static.foxnews.com\/foxnews.com\/content\/uploads\/2025\/10\/1200\/675\/man-bald-spot.jpg?ve=1&amp;tl=1\" alt=\"hombre tocando su calva\" width=\"1200\" height=\"675\"\/><\/source><\/source><\/source><\/source><\/picture><\/div>\n<div class=\"info\">\n<div class=\"caption\">\n<p><span>\u00abMi recomendaci\u00f3n para pacientes y m\u00e9dicos: mant\u00e9nganse alejados de este medicamento\u00bb, dijo el investigador.<\/span> <span>(I stock)<\/span><\/p>\n<\/div>\n<\/div>\n<\/div>\n<p>\u00abLos j\u00f3venes a menudo lo contraen a trav\u00e9s de Internet sin darse cuenta de que puede causar ansiedad, depresi\u00f3n e incluso pensamientos suicidas, adem\u00e1s de deterioro sexual\u00bb, dijo. \u00abDesafortunadamente, estos efectos adversos pueden persistir despu\u00e9s de suspender el medicamento.<\/p>\n<p><strong><u>HAGA CLIC AQU\u00cd PARA SUSCRIBIRSE A NUESTRO BOLET\u00cdN DE SALUD<\/u><\/strong><\/p>\n<p>\u00abMi recomendaci\u00f3n para pacientes y m\u00e9dicos: mant\u00e9nganse alejados de este medicamento\u00bb, dijo. \u00abMi recomendaci\u00f3n a la FDA: s\u00e1quelo del mercado\u00bb.<\/p>\n<p>Seg\u00fan se informa, la finasterida fue inventada por la compa\u00f1\u00eda biofarmac\u00e9utica Merck, que fabrica el medicamento bajo las marcas Proscar y Propecia. Otras empresas producen versiones gen\u00e9ricas de finasterida.<\/p>\n<blockquote class=\"pull-quote\">\n<p class=\"quote-text\">\u00abOrganon respalda la seguridad y eficacia de sus productos de finasterida\u00bb.<\/p>\n<p> <!----><\/p><\/blockquote>\n<p>Organon, anteriormente parte de Merck, es el fabricante de Propecia y Proscar, dos productos de finasterida. La compa\u00f1\u00eda proporcion\u00f3 la siguiente declaraci\u00f3n a Fox News Digital.<\/p>\n<p>\u00abOrganon respalda la seguridad y eficacia de sus productos de finasterida. Las agencias reguladoras de todo el mundo revisaron minuciosamente los datos de seguridad y eficacia de estos medicamentos antes de su aprobaci\u00f3n y, junto con Organon, han seguido revisando datos adicionales de seguridad y eficacia en las d\u00e9cadas que estos productos han estado en el mercado como parte del riguroso y rutinario proceso de vigilancia poscomercializaci\u00f3n\u00bb.<\/p>\n<p>La empresa anima a los pacientes a hablar con sus m\u00e9dicos si tienen alguna pregunta o inquietud sobre su salud o sus medicamentos.<\/p>\n<p><i><strong><u>Para m\u00e1s art\u00edculos de salud, visite <\/u><\/strong><\/i><i><strong><u>www.foxnews.com\/health.<\/u><\/strong><\/i><\/p>\n<p>Un portavoz del Departamento de Salud y Servicios Humanos de EE. UU. tambi\u00e9n intervino sobre los hallazgos en una declaraci\u00f3n a Fox News Digital.<\/p>\n<p>\u00abLa FDA aconseja a los pacientes que discutan los riesgos y beneficios potenciales con sus proveedores de atenci\u00f3n m\u00e9dica antes de usar cualquier producto farmac\u00e9utico\u00bb, se lee en el comunicado. \u00abEsto es particularmente importante ya que la FDA no ha aprobado ning\u00fan producto t\u00f3pico de finasterida, que se ha asociado con numerosos efectos adversos informados a la agencia\u00bb.<\/p>\n<p> <!----> <\/p>\n<div class=\"article-meta\">\n<div class=\"author-bio\">\n<p>Angelica Stabile es reportera de estilo de vida de Fox News Digital.<\/p>\n<\/div>\n<\/div>\n<\/div>\n\n","protected":false},"excerpt":{"rendered":"<p>NUEVO\u00a1Ahora puedes escuchar los art\u00edculos de Fox News! Millones de hombres que se someten a tratamientos para la ca\u00edda del cabello pueden estar poniendo en riesgo su salud mental. Finasteride, un medicamento para la ca\u00edda del cabello recetado para la alopecia androgen\u00e9tica, la forma m\u00e1s com\u00fan de calvicie, se ha relacionado con un mayor riesgo &hellip;<\/p>\n","protected":false},"author":1,"featured_media":45209,"comment_status":"open","ping_status":"open","sticky":false,"template":"","format":"standard","meta":{"fifu_image_url":"https:\/\/a57.foxnews.com\/static.foxnews.com\/foxnews.com\/content\/uploads\/2025\/10\/1200\/675\/man-depressed-hands-head.jpg?ve=1&tl=1","fifu_image_alt":"","footnotes":""},"categories":[8],"tags":[],"class_list":["post-45207","post","type-post","status-publish","format-standard","has-post-thumbnail","","category-salud"],"_links":{"self":[{"href":"https:\/\/noticiasveraces.com\/index.php?rest_route=\/wp\/v2\/posts\/45207","targetHints":{"allow":["GET"]}}],"collection":[{"href":"https:\/\/noticiasveraces.com\/index.php?rest_route=\/wp\/v2\/posts"}],"about":[{"href":"https:\/\/noticiasveraces.com\/index.php?rest_route=\/wp\/v2\/types\/post"}],"author":[{"embeddable":true,"href":"https:\/\/noticiasveraces.com\/index.php?rest_route=\/wp\/v2\/users\/1"}],"replies":[{"embeddable":true,"href":"https:\/\/noticiasveraces.com\/index.php?rest_route=%2Fwp%2Fv2%2Fcomments&post=45207"}],"version-history":[{"count":0,"href":"https:\/\/noticiasveraces.com\/index.php?rest_route=\/wp\/v2\/posts\/45207\/revisions"}],"wp:featuredmedia":[{"embeddable":true,"href":"https:\/\/noticiasveraces.com\/index.php?rest_route=\/wp\/v2\/media\/45209"}],"wp:attachment":[{"href":"https:\/\/noticiasveraces.com\/index.php?rest_route=%2Fwp%2Fv2%2Fmedia&parent=45207"}],"wp:term":[{"taxonomy":"category","embeddable":true,"href":"https:\/\/noticiasveraces.com\/index.php?rest_route=%2Fwp%2Fv2%2Fcategories&post=45207"},{"taxonomy":"post_tag","embeddable":true,"href":"https:\/\/noticiasveraces.com\/index.php?rest_route=%2Fwp%2Fv2%2Ftags&post=45207"}],"curies":[{"name":"wp","href":"https:\/\/api.w.org\/{rel}","templated":true}]}}