{"id":45166,"date":"2025-10-10T09:16:39","date_gmt":"2025-10-10T13:16:39","guid":{"rendered":"https:\/\/noticiasveraces.com\/?p=45166"},"modified":"2025-10-10T09:16:39","modified_gmt":"2025-10-10T13:16:39","slug":"kylian-mbappe-real-madrid-defiende-a-lamine-yamal-barcelona-explosivas-declaraciones-curiosidades-de-futbol","status":"publish","type":"post","link":"https:\/\/noticiasveraces.com\/?p=45166","title":{"rendered":"Kylian Mbapp\u00e9 [Real Madrid] defiende a Lamine Yamal [Barcelona]: explosivas declaraciones | Curiosidades de f\u00fatbol"},"content":{"rendered":"<p> \n<br \/><img decoding=\"async\" src=\"https:\/\/www.futbolred.com\/files\/article_graphic\/uploads\/2025\/10\/09\/68e8421f66c83.jpeg\" \/><\/p>\n<div id=\"cuerpoArticulo\">\n<p class=\"texto intro cnx-companion-firstparagraph\" id=\"p256712-m309-308-310\">Kylian Mbapp\u00e9 se olvid\u00f3 de cualquier rivalidad con Lamine Yamal, pues ambos son s\u00edmbolos opuestos, de Real Madrid y FC Barcelona, respectivamente; para defender al  joven extremo por las cr\u00edticas que ha recibido por su vida personal.<\/p>\n<p>El delantero franc\u00e9s habl\u00f3 con Jorge Valdano, en el programa \u2018Universo Valdano\u2019, y en un adelanto de la entrevista se vio c\u00f3mo Kylian fue contundente a la hora de hablar del joven Yamal.<\/p>\n<p class=\"texto contenido-parrafo-articulo cnx-companion-paragraph\" id=\"p256712-m346-3-347\">\u201cYo pienso que se ve que \u00e9l tiene la pasi\u00f3n por el f\u00fatbol y es lo \u00fanico que no tiene que perder, la pasi\u00f3n por el f\u00fatbol. <b>El resto es su vida y la gente habla mucho de su vida personal, de sus cosas. Yo creo que la gente tiene que dejarle en paz<\/b>tiene que aceptar que en el f\u00fatbol es un gran jugador, pero en la vida es un chico de 18 a\u00f1os. Y <b>con 18 a\u00f1os todo el mundo hace errores, hay cosas que hace bien, que hace mal<\/b>\u201d, coment\u00f3 Mbapp\u00e9.<\/p>\n<p>El galo a\u00f1adi\u00f3: \u201cAl final \u00e9l va a tener su experiencia de vida, <b>va a saber lo que es bueno para \u00e9l, lo que es malo. Al final tenemos \u00fanicamente que mirar lo que hace en el campo<\/b>el resto no es importante si no es grave\u201d.<\/p>\n<p>Para finalizar, el jugador del Real Madrid coment\u00f3 sobre el extremo del FC Barcelona: \u201ces un jugador que tiene un gran talento y espero que vaya a tener si camino como \u00e9l lo quiere y le deseo mucha suerte\u201d.<\/p>\n<\/div>\n\n","protected":false},"excerpt":{"rendered":"<p>Kylian Mbapp\u00e9 se olvid\u00f3 de cualquier rivalidad con Lamine Yamal, pues ambos son s\u00edmbolos opuestos, de Real Madrid y FC Barcelona, respectivamente; para defender al joven extremo por las cr\u00edticas que ha recibido por su vida personal. El delantero franc\u00e9s habl\u00f3 con Jorge Valdano, en el programa \u2018Universo Valdano\u2019, y en un adelanto de la &hellip;<\/p>\n","protected":false},"author":1,"featured_media":45168,"comment_status":"open","ping_status":"open","sticky":false,"template":"","format":"standard","meta":{"fifu_image_url":"https:\/\/www.futbolred.com\/files\/og_thumbnail\/uploads\/2025\/10\/09\/68e8421f66c83.jpeg","fifu_image_alt":"","footnotes":""},"categories":[6],"tags":[],"class_list":["post-45166","post","type-post","status-publish","format-standard","has-post-thumbnail","","category-deportes"],"_links":{"self":[{"href":"https:\/\/noticiasveraces.com\/index.php?rest_route=\/wp\/v2\/posts\/45166","targetHints":{"allow":["GET"]}}],"collection":[{"href":"https:\/\/noticiasveraces.com\/index.php?rest_route=\/wp\/v2\/posts"}],"about":[{"href":"https:\/\/noticiasveraces.com\/index.php?rest_route=\/wp\/v2\/types\/post"}],"author":[{"embeddable":true,"href":"https:\/\/noticiasveraces.com\/index.php?rest_route=\/wp\/v2\/users\/1"}],"replies":[{"embeddable":true,"href":"https:\/\/noticiasveraces.com\/index.php?rest_route=%2Fwp%2Fv2%2Fcomments&post=45166"}],"version-history":[{"count":0,"href":"https:\/\/noticiasveraces.com\/index.php?rest_route=\/wp\/v2\/posts\/45166\/revisions"}],"wp:featuredmedia":[{"embeddable":true,"href":"https:\/\/noticiasveraces.com\/index.php?rest_route=\/wp\/v2\/media\/45168"}],"wp:attachment":[{"href":"https:\/\/noticiasveraces.com\/index.php?rest_route=%2Fwp%2Fv2%2Fmedia&parent=45166"}],"wp:term":[{"taxonomy":"category","embeddable":true,"href":"https:\/\/noticiasveraces.com\/index.php?rest_route=%2Fwp%2Fv2%2Fcategories&post=45166"},{"taxonomy":"post_tag","embeddable":true,"href":"https:\/\/noticiasveraces.com\/index.php?rest_route=%2Fwp%2Fv2%2Ftags&post=45166"}],"curies":[{"name":"wp","href":"https:\/\/api.w.org\/{rel}","templated":true}]}}