{"id":45144,"date":"2025-10-10T03:36:19","date_gmt":"2025-10-10T07:36:19","guid":{"rendered":"https:\/\/noticiasveraces.com\/?p=45144"},"modified":"2025-10-10T03:36:19","modified_gmt":"2025-10-10T07:36:19","slug":"venezuela-pide-reunion-urgente-del-consejo-de-seguridad","status":"publish","type":"post","link":"https:\/\/noticiasveraces.com\/?p=45144","title":{"rendered":"Venezuela pide reuni\u00f3n urgente del Consejo de Seguridad"},"content":{"rendered":"<p> \n<\/p>\n<div>\n<p>El tema principal del panorama noticioso es, obviamente, la amenaza guerrerista de Estados Unidos contra Venezuela. Te cuento los \u00faltimos acontecimientos.<\/p>\n<p>El gobierno venezolano solicit\u00f3 al Consejo de Seguridad de la ONU, que es la principal instancia de ese organismo, que haga una reuni\u00f3n urgente para abordar la cuesti\u00f3n, determinar la existencia de una amenaza a la paz y formular recomendaciones para frenar los planes de agresi\u00f3n en curso por parte de Estados Unidos.<\/p>\n<p>Una de las frases m\u00e1s preocupantes de la carta que envi\u00f3 el embajador venezolano en Naciones Unidas es la que sugiere que un ataque sobre territorio venezolano se podr\u00eda dar pronto:<\/p>\n<p><strong>\u00ab<em>Esta misiva, a partir de informaci\u00f3n probada, razonable y objetiva, confirma que un ataque armado por parte de los Estados Unidos de Am\u00e9rica contra la Rep\u00fablica Bolivariana de Venezuela puede ocurrir en un muy corto plazo. La movilizaci\u00f3n militar en curso, la escalada de las acciones hostiles y provocadoras, y la ret\u00f3rica cada vez m\u00e1s incendiaria as\u00ed lo confirman\u00bb.<\/em><\/strong><\/p>\n<p>Venezuela advirti\u00f3 que si los gringos se atreven a cometer la locura de atacarnos, esto \u201ctendr\u00eda grandes repercusiones sobre la paz, la estabilidad y la seguridad de toda la regi\u00f3n latinoamericana y caribe\u00f1a, induciendo incluso un incremento en el fen\u00f3meno migratorio y propiciando, adem\u00e1s, caldos de cultivo para otros deleznables flagelos, incluyendo el terrorismo, el extremismo violento y el mercenarismo\u201d.<\/p>\n<p>Al mismo tiempo que Venezuela realiza esta gesti\u00f3n diplom\u00e1tica, el gobierno de Granada inform\u00f3 que Estados Unidos le solicit\u00f3 instalar un sistema de radar militar en el principal aeropuerto de la isla. As\u00ed mismo, hay informaciones sobre la presencia de helic\u00f3pteros militares gringos en Trinidad y Tobago.<\/p>\n<p>Pero Venezuela no est\u00e1 sola. China se pronunci\u00f3 diciendo que \u201cEstados Unidos debe detener de inmediato las acciones correspondientes y evitar que la situaci\u00f3n escale a\u00fan m\u00e1s\u201d y Cuba convoc\u00f3 una movilizaci\u00f3n internacional en repudio de agresi\u00f3n de EEUU a Venezuela. Por su parte, Gustavo Petro, presidente de Colombia, sugiri\u00f3 que Catar podr\u00eda mediar entre Venezuela y Estados Unidos para ver si los gringos abandonan la idea de atacarnos.<\/p>\n<h2 class=\"wp-block-heading\">Emergencia clim\u00e1tica<\/h2>\n<figure class=\"wp-block-image\"><img decoding=\"async\" class=\"lazyload\" src=\"https:\/\/substackcdn.com\/image\/fetch\/$s_!XknU!,w_1456,c_limit,f_auto,q_auto:good,fl_progressive:steep\/https%3A%2F%2Fsubstack-post-media.s3.amazonaws.com%2Fpublic%2Fimages%2F2a2e8efb-5e3a-4730-8133-e12d0990efe5_696x446.jpeg\" alt=\"\"\/><img decoding=\"async\" class=\"lazyload\" src=\"https:\/\/substackcdn.com\/image\/fetch\/$s_!XknU!,w_1456,c_limit,f_auto,q_auto:good,fl_progressive:steep\/https%3A%2F%2Fsubstack-post-media.s3.amazonaws.com%2Fpublic%2Fimages%2F2a2e8efb-5e3a-4730-8133-e12d0990efe5_696x446.jpeg\" alt=\"\"\/><\/figure>\n<p>Mientras tanto, el presidente Nicol\u00e1s Maduro particip\u00f3 ayer en el Congreso Mundial en Defensa de la Madre Tierra. Ah\u00ed estuvieron debatiendo m\u00e1s de tres mil participantes entre l\u00edderes, activistas, movimientos sociales, ambientalistas, cient\u00edficos, acad\u00e9micos, estudiantes, consejos ecosocialistas y representantes del poder popular.<\/p>\n<p>Maduro alert\u00f3 que los supremacistas, la extrema derecha mundial liderada por Trump, han logrado que la emergencia clim\u00e1tica sea m\u00e1s dram\u00e1tica, pese a las evidencias contundentes de la vida diaria, se han dado a la tarea en negar que exista una crisis .<\/p>\n<p><em><strong>\u201cNo esperamos nada de ellos\u201d.<\/strong><\/em><\/p>\n<h2 class=\"wp-block-heading\">Venezuela en el escenario geopol\u00edtico<\/h2>\n<p>Por su parte, la vicepresidenta Delcy Rodr\u00edguez particip\u00f3 en el XIV Foro Internacional del Gas de San Petersburgo 2025. All\u00ed explic\u00f3 c\u00f3mo Venezuela es un \u00e1rea extraordinaria para las inversiones en la industria del gas, ya que el crecimiento de la demanda de gas en Am\u00e9rica Latina y el Caribe se proyecta en 132%.<\/p>\n<p><strong><em>\u201cVenezuela tiene las reservas de gas m\u00e1s grandes de este hemisferio y actualmente se encamina a su certificaci\u00f3n como la \u2018cuarta reserva de gas m\u00e1s grande del mundo\u2019\u201d<\/em><\/strong><\/p>\n<h2 class=\"wp-block-heading\">El dato<\/h2>\n<p>Seg\u00fan informaci\u00f3n del Ministerio de Relaciones Interiores con los 219 migrantes venezolanos que llegaron ayer, ya pasan los 14 mil repatriados con Vuelta a la Patria. En este \u00faltimo vuelo vinieron 93 mujeres, 64 hombres y 121 ni\u00f1os.<\/p>\n<h2 class=\"wp-block-heading\">La foto<\/h2>\n<figure class=\"wp-block-image\"><img decoding=\"async\" class=\"lazyload\" src=\"https:\/\/substackcdn.com\/image\/fetch\/$s_!nrqB!,w_1456,c_limit,f_auto,q_auto:good,fl_progressive:steep\/https%3A%2F%2Fsubstack-post-media.s3.amazonaws.com%2Fpublic%2Fimages%2F6f7032ec-b878-47bb-b4bb-0760697b27b4_696x464.png\" alt=\"\"\/><img decoding=\"async\" class=\"lazyload\" src=\"https:\/\/substackcdn.com\/image\/fetch\/$s_!nrqB!,w_1456,c_limit,f_auto,q_auto:good,fl_progressive:steep\/https%3A%2F%2Fsubstack-post-media.s3.amazonaws.com%2Fpublic%2Fimages%2F6f7032ec-b878-47bb-b4bb-0760697b27b4_696x464.png\" alt=\"\"\/><\/figure>\n<p>El papa Le\u00f3n XIV recibi\u00f3 en audiencia privada al arzobispo venezolano Ra\u00fal Biord, en v\u00edsperas de la canonizaci\u00f3n de los Jos\u00e9 Gregorio Hern\u00e1ndez y Carmen Rendiles, que ser\u00e1 el domingo 19 de octubre. El Papa se mostr\u00f3 muy contento al recibir dos esculturas con las im\u00e1genes de los santos venezolanos elaboradas por el artista Juan Carlos Granadillo.<\/p>\n<p>Por cierto, en Venezuela los actos previos a la canonizaci\u00f3n comenzar\u00e1n el mi\u00e9rcoles 15 de octubre.<\/p>\n<h2 class=\"wp-block-heading\">Tipo de cambio<\/h2>\n<p>El Banco Central de Venezuela inform\u00f3 que las mesas de cambio de ayer arrojaron un promedio de<strong> 193,29 bol\u00edvares por d\u00f3lar.<\/strong> Recuerda que esta es la \u00fanica tasa v\u00e1lida para cualquier transacci\u00f3n del d\u00eda de hoy.<\/p>\n<figure class=\"wp-block-image\"><img decoding=\"async\" class=\"lazyload\" src=\"https:\/\/substackcdn.com\/image\/fetch\/$s_!e1oA!,w_1456,c_limit,f_auto,q_auto:good,fl_progressive:steep\/https%3A%2F%2Fsubstack-post-media.s3.amazonaws.com%2Fpublic%2Fimages%2Fa8ddbc3a-a2b7-436b-8963-66b1710422e9_1440x1440.webp\" alt=\"Puede ser una imagen de texto que diga \" bcv=\"\" banco=\"\" central=\"\" de=\"\" venezuela=\"\" o=\"\" cambio=\"\" referencia=\"\" eltipo=\"\" publicado=\"\" por=\"\" el=\"\" es=\"\" promedio=\"\" ponderado=\"\" resultante=\"\" las=\"\" operaciones=\"\" diarias=\"\" mesas=\"\" activas=\"\" instituciones=\"\" bancarias=\"\" participantes.=\"\" p=\"\" bs=\"\" eur=\"\" cny=\"\" try=\"\" rub=\"\" usd=\"\" fecha=\"\" valor:=\"\" viernes=\"\" octubre=\"\" www.bc=\"\" www.bcv.org.ve=\"\" venezucla=\"\" https:=\"\" title=\"Puede ser una imagen de texto que diga \"\/><img decoding=\"async\" class=\"lazyload\" src=\"https:\/\/substackcdn.com\/image\/fetch\/$s_!e1oA!,w_1456,c_limit,f_auto,q_auto:good,fl_progressive:steep\/https%3A%2F%2Fsubstack-post-media.s3.amazonaws.com%2Fpublic%2Fimages%2Fa8ddbc3a-a2b7-436b-8963-66b1710422e9_1440x1440.webp\" alt=\"Puede ser una imagen de texto que diga \" bcv=\"\" banco=\"\" central=\"\" de=\"\" venezuela=\"\" o=\"\" cambio=\"\" referencia=\"\" eltipo=\"\" publicado=\"\" por=\"\" el=\"\" es=\"\" promedio=\"\" ponderado=\"\" resultante=\"\" las=\"\" operaciones=\"\" diarias=\"\" mesas=\"\" activas=\"\" instituciones=\"\" bancarias=\"\" participantes.=\"\" p=\"\" bs=\"\" eur=\"\" cny=\"\" try=\"\" rub=\"\" usd=\"\" fecha=\"\" valor:=\"\" viernes=\"\" octubre=\"\" www.bc=\"\" www.bcv.org.ve=\"\" venezucla=\"\" https:=\"\" title=\"Puede ser una imagen de texto que diga \"\/><\/figure>\n<h2 class=\"wp-block-heading\">Avanza la paz en Gaza<\/h2>\n<p>La noticia internacional es que se declar\u00f3 un alto al fuego en Gaza que se supone debe entrar en vigencia ya. Sin embargo, el ej\u00e9rcito genocida sigui\u00f3 bombardeando a \u00faltima hora, como para no perder la oportunidad, y mat\u00f3 por lo menos a 21 personas e hiri\u00f3 a otras 50.<\/p>\n<p>Los negociadores de Hamas y del estado sionista, asesino, genocida, terrorista, racista, fascista, torturador, cobarde y criminal de Israel aprobaron la primera parte del plan propuesto por Estados Unidos, lo cual permiti\u00f3 el alto al fuego. Hamas dijo que \u201crecibi\u00f3 garant\u00edas\u201d de que se cumplir\u00e1 el acuerdo.<\/p>\n<figure class=\"wp-block-video\"><video controls=\"\" src=\"https:\/\/ultimasnoticias.com.ve\/wp-content\/uploads\/2025\/10\/hamas.mp4\"\/><\/figure>\n<p>Seg\u00fan eso, Hamas entregar\u00e1 todos los rehenes que tiene y el r\u00e9gimen sionista entregar\u00e1 tambi\u00e9n a un mont\u00f3n de rehenes palestinos. Se permitir\u00e1 el ingreso de ayuda humanitaria a Gaza. Adem\u00e1s, el ej\u00e9rcito genocida se tiene que replegar, es decir, retroceder en el territorio de Gaza que ha tomado. Sin embargo, esas l\u00edneas acordadas le permitir\u00e1n mantener el control de 53% del territorio. O sea, igual se habr\u00e1n quedado con la mayor\u00eda de Gaza. Mira este mapa que muestra c\u00f3mo el r\u00e9gimen del delincuente pr\u00f3fugo de la justicia internacional Benjam\u00edn Netanyahu ha tomado casi todo el territorio de Gaza desde octubre de 2023:<\/p>\n<figure class=\"wp-block-video\"><video controls=\"\" src=\"https:\/\/ultimasnoticias.com.ve\/wp-content\/uploads\/2025\/10\/mapa-2.mp4\"\/><\/figure>\n<h2 class=\"wp-block-heading\">\ud83d\udcfa Con\u00e9ctate ya con la nueva televisi\u00f3n<\/h2>\n<p>Y para que no te pierdas de nada, aqu\u00ed te dejo el enlace al noticiero de <strong><em>un24.tv, tu canal streaming con Venezuela en directo.<\/em><\/strong><\/p>\n<figure class=\"wp-block-embed is-type-video is-provider-youtube wp-block-embed-youtube wp-embed-aspect-16-9 wp-has-aspect-ratio\">\n<p> <iframe loading=\"lazy\" title=\"Noticiero UN24\" width=\"618\" height=\"348\" src=\"https:\/\/www.youtube.com\/embed\/O93EOUYRtjY?feature=oembed\" frameborder=\"0\" allow=\"accelerometer; autoplay; clipboard-write; encrypted-media; gyroscope; picture-in-picture; web-share\" referrerpolicy=\"strict-origin-when-cross-origin\" allowfullscreen><\/iframe><\/p>\n<\/figure>\n<h4 class=\"wp-block-heading\">\ud83d\udc49 Suscr\u00edbete aqu\u00ed al nuevo canal de Telegram de El Informante \ud83d\udcf2<\/h4>\n<p>Feliz fin. Seguimos informados. Recuerda que para mantenerte al d\u00eda, todo el d\u00eda, lo \u00fanico que tienes que hacer es conectarte con ultimasnoticias.com.ve, (@UNoticias) en X, TikTok, Threads, Facebook, Instagram, LinkedIn y tambi\u00e9n en nuestro canal de Telegram (@UNoticias). Te invito adem\u00e1s a \u00a1leer el diario impreso! Busca ya tu ejemplar de <strong>\u00daltimas Noticias.<\/strong><\/p>\n<p><strong>Y no te olvides de que la nueva televisi\u00f3n<\/strong> est\u00e1 en <strong>ONU24<\/strong><strong>,<\/strong> en directo por YouTube, NetUno Go, Inter Go, Aba TV Go, Roku, FireTV, Rumble, Twitch, Facebook y Telegram, o baj\u00e1ndote la app para Android.<\/p>\n<p>Nos leemos de nuevo el lunes por la ma\u00f1ana.<\/p>\n<h4 class=\"wp-block-heading\">\u00c1ngel \u270c<\/h4>\n<\/div>\n<p><script async src=\"\/\/www.instagram.com\/embed.js\"><\/script><script async src=\"\/\/www.tiktok.com\/embed.js\"><\/script><br \/>\n<br \/>\n","protected":false},"excerpt":{"rendered":"<p>El tema principal del panorama noticioso es, obviamente, la amenaza guerrerista de Estados Unidos contra Venezuela. Te cuento los \u00faltimos acontecimientos. El gobierno venezolano solicit\u00f3 al Consejo de Seguridad de la ONU, que es la principal instancia de ese organismo, que haga una reuni\u00f3n urgente para abordar la cuesti\u00f3n, determinar la existencia de una amenaza &hellip;<\/p>\n","protected":false},"author":1,"featured_media":45146,"comment_status":"open","ping_status":"open","sticky":false,"template":"","format":"standard","meta":{"fifu_image_url":"https:\/\/ultimasnoticias.com.ve\/wp-content\/uploads\/2025\/04\/comunicado-Venezuela-1-1.jpg","fifu_image_alt":"","footnotes":""},"categories":[4],"tags":[],"class_list":["post-45144","post","type-post","status-publish","format-standard","has-post-thumbnail","","category-historias-destacadas"],"_links":{"self":[{"href":"https:\/\/noticiasveraces.com\/index.php?rest_route=\/wp\/v2\/posts\/45144","targetHints":{"allow":["GET"]}}],"collection":[{"href":"https:\/\/noticiasveraces.com\/index.php?rest_route=\/wp\/v2\/posts"}],"about":[{"href":"https:\/\/noticiasveraces.com\/index.php?rest_route=\/wp\/v2\/types\/post"}],"author":[{"embeddable":true,"href":"https:\/\/noticiasveraces.com\/index.php?rest_route=\/wp\/v2\/users\/1"}],"replies":[{"embeddable":true,"href":"https:\/\/noticiasveraces.com\/index.php?rest_route=%2Fwp%2Fv2%2Fcomments&post=45144"}],"version-history":[{"count":0,"href":"https:\/\/noticiasveraces.com\/index.php?rest_route=\/wp\/v2\/posts\/45144\/revisions"}],"wp:featuredmedia":[{"embeddable":true,"href":"https:\/\/noticiasveraces.com\/index.php?rest_route=\/wp\/v2\/media\/45146"}],"wp:attachment":[{"href":"https:\/\/noticiasveraces.com\/index.php?rest_route=%2Fwp%2Fv2%2Fmedia&parent=45144"}],"wp:term":[{"taxonomy":"category","embeddable":true,"href":"https:\/\/noticiasveraces.com\/index.php?rest_route=%2Fwp%2Fv2%2Fcategories&post=45144"},{"taxonomy":"post_tag","embeddable":true,"href":"https:\/\/noticiasveraces.com\/index.php?rest_route=%2Fwp%2Fv2%2Ftags&post=45144"}],"curies":[{"name":"wp","href":"https:\/\/api.w.org\/{rel}","templated":true}]}}