{"id":45110,"date":"2025-10-09T21:29:27","date_gmt":"2025-10-10T01:29:27","guid":{"rendered":"https:\/\/noticiasveraces.com\/?p=45110"},"modified":"2025-10-09T21:29:27","modified_gmt":"2025-10-10T01:29:27","slug":"foro-penal-contabilizo-841-presos-politicos-97-de-ellos-extranjeros","status":"publish","type":"post","link":"https:\/\/noticiasveraces.com\/?p=45110","title":{"rendered":"Foro Penal contabiliz\u00f3 841 presos pol\u00edticos, 97 de ellos extranjeros"},"content":{"rendered":"<p> \n<\/p>\n<div>\n<p>La ONG <strong>Foro Penal contabiliza en Venezuela 841 presos pol\u00edticos, de los cuales 97 tienen otra ciudadan\u00eda o doble nacionalidad, <\/strong>seg\u00fan un bolet\u00edn difundido este jueves 9 de octubre, que tiene como fecha de corte el pasado 6 de octubre.<\/p>\n<p>En el reporte, publicado en la red social X, la organizaci\u00f3n no gubernamental detall\u00f3 que<strong> entre los detenidos hay 738 hombres y 103 mujeres. <\/strong>El listado especifica que 837 son adultos y cuatro adolescentes de entre 14 y 17 a\u00f1os.<\/p>\n<blockquote data-service=\"twitter\" data-category=\"marketing\" data-placeholder-image=\"https:\/\/eldiario.com\/wp-content\/plugins\/complianz-gdpr\/assets\/images\/placeholders\/twitter-minimal.jpg\" class=\"cmplz-placeholder-element twitter-tweet\">\n<p lang=\"es\" dir=\"ltr\">escala de <a href=\"https:\/\/twitter.com\/hashtag\/PresosPoliticos?src=hash&amp;ref_src=twsrc%5Etfw\">#PresosPol\u00edticos<\/a> en Venezuela al 06\/10\/2025 por \ud835\uddd9\ud835\uddfc\ud835\uddff\ud835\uddfc \ud835\udde3\ud835\uddf2\ud835\uddfb\ud835\uddee\ud835\uddf9:<\/p>\n<p>Tarifa: 841*<br \/>Desde la semana pasada<\/p>\n<p>Hombres: 738<br \/>Mujeres: 103<\/p>\n<p>Civiles: 668<br \/>Militar: 173<\/p>\n<p>Adultos: 837<br \/>Adolescentes: 4<\/p>\n<p>Encarcelados: 3<br \/>Excarcelados: 0\u2026 <a href=\"https:\/\/t.co\/ffsktBPDQx\">pic.twitter.com\/ffsktBPDQx<\/a><\/p>\n<p>\u2014 Foro Penal (@ForoPenal) <a href=\"https:\/\/twitter.com\/ForoPenal\/status\/1976390576204620221?ref_src=twsrc%5Etfw\">9 de octubre de 2025<\/a><\/p><\/blockquote>\n<p>Del total, <strong>668 son civiles y 173 militares, indic\u00f3 Foro Penal,<\/strong> que subray\u00f3 que este listado \u00abno incluye, todav\u00eda, a todos los que han sido arrestados y liberados o se mantienen bajo arresto a corto plazo (48 horas)\u00bb.<\/p>\n<p><strong>La mayor\u00eda de los detenidos fueron capturados despu\u00e9s de las presidenciales de julio de 2024<\/strong>en las que el ente electoral -controlado por el chavismo- proclam\u00f3 como ganador al actual presidente de Venezuela, Nicol\u00e1s Maduro, pese a las denuncias de \u00abfraude\u00bb de la oposici\u00f3n mayoritaria, agrupada en la Plataforma Unitaria Democr\u00e1tica (PUD).<\/p>\n<p>Tanto Maduro como el fiscal general, Tarek William Saab, niegan que en el pa\u00eds haya personas detenidas por motivos pol\u00edticos, sino que -aseguran- cometieron delitos, una afirmaci\u00f3n que rechazan varias ONG y l\u00edderes opositores.<\/p>\n<h2 class=\"wp-block-heading\" id=\"h-piden-libertad-de-presos-politicos-en-visperas-de-la-canonizacion\"><strong>Piden libertad de presos pol\u00edticos en v\u00edsperas de la canonizaci\u00f3n<\/strong><\/h2>\n<p>Varias organizaciones y activistas han hecho un <strong>llamado para que el pr\u00f3ximo 19 de octubre se celebre la canonizaci\u00f3n del m\u00e9dico Jos\u00e9 Gregorio Hern\u00e1ndez y la religiosa Carmen Rendiles <\/strong>sin presos pol\u00edticos en el pa\u00eds suramericano, un pedido al que se sum\u00f3 el martes 7 de octubre la Conferencia Episcopal Venezolana. <\/p>\n<figure class=\"wp-block-image size-large\"><picture fetchpriority=\"high\" decoding=\"async\" class=\"wp-image-820207\"><source type=\"image\/webp\" sizes=\"(max-width: 1200px) 100vw, 1200px\" nitro-lazy-srcset=\"https:\/\/eldiario.com\/nitropack_static\/DWpklAePbJBFiBKvuTtiGMLbtJlHUqWt\/assets\/images\/optimized\/rev-4610e21\/eldiario.com\/wp-content\/uploads\/2025\/10\/f80d33b5c36e7e97fc427c8a4c5e1ab817e863a9-1200x800.jpg.webp 1200w, https:\/\/eldiario.com\/nitropack_static\/DWpklAePbJBFiBKvuTtiGMLbtJlHUqWt\/assets\/images\/optimized\/rev-4610e21\/eldiario.com\/wp-content\/uploads\/2025\/10\/f80d33b5c36e7e97fc427c8a4c5e1ab817e863a9-300x200.jpg.webp 300w, https:\/\/eldiario.com\/nitropack_static\/DWpklAePbJBFiBKvuTtiGMLbtJlHUqWt\/assets\/images\/optimized\/rev-4610e21\/eldiario.com\/wp-content\/uploads\/2025\/10\/f80d33b5c36e7e97fc427c8a4c5e1ab817e863a9-768x512.jpg.webp 768w, https:\/\/eldiario.com\/nitropack_static\/DWpklAePbJBFiBKvuTtiGMLbtJlHUqWt\/assets\/images\/optimized\/rev-4610e21\/eldiario.com\/wp-content\/uploads\/2025\/10\/f80d33b5c36e7e97fc427c8a4c5e1ab817e863a9-1536x1024.jpg.webp 1536w, https:\/\/eldiario.com\/nitropack_static\/DWpklAePbJBFiBKvuTtiGMLbtJlHUqWt\/assets\/images\/optimized\/rev-4610e21\/eldiario.com\/wp-content\/uploads\/2025\/10\/f80d33b5c36e7e97fc427c8a4c5e1ab817e863a9-330x220.jpg.webp 330w, https:\/\/eldiario.com\/nitropack_static\/DWpklAePbJBFiBKvuTtiGMLbtJlHUqWt\/assets\/images\/optimized\/rev-4610e21\/eldiario.com\/wp-content\/uploads\/2025\/10\/f80d33b5c36e7e97fc427c8a4c5e1ab817e863a9-420x280.jpg.webp 420w, https:\/\/eldiario.com\/nitropack_static\/DWpklAePbJBFiBKvuTtiGMLbtJlHUqWt\/assets\/images\/optimized\/rev-4610e21\/eldiario.com\/wp-content\/uploads\/2025\/10\/f80d33b5c36e7e97fc427c8a4c5e1ab817e863a9-615x410.jpg.webp 615w, https:\/\/eldiario.com\/nitropack_static\/DWpklAePbJBFiBKvuTtiGMLbtJlHUqWt\/assets\/images\/optimized\/rev-4610e21\/eldiario.com\/wp-content\/uploads\/2025\/10\/f80d33b5c36e7e97fc427c8a4c5e1ab817e863a9-860x574.jpg.webp 860w, https:\/\/eldiario.com\/nitropack_static\/DWpklAePbJBFiBKvuTtiGMLbtJlHUqWt\/assets\/images\/optimized\/rev-4610e21\/eldiario.com\/wp-content\/uploads\/2025\/10\/f80d33b5c36e7e97fc427c8a4c5e1ab817e863a9-150x100.jpg.webp 150w, https:\/\/eldiario.com\/nitropack_static\/DWpklAePbJBFiBKvuTtiGMLbtJlHUqWt\/assets\/images\/optimized\/rev-4610e21\/eldiario.com\/wp-content\/uploads\/2025\/10\/f80d33b5c36e7e97fc427c8a4c5e1ab817e863a9.jpg.webp 1600w\" nitro-lazy-empty=\"\" id=\"ODI0OjExOTU=-1\" srcset=\"data:image\/svg+xml;nitro-empty-id=ODI0OjExOTU=-1;base64,PHN2ZyB2aWV3Qm94PSIwIDAgMTIwMCA4MDAiIHdpZHRoPSIxMjAwIiBoZWlnaHQ9IjgwMCIgeG1sbnM9Imh0dHA6Ly93d3cudzMub3JnLzIwMDAvc3ZnIj48L3N2Zz4=\"\/><img fetchpriority=\"high\" width=\"1200\" height=\"800\" alt=\"Devotos honraron a Jos\u00e9 Gregorio Hern\u00e1ndez y Carmen Rendiles en una ruta nocturna\" sizes=\"(max-width: 1200px) 100vw, 1200px\" srcset=\"https:\/\/eldiario.com\/nitropack_static\/DWpklAePbJBFiBKvuTtiGMLbtJlHUqWt\/assets\/images\/optimized\/rev-4610e21\/eldiario.com\/wp-content\/uploads\/2025\/10\/f80d33b5c36e7e97fc427c8a4c5e1ab817e863a9-1200x800.jpg 1200w, https:\/\/eldiario.com\/nitropack_static\/DWpklAePbJBFiBKvuTtiGMLbtJlHUqWt\/assets\/images\/optimized\/rev-4610e21\/eldiario.com\/wp-content\/uploads\/2025\/10\/f80d33b5c36e7e97fc427c8a4c5e1ab817e863a9-300x200.jpg 300w, https:\/\/eldiario.com\/nitropack_static\/DWpklAePbJBFiBKvuTtiGMLbtJlHUqWt\/assets\/images\/optimized\/rev-4610e21\/eldiario.com\/wp-content\/uploads\/2025\/10\/f80d33b5c36e7e97fc427c8a4c5e1ab817e863a9-768x512.jpg 768w, https:\/\/eldiario.com\/nitropack_static\/DWpklAePbJBFiBKvuTtiGMLbtJlHUqWt\/assets\/images\/optimized\/rev-4610e21\/eldiario.com\/wp-content\/uploads\/2025\/10\/f80d33b5c36e7e97fc427c8a4c5e1ab817e863a9-1536x1024.jpg 1536w, https:\/\/eldiario.com\/nitropack_static\/DWpklAePbJBFiBKvuTtiGMLbtJlHUqWt\/assets\/images\/optimized\/rev-4610e21\/eldiario.com\/wp-content\/uploads\/2025\/10\/f80d33b5c36e7e97fc427c8a4c5e1ab817e863a9-330x220.jpg 330w, https:\/\/eldiario.com\/nitropack_static\/DWpklAePbJBFiBKvuTtiGMLbtJlHUqWt\/assets\/images\/optimized\/rev-4610e21\/eldiario.com\/wp-content\/uploads\/2025\/10\/f80d33b5c36e7e97fc427c8a4c5e1ab817e863a9-420x280.jpg 420w, https:\/\/eldiario.com\/nitropack_static\/DWpklAePbJBFiBKvuTtiGMLbtJlHUqWt\/assets\/images\/optimized\/rev-4610e21\/eldiario.com\/wp-content\/uploads\/2025\/10\/f80d33b5c36e7e97fc427c8a4c5e1ab817e863a9-615x410.jpg 615w, https:\/\/eldiario.com\/nitropack_static\/DWpklAePbJBFiBKvuTtiGMLbtJlHUqWt\/assets\/images\/optimized\/rev-4610e21\/eldiario.com\/wp-content\/uploads\/2025\/10\/f80d33b5c36e7e97fc427c8a4c5e1ab817e863a9-860x574.jpg 860w, https:\/\/eldiario.com\/nitropack_static\/DWpklAePbJBFiBKvuTtiGMLbtJlHUqWt\/assets\/images\/optimized\/rev-4610e21\/eldiario.com\/wp-content\/uploads\/2025\/10\/f80d33b5c36e7e97fc427c8a4c5e1ab817e863a9-150x100.jpg 150w, https:\/\/eldiario.com\/nitropack_static\/DWpklAePbJBFiBKvuTtiGMLbtJlHUqWt\/assets\/images\/optimized\/rev-4610e21\/eldiario.com\/wp-content\/uploads\/2025\/10\/f80d33b5c36e7e97fc427c8a4c5e1ab817e863a9.jpg 1600w\" src=\"https:\/\/eldiario.com\/nitropack_static\/DWpklAePbJBFiBKvuTtiGMLbtJlHUqWt\/assets\/images\/optimized\/rev-4610e21\/eldiario.com\/wp-content\/uploads\/2025\/10\/f80d33b5c36e7e97fc427c8a4c5e1ab817e863a9-1200x800.jpg\" class=\"nitro-lazy\" decoding=\"async\" nitro-lazy-empty=\"\" id=\"ODI1OjEzODY=-1\"\/> <\/picture><figcaption class=\"wp-element-caption\">Foto: EFE\/ Ronald Pe\u00f1a R<\/figcaption><\/figure>\n<p>La CEV inst\u00f3 al gobierno de Nicol\u00e1s Maduro a<strong> otorgar \u201cmedidas de gracia\u201d que permitan la liberaci\u00f3n de los presos pol\u00edticos<\/strong> del pa\u00eds, en el contexto de la<strong> canonizaci\u00f3n de Jos\u00e9 Gregorio Hern\u00e1ndez y la Madre Carmen Rendiles, <\/strong>quienes ser\u00e1n los primeros santos venezolanos reconocidos oficialmente en el calendario universal de la Iglesia cat\u00f3lica.<\/p>\n<p>En su mensaje pastoral, los obispos<strong> insistieron que este evento \u201cno puede reducirse a gestos externos de j\u00fabilo\u201d, sino que debe motivar \u201cuna reflexi\u00f3n profunda\u201d <\/strong>sobre la realidad actual y el porvenir de Venezuela, inspirada en las virtudes de los nuevos santos.<\/p>\n<p><strong>\u201cEl doctor Jos\u00e9 Gregorio Hern\u00e1ndez y la Madre Carmen Rendiles fueron artesanos de la paz y la esperanza,<\/strong> su canonizaci\u00f3n debe llevarnos a trabajar decididamente para que esa paz se haga presente en el coraz\u00f3n de todos los venezolanos\u201d, expres\u00f3 la CEV en comunicado difundido el 7 de octubre.<\/p>\n<p>La organizaci\u00f3n religiosa tambi\u00e9n alert\u00f3 que los discursos o<strong> actitudes \u201cbelicistas\u201d, as\u00ed como los intentos de utilizar la figura de los santos para pol\u00edtica. <\/strong>A su juicio, \u201censombrecen el sentido profundo de la canonizaci\u00f3n\u201d.<\/p>\n<p><em>\u201cEste contenido incluye informaci\u00f3n suministrada por la Agencia EFE. Editado, verificado y contextualizado por el equipo editorial de <strong>El Diario<\/strong>. Conoce nuestra pol\u00edtica sobre el uso de contenidos de EFE<\/em><em> <\/em>aqu\u00ed.<em>\u00ab<\/em><\/p>\n<\/p><\/div>\n<p><script async src=\"https:\/\/platform.twitter.com\/widgets.js\" charset=\"utf-8\"><\/script><br \/>\n<br \/>\n","protected":false},"excerpt":{"rendered":"<p>La ONG Foro Penal contabiliza en Venezuela 841 presos pol\u00edticos, de los cuales 97 tienen otra ciudadan\u00eda o doble nacionalidad, seg\u00fan un bolet\u00edn difundido este jueves 9 de octubre, que tiene como fecha de corte el pasado 6 de octubre. En el reporte, publicado en la red social X, la organizaci\u00f3n no gubernamental detall\u00f3 que &hellip;<\/p>\n","protected":false},"author":1,"featured_media":45112,"comment_status":"open","ping_status":"open","sticky":false,"template":"","format":"standard","meta":{"fifu_image_url":"https:\/\/eldiario.com\/wp-content\/uploads\/2025\/04\/e3060934a714e016568dfd6212b8886dc3f5b23e.jpg","fifu_image_alt":"","footnotes":""},"categories":[4],"tags":[],"class_list":["post-45110","post","type-post","status-publish","format-standard","has-post-thumbnail","","category-historias-destacadas"],"_links":{"self":[{"href":"https:\/\/noticiasveraces.com\/index.php?rest_route=\/wp\/v2\/posts\/45110","targetHints":{"allow":["GET"]}}],"collection":[{"href":"https:\/\/noticiasveraces.com\/index.php?rest_route=\/wp\/v2\/posts"}],"about":[{"href":"https:\/\/noticiasveraces.com\/index.php?rest_route=\/wp\/v2\/types\/post"}],"author":[{"embeddable":true,"href":"https:\/\/noticiasveraces.com\/index.php?rest_route=\/wp\/v2\/users\/1"}],"replies":[{"embeddable":true,"href":"https:\/\/noticiasveraces.com\/index.php?rest_route=%2Fwp%2Fv2%2Fcomments&post=45110"}],"version-history":[{"count":0,"href":"https:\/\/noticiasveraces.com\/index.php?rest_route=\/wp\/v2\/posts\/45110\/revisions"}],"wp:featuredmedia":[{"embeddable":true,"href":"https:\/\/noticiasveraces.com\/index.php?rest_route=\/wp\/v2\/media\/45112"}],"wp:attachment":[{"href":"https:\/\/noticiasveraces.com\/index.php?rest_route=%2Fwp%2Fv2%2Fmedia&parent=45110"}],"wp:term":[{"taxonomy":"category","embeddable":true,"href":"https:\/\/noticiasveraces.com\/index.php?rest_route=%2Fwp%2Fv2%2Fcategories&post=45110"},{"taxonomy":"post_tag","embeddable":true,"href":"https:\/\/noticiasveraces.com\/index.php?rest_route=%2Fwp%2Fv2%2Ftags&post=45110"}],"curies":[{"name":"wp","href":"https:\/\/api.w.org\/{rel}","templated":true}]}}