{"id":45103,"date":"2025-10-09T19:36:50","date_gmt":"2025-10-09T23:36:50","guid":{"rendered":"https:\/\/noticiasveraces.com\/?p=45103"},"modified":"2025-10-09T19:36:50","modified_gmt":"2025-10-09T23:36:50","slug":"maduro-no-hay-respuesta-global-ante-la-crisis-ambiental","status":"publish","type":"post","link":"https:\/\/noticiasveraces.com\/?p=45103","title":{"rendered":"Maduro: no hay respuesta global ante la crisis ambiental"},"content":{"rendered":"<p> \n<\/p>\n<div>\n<p>El presidente de la Rep\u00fablica, Nicol\u00e1s Maduro, se incorpor\u00f3 este jueves al Congreso Mundial en Defensa de la Madre Tierra, luego de que fuera instalado en la ma\u00f1ana en la ciudad de Caracas.<\/p>\n<p>Este encuentro internacional re\u00fane a m\u00e1s de tres mil participantes entre l\u00edderes, activistas, movimientos sociales, ambientalistas, cient\u00edficos, acad\u00e9micos, estudiantes, consejos ecosocialistas y representantes del poder popular.<\/p>\n<p>Durante su intervenci\u00f3n, el jefe de Estado, desde el Teatro Municipal de  Caracas, envi\u00f3 un saludo \u00absolidario y ecosocialista\u00bb, en especial a los invitados internacionales de 63 pa\u00edses, representados por cient\u00edficos, luchadores sociales.<\/p>\n<p>Hizo menci\u00f3n de las corrientes ambientalistas ecologistas que despertaron la conciencia  en la humanidad sobre las amenazas al planeta.<\/p>\n<p>El primer mandatario nacional se refiri\u00f3 a las ponencias que se realizaron en el transcurso del desarrollo del Congreso, precisando que quienes son m\u00e1s afectados por la emergencia clim\u00e1tica son los pobres.<\/p>\n<p>Puntualiz\u00f3 que Venezuela se consolida como el \u00abepicentro de una esperanza\u00bb.<\/p>\n<p>Dijo que pese a las numerosas cumbres que se han realizado y el surgimiento de los poderosos movimientos, no hay una respuesta global a la crisis clim\u00e1tica.<\/p>\n<p>Se\u00f1al\u00f3 que hay una \u00aboperaci\u00f3n de silencio\u00bb y no hay respuestas ni fondos para mitigar las condiciones de los pueblos del mundo.<\/p>\n<p>Subray\u00f3 que no hay acciones concretas para cortar el proceso de contaminaci\u00f3n de la tierra y de los mares.<\/p>\n<p>\u00abNo hay respuesta global (\u2026) Han surgido poderosos movimientos, y creo que se ha creado una conciencia mundial que apunta hacia un consenso de que hay que hacer algo, hay que hacer algo urgente y tenemos que hacer algo entre todos los pa\u00edses del mundo\u00bb, expres\u00f3.<\/p>\n<h2 class=\"wp-block-heading\">Supremacistas y diplomacia de enga\u00f1o<\/h2>\n<p>Alert\u00f3 que  los  \u00absupremacistas\u00bb han logrado que la situaci\u00f3n sea m\u00e1s dram\u00e1tica, en cuanto a la emergencia clim\u00e1tica, ya que pese a las evidencias contundentes de la vida diaria, se han dado a la tarea en negar que exista una crisis .<\/p>\n<p>\u00abNo esperamos nada de ellos\u00bb advirti\u00f3, al tiempo que podr\u00edan m\u00e1s bien agravar la crisis y dijo que usan la \u00abdiplomacia de enga\u00f1o\u00bb por lo cual se amerita construir una nueva sociedad reconstruyendo la humanidad.<\/p>\n<p>Cuestion\u00f3 que lo acordado en la Cumbre de Copenhague, conocida como COP15, y llevada a cabo en el 2009, buscaba un acuerdo sobre el cambio clim\u00e1tico, pero no hubo un resultado contundente, tal como ha sucedido despu\u00e9s de otras reuniones internacionales.<\/p>\n<p>\u00ab\u00bfD\u00f3nde est\u00e1 el Acuerdo de Par\u00eds? \u00bfD\u00f3nde est\u00e1n las propuestas realizadas en Copenhague? \u00bfD\u00f3nde est\u00e1n los fondos para invertir y mitigar la calidad de vida de los pueblos del mundo? \u00bfD\u00f3nde est\u00e1n las sanciones concretas y verificables para frenar el proceso de contaminaci\u00f3n general del ambiente, de la Tierra y de los mares?\u00bb, pregunt\u00f3.<\/p>\n<p>Llam\u00f3 a \u00abimpactar a las redes, a las paredes\u00bb, solicitando \u00abjusticia clim\u00e1tica\u00bb, al tiempo que se pronunci\u00f3 por la necesidad de preparar una nueva agenda de acci\u00f3n conjunta, con propuestas a implementar, que contemple la agricultura agroecol\u00f3gica y regenerativa, tal como se ha llegado a concretar en Venezuela.<\/p>\n<p>Plante\u00f3 la necesidad de integrar experiencias en educaci\u00f3n y \u00abviralizar los nuevos valores\u00bb para el manejo de los desechos s\u00f3lidos, la recuperaci\u00f3n de las cuencas, r\u00edos y lagos, reforestaci\u00f3n de los espacios verdes.<\/p>\n<p>\u00abHay que exigir el cumplimiento de los compromisos firmados en Copenhague. No se pueden parar a dar discursos, los que se comprometieron a bajar sus emisiones, a hacer cambios tecnol\u00f3gicos para luego no financiar ni apoyar a los pueblos\u00bb, enfatiz\u00f3 el jefe de Estado.<\/p>\n<p>Vale destacar que la ministra de Ciencia y Tecnolog\u00eda, Gabriela Jim\u00e9nez, refiri\u00f3 datos sobre la afectaci\u00f3n en cuanto a temperatura en el planeta.<\/p>\n<p>Dijo que se ha superado el umbral de 1,5 grados de temperatura en la Cuenca del Mar Caribe, lo cual conduce al aumento de ciclones.<\/p>\n<p>La Ministra explic\u00f3 que esta variabilidad clim\u00e1tica \u00abacelerada y abrupta\u00bb genera desequilibrios en los ciclos naturales de lluvia y sequ\u00eda, lo que tiene consecuencias directas en el campo venezolano.<\/p>\n<p>\u00abVemos por supuesto tambi\u00e9n una afectaci\u00f3n a la producci\u00f3n agr\u00edcola, las zonas inundables, nuestras llanuras en el estado Barinas, Portuguesa, exactamente en el per\u00edodo en donde nosotros sembramos el ma\u00edz, y todo esto afecta el rendimiento de los cultivos, ahora el estr\u00e9s h\u00eddrico por exceso\u00bb, explic\u00f3 la titular.<\/p>\n<h2 class=\"wp-block-heading\">Ponentes levantan la voz ante la crisis<\/h2>\n<p>M\u00e1s temprano durante las ponencias, la vicepresidenta sectorial de Ciencia, Tecnolog\u00eda, Educaci\u00f3n y Salud, Gabriela Jim\u00e9nez Ram\u00edrez,  se\u00f1al\u00f3 que \u00a0\u00abreconocemos a la Tierra y sus componentes como un ser vivo, con derechos inherentes como la vida, la regeneraci\u00f3n de sus ciclos vitales, la diversidad, y la vida libre de contaminaci\u00f3n\u00bb.<\/p>\n<p>En tanto, la ministra para los Pueblos Ind\u00edgenas, Clara Vidal, dijo que \u00abes el momento propicio para unificar criterios e ideas, en defensa de la Madre Tierra, porque destruirla es acabar con la historia\u00bb.<\/p>\n<p>Por su parte, el vicepresidente del Estado Plurinacional de Bolivia, David Choquehuanca, pidi\u00f3 crear mecanismos de fiscalizaci\u00f3n, transparencia y sanciones para quienes atenten contra el ambiente y apliquen acciones que impulsen la crisis clim\u00e1tica.<\/p>\n<p>El ministro para el Ecosocialismo, Ricardo Molina, plante\u00f3 que la educaci\u00f3n ambiental debe formar parte de un proceso de formaci\u00f3n transversal, en el sistema formal e informal.<\/p>\n<p>Y el coordinador del Movimiento de Trabajadores Sin Tierra de Brasil, Jo\u00e3o Pedro St\u00e9dile,  plante\u00f3 hacer el 15 de noviembre en todo el mundo una marcha de denuncia de los que est\u00e1n haciendo da\u00f1o al medioambiente, para \u201cdecir un basta a los capitalistas, a sus gobiernos y un basta al imperialismo\u201d, subray\u00f3.<\/p>\n<\/div>\n\n","protected":false},"excerpt":{"rendered":"<p>El presidente de la Rep\u00fablica, Nicol\u00e1s Maduro, se incorpor\u00f3 este jueves al Congreso Mundial en Defensa de la Madre Tierra, luego de que fuera instalado en la ma\u00f1ana en la ciudad de Caracas. Este encuentro internacional re\u00fane a m\u00e1s de tres mil participantes entre l\u00edderes, activistas, movimientos sociales, ambientalistas, cient\u00edficos, acad\u00e9micos, estudiantes, consejos ecosocialistas y &hellip;<\/p>\n","protected":false},"author":1,"featured_media":45104,"comment_status":"open","ping_status":"open","sticky":false,"template":"","format":"standard","meta":{"fifu_image_url":"https:\/\/ultimasnoticias.com.ve\/wp-content\/uploads\/2025\/10\/WhatsApp-Image-2025-10-09-at-6.36.37-PM-1.jpeg","fifu_image_alt":"","footnotes":""},"categories":[13],"tags":[],"class_list":["post-45103","post","type-post","status-publish","format-standard","has-post-thumbnail","","category-mundo"],"_links":{"self":[{"href":"https:\/\/noticiasveraces.com\/index.php?rest_route=\/wp\/v2\/posts\/45103","targetHints":{"allow":["GET"]}}],"collection":[{"href":"https:\/\/noticiasveraces.com\/index.php?rest_route=\/wp\/v2\/posts"}],"about":[{"href":"https:\/\/noticiasveraces.com\/index.php?rest_route=\/wp\/v2\/types\/post"}],"author":[{"embeddable":true,"href":"https:\/\/noticiasveraces.com\/index.php?rest_route=\/wp\/v2\/users\/1"}],"replies":[{"embeddable":true,"href":"https:\/\/noticiasveraces.com\/index.php?rest_route=%2Fwp%2Fv2%2Fcomments&post=45103"}],"version-history":[{"count":0,"href":"https:\/\/noticiasveraces.com\/index.php?rest_route=\/wp\/v2\/posts\/45103\/revisions"}],"wp:featuredmedia":[{"embeddable":true,"href":"https:\/\/noticiasveraces.com\/index.php?rest_route=\/wp\/v2\/media\/45104"}],"wp:attachment":[{"href":"https:\/\/noticiasveraces.com\/index.php?rest_route=%2Fwp%2Fv2%2Fmedia&parent=45103"}],"wp:term":[{"taxonomy":"category","embeddable":true,"href":"https:\/\/noticiasveraces.com\/index.php?rest_route=%2Fwp%2Fv2%2Fcategories&post=45103"},{"taxonomy":"post_tag","embeddable":true,"href":"https:\/\/noticiasveraces.com\/index.php?rest_route=%2Fwp%2Fv2%2Ftags&post=45103"}],"curies":[{"name":"wp","href":"https:\/\/api.w.org\/{rel}","templated":true}]}}