{"id":45096,"date":"2025-10-09T17:12:17","date_gmt":"2025-10-09T21:12:17","guid":{"rendered":"https:\/\/noticiasveraces.com\/?p=45096"},"modified":"2025-10-09T17:12:17","modified_gmt":"2025-10-09T21:12:17","slug":"activaran-la-ruta-aerea-venezuela-china-con-escala-en-rusia","status":"publish","type":"post","link":"https:\/\/noticiasveraces.com\/?p=45096","title":{"rendered":"Activar\u00e1n la ruta a\u00e9rea Venezuela-China con escala en Rusia"},"content":{"rendered":"<p> \n<\/p>\n<div>\n<p>El Consorcio Venezolano de Industrias Aeron\u00e1uticas y Servicios A\u00e9reos <strong>(Conviasa) activar\u00e1 en las pr\u00f3ximas semanas la ruta Venezuela-China con escala en Mosc\u00fa, Rusia. <\/strong><\/p>\n<div class=\"ruby-table-contents rbtoc table-fw\">\n<ul class=\"toc-content h5\">\n<li>Otras rutas internacionales de Conviasa <\/li>\n<li>Nuevas rutas internacionales desde Venezuela<\/li>\n<\/ul>\n<\/div>\n<p>De acuerdo con la informaci\u00f3n que aparece en la web de Conviasa, l<strong>os vuelos saldr\u00e1n desde el Aeropuerto Internacional Sim\u00f3n Bol\u00edvar de Maiquet\u00eda hacia Guangzhou, en China.<\/strong><\/p>\n<p>Adem\u00e1s, el canal TeleSur indic\u00f3 que el nuevo itinerario fue anunciado en el contexto de la conmemoraci\u00f3n de los 50 a\u00f1os del establecimiento de relaciones diplom\u00e1ticas entre Venezuela y China en 2024.<\/p>\n<p><strong>Para la ruta Caracas-Mosc\u00fa-Guangzhou, que operar\u00e1 cada dos semanas, se utilizar\u00e1n aeronaves Airbus A340-600.<\/strong><\/p>\n<p>Actualmente, el itinerario es visible entre las opciones de vuelos internacionales de Conviasa, sin embargo, a\u00fan <strong>no aparecen fechas para viajar los d\u00edas de viaje ni los precios de los boletos a\u00e9reos.<\/strong><\/p>\n<figure class=\"wp-block-image size-large\"><picture fetchpriority=\"high\" decoding=\"async\" class=\"wp-image-807926\"><source type=\"image\/webp\" sizes=\"(max-width: 1200px) 100vw, 1200px\" nitro-lazy-srcset=\"https:\/\/eldiario.com\/nitropack_static\/DWpklAePbJBFiBKvuTtiGMLbtJlHUqWt\/assets\/images\/optimized\/rev-4610e21\/eldiario.com\/wp-content\/uploads\/2025\/08\/conviasa-1200x900.jpg.webp 1200w, https:\/\/eldiario.com\/nitropack_static\/DWpklAePbJBFiBKvuTtiGMLbtJlHUqWt\/assets\/images\/optimized\/rev-4610e21\/eldiario.com\/wp-content\/uploads\/2025\/08\/conviasa-300x225.jpg.webp 300w, https:\/\/eldiario.com\/nitropack_static\/DWpklAePbJBFiBKvuTtiGMLbtJlHUqWt\/assets\/images\/optimized\/rev-4610e21\/eldiario.com\/wp-content\/uploads\/2025\/08\/conviasa-768x576.jpg.webp 768w, https:\/\/eldiario.com\/nitropack_static\/DWpklAePbJBFiBKvuTtiGMLbtJlHUqWt\/assets\/images\/optimized\/rev-4610e21\/eldiario.com\/wp-content\/uploads\/2025\/08\/conviasa-1536x1152.jpg.webp 1536w, https:\/\/eldiario.com\/nitropack_static\/DWpklAePbJBFiBKvuTtiGMLbtJlHUqWt\/assets\/images\/optimized\/rev-4610e21\/eldiario.com\/wp-content\/uploads\/2025\/08\/conviasa-860x645.jpg.webp 860w, https:\/\/eldiario.com\/nitropack_static\/DWpklAePbJBFiBKvuTtiGMLbtJlHUqWt\/assets\/images\/optimized\/rev-4610e21\/eldiario.com\/wp-content\/uploads\/2025\/08\/conviasa-150x113.jpg.webp 150w, https:\/\/eldiario.com\/nitropack_static\/DWpklAePbJBFiBKvuTtiGMLbtJlHUqWt\/assets\/images\/optimized\/rev-4610e21\/eldiario.com\/wp-content\/uploads\/2025\/08\/conviasa.jpg.webp 1600w\" nitro-lazy-empty=\"\" id=\"ODEzOjYzNQ==-1\" srcset=\"data:image\/svg+xml;nitro-empty-id=ODEzOjYzNQ==-1;base64,PHN2ZyB2aWV3Qm94PSIwIDAgMTIwMCA5MDAiIHdpZHRoPSIxMjAwIiBoZWlnaHQ9IjkwMCIgeG1sbnM9Imh0dHA6Ly93d3cudzMub3JnLzIwMDAvc3ZnIj48L3N2Zz4=\"\/><img fetchpriority=\"high\" width=\"1200\" height=\"900\" alt=\"Conviasa reanudar\u00e1 su conexi\u00f3n a\u00e9rea entre Apure y Caracas\" sizes=\"(max-width: 1200px) 100vw, 1200px\" srcset=\"https:\/\/eldiario.com\/nitropack_static\/DWpklAePbJBFiBKvuTtiGMLbtJlHUqWt\/assets\/images\/optimized\/rev-4610e21\/eldiario.com\/wp-content\/uploads\/2025\/08\/conviasa-1200x900.jpg 1200w, https:\/\/eldiario.com\/nitropack_static\/DWpklAePbJBFiBKvuTtiGMLbtJlHUqWt\/assets\/images\/optimized\/rev-4610e21\/eldiario.com\/wp-content\/uploads\/2025\/08\/conviasa-300x225.jpg 300w, https:\/\/eldiario.com\/nitropack_static\/DWpklAePbJBFiBKvuTtiGMLbtJlHUqWt\/assets\/images\/optimized\/rev-4610e21\/eldiario.com\/wp-content\/uploads\/2025\/08\/conviasa-768x576.jpg 768w, https:\/\/eldiario.com\/nitropack_static\/DWpklAePbJBFiBKvuTtiGMLbtJlHUqWt\/assets\/images\/optimized\/rev-4610e21\/eldiario.com\/wp-content\/uploads\/2025\/08\/conviasa-1536x1152.jpg 1536w, https:\/\/eldiario.com\/nitropack_static\/DWpklAePbJBFiBKvuTtiGMLbtJlHUqWt\/assets\/images\/optimized\/rev-4610e21\/eldiario.com\/wp-content\/uploads\/2025\/08\/conviasa-860x645.jpg 860w, https:\/\/eldiario.com\/nitropack_static\/DWpklAePbJBFiBKvuTtiGMLbtJlHUqWt\/assets\/images\/optimized\/rev-4610e21\/eldiario.com\/wp-content\/uploads\/2025\/08\/conviasa-150x113.jpg 150w, https:\/\/eldiario.com\/nitropack_static\/DWpklAePbJBFiBKvuTtiGMLbtJlHUqWt\/assets\/images\/optimized\/rev-4610e21\/eldiario.com\/wp-content\/uploads\/2025\/08\/conviasa.jpg 1600w\" src=\"https:\/\/eldiario.com\/nitropack_static\/DWpklAePbJBFiBKvuTtiGMLbtJlHUqWt\/assets\/images\/optimized\/rev-4610e21\/eldiario.com\/wp-content\/uploads\/2025\/08\/conviasa-1200x900.jpg\" class=\"nitro-lazy\" decoding=\"async\" nitro-lazy-empty=\"\" id=\"ODE0Ojc4Nw==-1\"\/> <\/picture><figcaption class=\"wp-element-caption\">Foto: Rayner Pe\u00f1a R | EFE<\/figcaption><\/figure>\n<h2 id=\"otras-rutas-internacionales-de-conviasanbsp\" class=\"rb-heading-index-0-820996 wp-block-heading\"><strong>Otras rutas internacionales de Conviasa <\/strong><\/h2>\n<p><strong>La aerol\u00ednea venezolana Conviasa dispone de 11 rutas internacionales.<\/strong> Una de las m\u00e1s recientes se activ\u00f3 en julio de 2025 con destino hacia Canc\u00fan, en M\u00e9xico.<\/p>\n<p>Se trata de dos rutas internacionales sin escala desde Maracaibo (Zulia) y Barquisimeto (Lara), con destino a la ciudad mexicana. Los vuelos iniciaron el 2 y 3 de julio con una frecuencia de uno o dos viajes por semana, dependiendo la ruta seleccionada. <\/p>\n<p>En cuanto al horario de los vuelos, desde Maracaibo la salida es a las 7:30 pm y desde Barquisimeto es a las 7:20 pm. Asimismo, la empresa explic\u00f3 que estos viajes se dar\u00e1n con aeronaves Embraer 190 y solo se tiene permitido un equipaje de una pieza de 23 kilos. <\/p>\n<p>No obstante, el equipo de <strong>El Diario <\/strong>constat\u00f3 que la web de Conviasa solo permite cotizar boletos ida y vuelta hacia Canc\u00fan desde el Aeropuerto Internacional Sim\u00f3n Bol\u00edvar de Maiquet\u00eda. Los precios oscilan entre los 350 y 400 d\u00f3lares por ticket de vuelo.<\/p>\n<p>Conviasa tambi\u00e9n tiene rutas hacia Bridgetown (Barbados), La Habana (Cuba), Managua (Nicaragua), Manaos (Brasil), Mosc\u00fa (Rusia), San Vicente y las Granadinas; y Santa Luc\u00eda (M\u00e9xico).<\/p>\n<figure class=\"wp-block-image size-large\"><picture loading=\"lazy\" decoding=\"async\" class=\"wp-image-706271\"><source type=\"image\/webp\" sizes=\"(max-width: 1200px) 100vw, 1200px\" nitro-lazy-srcset=\"https:\/\/eldiario.com\/nitropack_static\/DWpklAePbJBFiBKvuTtiGMLbtJlHUqWt\/assets\/images\/optimized\/rev-4610e21\/eldiario.com\/wp-content\/uploads\/2024\/08\/aeropuerto-internacional-simon-bolivar-de-maiquetia-2-1200x900.jpg.webp 1200w, https:\/\/eldiario.com\/nitropack_static\/DWpklAePbJBFiBKvuTtiGMLbtJlHUqWt\/assets\/images\/optimized\/rev-4610e21\/eldiario.com\/wp-content\/uploads\/2024\/08\/aeropuerto-internacional-simon-bolivar-de-maiquetia-2-300x225.jpg.webp 300w, https:\/\/eldiario.com\/nitropack_static\/DWpklAePbJBFiBKvuTtiGMLbtJlHUqWt\/assets\/images\/optimized\/rev-4610e21\/eldiario.com\/wp-content\/uploads\/2024\/08\/aeropuerto-internacional-simon-bolivar-de-maiquetia-2-768x576.jpg.webp 768w, https:\/\/eldiario.com\/nitropack_static\/DWpklAePbJBFiBKvuTtiGMLbtJlHUqWt\/assets\/images\/optimized\/rev-4610e21\/eldiario.com\/wp-content\/uploads\/2024\/08\/aeropuerto-internacional-simon-bolivar-de-maiquetia-2-1536x1152.jpg.webp 1536w, https:\/\/eldiario.com\/nitropack_static\/DWpklAePbJBFiBKvuTtiGMLbtJlHUqWt\/assets\/images\/optimized\/rev-4610e21\/eldiario.com\/wp-content\/uploads\/2024\/08\/aeropuerto-internacional-simon-bolivar-de-maiquetia-2-150x113.jpg.webp 150w, https:\/\/eldiario.com\/nitropack_static\/DWpklAePbJBFiBKvuTtiGMLbtJlHUqWt\/assets\/images\/optimized\/rev-4610e21\/eldiario.com\/wp-content\/uploads\/2024\/08\/aeropuerto-internacional-simon-bolivar-de-maiquetia-2.jpg.webp 1600w\" nitro-lazy-empty=\"\" id=\"ODQ1OjgyNQ==-1\" srcset=\"data:image\/svg+xml;nitro-empty-id=ODQ1OjgyNQ==-1;base64,PHN2ZyB2aWV3Qm94PSIwIDAgMTIwMCA5MDAiIHdpZHRoPSIxMjAwIiBoZWlnaHQ9IjkwMCIgeG1sbnM9Imh0dHA6Ly93d3cudzMub3JnLzIwMDAvc3ZnIj48L3N2Zz4=\"\/><img loading=\"lazy\" width=\"1200\" height=\"900\" alt=\"Precios de los pasajes Caracas-Bogot\u00e1 se han duplicado y sextuplicado en las \u00faltimas dos semanas\" sizes=\"auto, (max-width: 1200px) 100vw, 1200px\" srcset=\"https:\/\/eldiario.com\/nitropack_static\/DWpklAePbJBFiBKvuTtiGMLbtJlHUqWt\/assets\/images\/optimized\/rev-4610e21\/eldiario.com\/wp-content\/uploads\/2024\/08\/aeropuerto-internacional-simon-bolivar-de-maiquetia-2-1200x900.jpg 1200w, https:\/\/eldiario.com\/nitropack_static\/DWpklAePbJBFiBKvuTtiGMLbtJlHUqWt\/assets\/images\/optimized\/rev-4610e21\/eldiario.com\/wp-content\/uploads\/2024\/08\/aeropuerto-internacional-simon-bolivar-de-maiquetia-2-300x225.jpg 300w, https:\/\/eldiario.com\/nitropack_static\/DWpklAePbJBFiBKvuTtiGMLbtJlHUqWt\/assets\/images\/optimized\/rev-4610e21\/eldiario.com\/wp-content\/uploads\/2024\/08\/aeropuerto-internacional-simon-bolivar-de-maiquetia-2-768x576.jpg 768w, https:\/\/eldiario.com\/nitropack_static\/DWpklAePbJBFiBKvuTtiGMLbtJlHUqWt\/assets\/images\/optimized\/rev-4610e21\/eldiario.com\/wp-content\/uploads\/2024\/08\/aeropuerto-internacional-simon-bolivar-de-maiquetia-2-1536x1152.jpg 1536w, https:\/\/eldiario.com\/nitropack_static\/DWpklAePbJBFiBKvuTtiGMLbtJlHUqWt\/assets\/images\/optimized\/rev-4610e21\/eldiario.com\/wp-content\/uploads\/2024\/08\/aeropuerto-internacional-simon-bolivar-de-maiquetia-2-150x113.jpg 150w, https:\/\/eldiario.com\/nitropack_static\/DWpklAePbJBFiBKvuTtiGMLbtJlHUqWt\/assets\/images\/optimized\/rev-4610e21\/eldiario.com\/wp-content\/uploads\/2024\/08\/aeropuerto-internacional-simon-bolivar-de-maiquetia-2.jpg 1600w\" src=\"https:\/\/eldiario.com\/nitropack_static\/DWpklAePbJBFiBKvuTtiGMLbtJlHUqWt\/assets\/images\/optimized\/rev-4610e21\/eldiario.com\/wp-content\/uploads\/2024\/08\/aeropuerto-internacional-simon-bolivar-de-maiquetia-2-1200x900.jpg\" class=\"nitro-lazy\" decoding=\"async\" nitro-lazy-empty=\"\" id=\"ODQ2OjEwNTg=-1\"\/> <\/picture><figcaption class=\"wp-element-caption\">Foto: @IAIM_VE | Gorjeo<\/figcaption><\/figure>\n<h2 id=\"nuevas-rutas-internacionales-desde-venezuela\" class=\"rb-heading-index-1-820996 wp-block-heading\"><strong><strong>Nuevas rutas internacionales desde Venezuela<\/strong><\/strong><\/h2>\n<p>La aerol\u00ednea venezolana Avior Airlines anunci\u00f3 que desde el 12 de mayo de 2025<strong> estar\u00e1n activas las rutas desde Caracas con otros destinos internacionales a trav\u00e9s de la isla de Curazao<\/strong>. Sin embargo, la compa\u00f1\u00eda a\u00e9rea no especific\u00f3 cu\u00e1les son estos destinos.<\/p>\n<p>Avior Airlines inform\u00f3 que la frecuencia de estos vuelos ser\u00e1 de <strong>cuatro veces a la semana: lunes, jueves, viernes y domingo.<\/strong> La modalidad es ida y vuelta y consistir\u00e1 en una escala breve.<\/p>\n<p>De acuerdo con la aerol\u00ednea, los pasajeros que tomen esta ruta de Curazao podr\u00e1n llevar un equipaje de mano de 8 kilogramos dentro del avi\u00f3n, una maleta de 23 kilos en bodega y podr\u00e1n seleccionar el asiento.<\/p>\n<\/p><\/div>\n\n","protected":false},"excerpt":{"rendered":"<p>El Consorcio Venezolano de Industrias Aeron\u00e1uticas y Servicios A\u00e9reos (Conviasa) activar\u00e1 en las pr\u00f3ximas semanas la ruta Venezuela-China con escala en Mosc\u00fa, Rusia. Otras rutas internacionales de Conviasa Nuevas rutas internacionales desde Venezuela De acuerdo con la informaci\u00f3n que aparece en la web de Conviasa, los vuelos saldr\u00e1n desde el Aeropuerto Internacional Sim\u00f3n Bol\u00edvar de &hellip;<\/p>\n","protected":false},"author":1,"featured_media":45098,"comment_status":"open","ping_status":"open","sticky":false,"template":"","format":"standard","meta":{"fifu_image_url":"https:\/\/eldiario.com\/wp-content\/uploads\/2023\/07\/conviasainac.jpg","fifu_image_alt":"","footnotes":""},"categories":[13],"tags":[],"class_list":["post-45096","post","type-post","status-publish","format-standard","has-post-thumbnail","","category-mundo"],"_links":{"self":[{"href":"https:\/\/noticiasveraces.com\/index.php?rest_route=\/wp\/v2\/posts\/45096","targetHints":{"allow":["GET"]}}],"collection":[{"href":"https:\/\/noticiasveraces.com\/index.php?rest_route=\/wp\/v2\/posts"}],"about":[{"href":"https:\/\/noticiasveraces.com\/index.php?rest_route=\/wp\/v2\/types\/post"}],"author":[{"embeddable":true,"href":"https:\/\/noticiasveraces.com\/index.php?rest_route=\/wp\/v2\/users\/1"}],"replies":[{"embeddable":true,"href":"https:\/\/noticiasveraces.com\/index.php?rest_route=%2Fwp%2Fv2%2Fcomments&post=45096"}],"version-history":[{"count":0,"href":"https:\/\/noticiasveraces.com\/index.php?rest_route=\/wp\/v2\/posts\/45096\/revisions"}],"wp:featuredmedia":[{"embeddable":true,"href":"https:\/\/noticiasveraces.com\/index.php?rest_route=\/wp\/v2\/media\/45098"}],"wp:attachment":[{"href":"https:\/\/noticiasveraces.com\/index.php?rest_route=%2Fwp%2Fv2%2Fmedia&parent=45096"}],"wp:term":[{"taxonomy":"category","embeddable":true,"href":"https:\/\/noticiasveraces.com\/index.php?rest_route=%2Fwp%2Fv2%2Fcategories&post=45096"},{"taxonomy":"post_tag","embeddable":true,"href":"https:\/\/noticiasveraces.com\/index.php?rest_route=%2Fwp%2Fv2%2Ftags&post=45096"}],"curies":[{"name":"wp","href":"https:\/\/api.w.org\/{rel}","templated":true}]}}