{"id":45077,"date":"2025-10-09T13:37:38","date_gmt":"2025-10-09T17:37:38","guid":{"rendered":"https:\/\/noticiasveraces.com\/?p=45077"},"modified":"2025-10-09T13:37:38","modified_gmt":"2025-10-09T17:37:38","slug":"migrantes-arriban-al-pais-este-jueves-desde-mexico-con-el-plan-vuelta-a-la-patria-correo-del-orinoco","status":"publish","type":"post","link":"https:\/\/noticiasveraces.com\/?p=45077","title":{"rendered":"Migrantes arriban al pa\u00eds este jueves desde M\u00e9xico con el Plan Vuelta a la Patria &#8211; Correo del Orinoco"},"content":{"rendered":"<p> \n<\/p>\n<div>\n<p>Este jueves retornar\u00e1n al pa\u00eds migrantes desde M\u00e9xico a trav\u00e9s de la\u00a0Gran Misi\u00f3n Vuelta a la Patria,\u00a0as\u00ed lo anunci\u00f3 el vicepresidente sectorial de Pol\u00edtica, Seguridad Ciudadana y Paz, Capit\u00e1n\u00a0Diosdado Cabello.<\/p>\n<p>\u201cViene un vuelo adicional desde M\u00e9xico. El \u00fanico que ha ordenado viajes [del Plan Vuelta a la Patria] por todos lados es el presidente de la Rep\u00fablica Bolivariana de Venezuela, Nicol\u00e1s Maduro\u201d, dijo Cabello durante la transmisi\u00f3n del programa \u00ab<em>Con el Mazo Dando\u00bb,<\/em> que transmite Venezolana de Televisi\u00f3n (VTV).<\/p>\n<p>Record\u00f3 que en Estados Unidos los migrantes Latinoamericanos son perseguidos por el\u00a0Servicio de Inmigraci\u00f3n y Control de Aduanas\u00a0(ICE), quienes en su opini\u00f3n \u201cno escuchan razones por quien odia\u201d. Adem\u00e1s, manifest\u00f3 que los sectores opositores que promovieron la migraci\u00f3n han estado callados con respecto a lo que sucede con los connacionales en Estados Unidos y otras regiones del mundo.<\/p>\n<p>Vale acotar que, al momento de llegar al territorio venezolano,\u00a0diversos \u00f3rganos de seguridad ciudadana\u00a0brindan a los connacionales apoyo log\u00edstico y la atenci\u00f3n integral necesaria para su reintegraci\u00f3n a la vida productiva y familiar en la patria.<\/p>\n<p>La Gran Misi\u00f3n Vuelta a la Patria tiene como objetivo ofrecer el apoyo y est\u00edmulo a los migrantes venezolanos que expresaron voluntariamente su deseo de retornar a la Rep\u00fablica Bolivariana de Venezuela en atenci\u00f3n a la\u00a0situaci\u00f3n de vulnerabilidad\u00a0que presentaron en el extranjero.<\/p>\n<h6>F\/VTV<\/h6>\n<\/p><\/div>\n\n","protected":false},"excerpt":{"rendered":"<p>Este jueves retornar\u00e1n al pa\u00eds migrantes desde M\u00e9xico a trav\u00e9s de la\u00a0Gran Misi\u00f3n Vuelta a la Patria,\u00a0as\u00ed lo anunci\u00f3 el vicepresidente sectorial de Pol\u00edtica, Seguridad Ciudadana y Paz, Capit\u00e1n\u00a0Diosdado Cabello. \u201cViene un vuelo adicional desde M\u00e9xico. El \u00fanico que ha ordenado viajes [del Plan Vuelta a la Patria] por todos lados es el presidente de &hellip;<\/p>\n","protected":false},"author":1,"featured_media":45078,"comment_status":"open","ping_status":"open","sticky":false,"template":"","format":"standard","meta":{"fifu_image_url":"http:\/\/190.202.124.19\/wp-content\/uploads\/2025\/10\/retorno-migrantes.jpg","fifu_image_alt":"","footnotes":""},"categories":[13],"tags":[],"class_list":["post-45077","post","type-post","status-publish","format-standard","has-post-thumbnail","","category-mundo"],"_links":{"self":[{"href":"https:\/\/noticiasveraces.com\/index.php?rest_route=\/wp\/v2\/posts\/45077","targetHints":{"allow":["GET"]}}],"collection":[{"href":"https:\/\/noticiasveraces.com\/index.php?rest_route=\/wp\/v2\/posts"}],"about":[{"href":"https:\/\/noticiasveraces.com\/index.php?rest_route=\/wp\/v2\/types\/post"}],"author":[{"embeddable":true,"href":"https:\/\/noticiasveraces.com\/index.php?rest_route=\/wp\/v2\/users\/1"}],"replies":[{"embeddable":true,"href":"https:\/\/noticiasveraces.com\/index.php?rest_route=%2Fwp%2Fv2%2Fcomments&post=45077"}],"version-history":[{"count":0,"href":"https:\/\/noticiasveraces.com\/index.php?rest_route=\/wp\/v2\/posts\/45077\/revisions"}],"wp:featuredmedia":[{"embeddable":true,"href":"https:\/\/noticiasveraces.com\/index.php?rest_route=\/wp\/v2\/media\/45078"}],"wp:attachment":[{"href":"https:\/\/noticiasveraces.com\/index.php?rest_route=%2Fwp%2Fv2%2Fmedia&parent=45077"}],"wp:term":[{"taxonomy":"category","embeddable":true,"href":"https:\/\/noticiasveraces.com\/index.php?rest_route=%2Fwp%2Fv2%2Fcategories&post=45077"},{"taxonomy":"post_tag","embeddable":true,"href":"https:\/\/noticiasveraces.com\/index.php?rest_route=%2Fwp%2Fv2%2Ftags&post=45077"}],"curies":[{"name":"wp","href":"https:\/\/api.w.org\/{rel}","templated":true}]}}