{"id":45062,"date":"2025-10-09T09:14:21","date_gmt":"2025-10-09T13:14:21","guid":{"rendered":"https:\/\/noticiasveraces.com\/?p=45062"},"modified":"2025-10-09T09:14:21","modified_gmt":"2025-10-09T13:14:21","slug":"que-factores-tiene-a-favor-y-en-contra-donald-trump-para-ser-reconocido-con-el-premio-nobel-de-la-paz","status":"publish","type":"post","link":"https:\/\/noticiasveraces.com\/?p=45062","title":{"rendered":"Qu\u00e9 factores tiene a favor y en contra Donald Trump para ser reconocido con el premio Nobel de la Paz"},"content":{"rendered":"<p> \n<\/p>\n<div id=\"post-5810039\"><!-- .entry-header --><\/p>\n<div class=\"entry-content\">\n<p> <span rel=\"author\" class=\"fn\">en la hoja<\/span><\/p>\n<p> <time class=\"entry-date published updated\" datetime=\"2025-10-09T09:13:22-04:00\">octubre 09 2025, 9:13 am<\/time> <span class=\"spot-im-replies-count\" data-post-id=\"5810039\"\/><\/p>\n<figure id=\"attachment_5810043\" aria-describedby=\"caption-attachment-5810043\" style=\"width: 1920px\" class=\"wp-caption alignnone\"><img fetchpriority=\"high\" decoding=\"async\" onerror=\"this.onerror=null;this.src=\" https:=\"\" class=\"size-full wp-image-5810043\" src=\"https:\/\/sandia.datanubex.uk\/wp-content\/uploads\/2025\/10\/6b5d874e63cdd54988424e3b0c0e8ff8dcd9e9a7w.jpg\" alt=\"\" width=\"1920\" height=\"1280\"\/><figcaption id=\"caption-attachment-5810043\" class=\"wp-caption-text\">Los veteranos observadores del Nobel afirman que las perspectivas de Trump siguen siendo remotas a pesar de la oleada de nominaciones de alto perfil y algunas intervenciones notables en pol\u00edtica exterior de las que se ha atribuido el m\u00e9rito personal | EFE\/FRANCIS CHUNG \/ POOL<\/figcaption><\/figure>\n<\/p>\n<p>La candidatura del presidente estadounidense Donald Trump para ganar el Premio Nobel de la Paz ha atra\u00eddo a\u00fan m\u00e1s atenci\u00f3n a la especulaci\u00f3n anual sobre qui\u00e9n ser\u00e1 el pr\u00f3ximo galardonado.<\/p>\n<p>Los veteranos observadores del Nobel afirman que las perspectivas de Trump siguen siendo remotas a pesar de la oleada de nominaciones de alto perfil y algunas intervenciones notables en pol\u00edtica exterior de las que se ha atribuido el m\u00e9rito personal.<\/p>\n<p><!-- Begin Mailchimp Signup Form --><\/p>\n<div id=\"mc_embed_signup\">\n<p><label for=\"mce-EMAIL\">  \u00a1\u00danete al club ahora! Suscr\u00edbete al bolet\u00edn m\u00e1s importante de Venezuela <\/label><iframe data-test-id=\"beehiiv-embed\" height=\"52\" frameborder=\"0\" scrolling=\"no\" style=\"margin: 0; border-radius: 0px !important; &#10; background-color: transparent;\" data-src=\"https:\/\/embeds.beehiiv.com\/cdab9503-16ae-4689-ad4f-1408c727a83a?slim=true\" class=\"lazyload\"><\/iframe><\/p>\n<\/div>\n<p><!--End mc_embed_signup 2--><\/p>\n<p>Los expertos afirman que el Comit\u00e9 Noruego del Nobel suele centrarse en la perdurabilidad de la paz, la promoci\u00f3n de la fraternidad internacional y la labor discreta de las instituciones que fortalecen esos objetivos. El propio historial de Trump podr\u00eda incluso jugar en su contra, se\u00f1alaron, citando su aparente desd\u00e9n por las instituciones multilaterales y su indiferencia ante las preocupaciones sobre el cambio clim\u00e1tico global.<\/p>\n<p>Aun as\u00ed, el l\u00edder estadounidense ha buscado repetidamente la atenci\u00f3n del Nobel desde su primer mandato, la m\u00e1s reciente de las cuales declar\u00f3 ante los delegados de las Naciones Unidas a finales del mes pasado: \u201cTodos dicen que deber\u00eda recibir el Premio Nobel de la Paz\u201d.<\/p>\n<p>Trump ha afirmado repetidamente que \u201cmerece\u201d el premio y afirma haber \u201cterminado siete guerras\u201d. La semana pasada, insinu\u00f3 la posibilidad de poner fin a una octava guerra si Israel y Ham\u00e1s acordaban su plan de paz, cuyo objetivo era concluir la guerra de casi dos a\u00f1os en Gaza.<\/p>\n<p><strong>Nota completa en Infobae<\/strong><\/p>\n<\/p>\n<p>  <!-- CONTENT END 2 --><\/div>\n<p><!-- .entry-content --><\/div>\n\n","protected":false},"excerpt":{"rendered":"<p>en la hoja octubre 09 2025, 9:13 am Los veteranos observadores del Nobel afirman que las perspectivas de Trump siguen siendo remotas a pesar de la oleada de nominaciones de alto perfil y algunas intervenciones notables en pol\u00edtica exterior de las que se ha atribuido el m\u00e9rito personal | EFE\/FRANCIS CHUNG \/ POOL La candidatura &hellip;<\/p>\n","protected":false},"author":1,"featured_media":45064,"comment_status":"open","ping_status":"open","sticky":false,"template":"","format":"standard","meta":{"fifu_image_url":"https:\/\/sandia.datanubex.uk\/wp-content\/uploads\/2025\/10\/6b5d874e63cdd54988424e3b0c0e8ff8dcd9e9a7w.jpg","fifu_image_alt":"","footnotes":""},"categories":[13],"tags":[],"class_list":["post-45062","post","type-post","status-publish","format-standard","has-post-thumbnail","","category-mundo"],"_links":{"self":[{"href":"https:\/\/noticiasveraces.com\/index.php?rest_route=\/wp\/v2\/posts\/45062","targetHints":{"allow":["GET"]}}],"collection":[{"href":"https:\/\/noticiasveraces.com\/index.php?rest_route=\/wp\/v2\/posts"}],"about":[{"href":"https:\/\/noticiasveraces.com\/index.php?rest_route=\/wp\/v2\/types\/post"}],"author":[{"embeddable":true,"href":"https:\/\/noticiasveraces.com\/index.php?rest_route=\/wp\/v2\/users\/1"}],"replies":[{"embeddable":true,"href":"https:\/\/noticiasveraces.com\/index.php?rest_route=%2Fwp%2Fv2%2Fcomments&post=45062"}],"version-history":[{"count":0,"href":"https:\/\/noticiasveraces.com\/index.php?rest_route=\/wp\/v2\/posts\/45062\/revisions"}],"wp:featuredmedia":[{"embeddable":true,"href":"https:\/\/noticiasveraces.com\/index.php?rest_route=\/wp\/v2\/media\/45064"}],"wp:attachment":[{"href":"https:\/\/noticiasveraces.com\/index.php?rest_route=%2Fwp%2Fv2%2Fmedia&parent=45062"}],"wp:term":[{"taxonomy":"category","embeddable":true,"href":"https:\/\/noticiasveraces.com\/index.php?rest_route=%2Fwp%2Fv2%2Fcategories&post=45062"},{"taxonomy":"post_tag","embeddable":true,"href":"https:\/\/noticiasveraces.com\/index.php?rest_route=%2Fwp%2Fv2%2Ftags&post=45062"}],"curies":[{"name":"wp","href":"https:\/\/api.w.org\/{rel}","templated":true}]}}