{"id":45017,"date":"2025-10-09T01:53:13","date_gmt":"2025-10-09T05:53:13","guid":{"rendered":"https:\/\/noticiasveraces.com\/?p=45017"},"modified":"2025-10-09T01:53:13","modified_gmt":"2025-10-09T05:53:13","slug":"museo-nacional-de-colombia-de-las-obras-de-botero-al-liquiliqui-del-nobel-de-gabo","status":"publish","type":"post","link":"https:\/\/noticiasveraces.com\/?p=45017","title":{"rendered":"Museo Nacional de Colombia, de las obras de Botero al liquiliqui del Nobel de Gabo"},"content":{"rendered":"<p> \n<\/p>\n<div id=\"article-content\">\n<div class=\"wsw\">\n<span class=\"dateline\">BOGOT\u00c1 \u2014 <\/span><\/p>\n<p style=\"text-align: left;\">El Museo Nacional de Colombia es un destino esencial para los amantes del arte, especialmente para aquellos interesados en las obras del pintor Fernando Botero y del nobel de literatura Gabriel Garc\u00eda M\u00e1rquez.<\/p>\n<p style=\"text-align: left;\">Fundado en 1823, el Museo Nacional es el m\u00e1s antiguo del pa\u00eds y uno de los m\u00e1s antiguos de Am\u00e9rica. Pas\u00f3 por diversas sedes hasta 1948, cuando fue instalado en una antigua c\u00e1rcel colonial, donde permanece en la actualidad.<\/p>\n<p style=\"text-align: left;\">\u201cAqu\u00ed tenemos muchas colecciones muy importantes. Hay un atractivo muy relevante que tiene que ver con Botero. Botero es uno de los artistas insignes en la historia del arte colombiano, y nosotros tenemos una muy buena colecci\u00f3n del maestro, que representa principalmente el periodo expresionista\u201d, coment\u00f3 a la <em><strong>Voz de Am\u00e9rica <\/strong><\/em>Marisol Arango Pineda, Subdirectora del Museo Nacional.<\/p>\n<p style=\"text-align: left;\">En la exposici\u00f3n dedicada al artista de las voluptuosidades que lo llevaron a su reconocimiento mundial, sus obras recrean los inicios del pintor en el expresionismo abstracto hasta llegar a su sello distintivo, caracterizado por alterar el volumen de sus figuras.<\/p>\n<p style=\"text-align: left;\">\u201cEl Museo Nacional es la instituci\u00f3n museol\u00f3gica m\u00e1s importante del pa\u00eds, una de las m\u00e1s relevantes, sin desconocer que tenemos evidentemente otras, pero nuestra colecci\u00f3n es completamente valiosa para poder reconocer lo que nosotros somos como naci\u00f3n\u201d, agreg\u00f3 Arango.<\/p>\n<p style=\"text-align: left;\">El museo tambi\u00e9n incluye obras y objetos de acontecimientos que han marcado la historia del pa\u00eds, incluidos elementos de la toma del Palacio de Justicia, perpetrada por guerrilleros del Movimiento 19 de abril (M-19), as\u00ed como el \u201cbal\u00edgrafo\u201d, un bol\u00edgrafo fabricado con un casquillo de bala de fusil con el que el expresidente de Colombia, Juan Manuel Santos, y el exjefe m\u00e1ximo de las FARC, Rodrigo Londo\u00f1o, alias \u2018Timochenko\u2019, firmaron el acuerdo de paz de 2016.<\/p>\n<p style=\"text-align: left;\">Esta antigua prisi\u00f3n, dise\u00f1ada por el arquitecto constructor Thomas Reed en la d\u00e9cada de 1850, alberga 27.129 obras, entre ellas La guirnalda de Sim\u00f3n Bol\u00edvar, entregada al Libertador en Cuzco, Per\u00fa, en junio de 1825.<\/p>\n<p style=\"text-align: left;\">Entre los salones, que antes eran celdas y sitios de castigo, tambi\u00e9n se puede apreciar el liquiliqui que visti\u00f3 Gabriel Garc\u00eda M\u00e1rquez para recibir el Premio Nobel de Literatura de 1982.<\/p>\n<p style=\"text-align: left;\">\u201cEsta es una prenda de vestir popular en los Llanos que nos cuenta la historia de un momento muy colombiano y de un episodio que nos ha cambiado a todos, porque siempre hay una recordaci\u00f3n del Nobel de Gabriel Garc\u00eda M\u00e1rquez\u201d, dijo a la <em><strong>Voz de Am\u00e9rica<\/strong><\/em>  el historiador Iv\u00e1n Sierra.<\/p>\n<div class=\"wsw__embed\">\n<figure class=\"media-image js-media-expand\">\n<div class=\"img-wrap\">\n<div class=\"thumb\">\n<img decoding=\"async\" alt=\"Liquiliqui que us\u00f3 Gabriel Garc\u00eda M\u00e1rquez en la entrega del Premio Nobel de Literatura el 19 de octubre de 1982 en Estocolmo, Suecia. Fotograf\u00eda tomada el 13 de marzo de 2025. [Foto: Johan Reyes, VOA].\" src=\"https:\/\/gdb.voanews.com\/61e10849-1df1-4e07-35f6-08dd5c897904_w250_r1_s.jpg\"\/>\n<\/div>\n<\/div><figcaption>\n<span class=\"caption\">Liquiliqui que us\u00f3 Gabriel Garc\u00eda M\u00e1rquez en la entrega del Premio Nobel de Literatura el 19 de octubre de 1982 en Estocolmo, Suecia. Fotograf\u00eda tomada el 13 de marzo de 2025. [Foto: Johan Reyes, VOA].<\/span><br \/>\n<\/figcaption><\/figure>\n<\/div>\n<p style=\"text-align: left;\">El museo no solo es un s\u00edmbolo hist\u00f3rico, sino tambi\u00e9n un puente cultural. Venezolanos, peruanos, brasile\u00f1os, entre otros, llegan atra\u00eddos por su legado y su historia com\u00fan.<\/p>\n<p style=\"text-align: left;\">\u201cQuer\u00edamos estar en Colombia porque nos gusta mucho la cultura suramericana, y Colombia era un pa\u00eds que no conoc\u00edamos. El Museo Nacional es muy bonito, con esa obra maestra Cien a\u00f1os de soledad de Gabriel Garc\u00eda M\u00e1rquez\u201d, dijo a la Voz de Am\u00e9rica Carlos Arca, turista de Brasil.<\/p>\n<p style=\"text-align: left;\">Con cerca de 500.000 visitantes anuales, el museo es un tesoro que alberga piezas curiosas que guardan parte de las memorias de Colombia.<\/p>\n<p style=\"text-align: start;\"><em><strong>\u00a1Con\u00e9ctate con la Voz de Am\u00e9rica! Suscr\u00edbete a nuestros canales de <\/strong><\/em><em><strong>YouTube<\/strong><\/em><em><strong>, <\/strong><\/em><em><strong>WhatsApp<\/strong><\/em><em><strong>  y al <\/strong><\/em><em><strong>hoja informativa<\/strong><\/em><em><strong>. Activa las notificaciones y s\u00edguenos en <\/strong><\/em><em><strong>Facebook<\/strong><\/em><em><strong>, <\/strong><\/em><a class=\"wsw__a\" href=\"https:\/\/nam10.safelinks.protection.outlook.com\/?url=https%3A%2F%2Ftwitter.com%2FVozdeAmerica&amp;data=05%7C02%7Cwserrano%40voanews.com%7C0b9cfda59f52447b0ed708dc07d64451%7Cba99e87c673541c2b1c1354eee3a8659%7C0%7C0%7C638393864063639904%7CUnknown%7CTWFpbGZsb3d8eyJWIjoiMC4wLjAwMDAiLCJQIjoiV2luMzIiLCJBTiI6Ik1haWwiLCJXVCI6Mn0%3D%7C3000%7C%7C%7C&amp;sdata=unLJDFixL8cjTiSip1dC8ViP8otjrQyzq1ziP2g1PMo%3D&amp;reserved=0\"><em><strong>inc\u00f3gnita<\/strong><\/em><\/a><em><strong>  mi <\/strong><\/em><em><strong>Instagram<\/strong><\/em><em><strong>.<\/strong><\/em><\/p>\n<\/div>\n<\/div>\n<p><script async src=\"https:\/\/platform.twitter.com\/widgets.js\" charset=\"utf-8\"><\/script><script async src=\"\/\/www.instagram.com\/embed.js\"><\/script><br \/>\n<br \/>\n","protected":false},"excerpt":{"rendered":"<p>BOGOT\u00c1 \u2014 El Museo Nacional de Colombia es un destino esencial para los amantes del arte, especialmente para aquellos interesados en las obras del pintor Fernando Botero y del nobel de literatura Gabriel Garc\u00eda M\u00e1rquez. Fundado en 1823, el Museo Nacional es el m\u00e1s antiguo del pa\u00eds y uno de los m\u00e1s antiguos de Am\u00e9rica. &hellip;<\/p>\n","protected":false},"author":1,"featured_media":45019,"comment_status":"open","ping_status":"open","sticky":false,"template":"","format":"standard","meta":{"fifu_image_url":"https:\/\/gdb.voanews.com\/60f25a0e-7d1b-4777-107f-08dd5c8d307c_w1200_h630.jpg","fifu_image_alt":"","footnotes":""},"categories":[13],"tags":[],"class_list":["post-45017","post","type-post","status-publish","format-standard","has-post-thumbnail","","category-mundo"],"_links":{"self":[{"href":"https:\/\/noticiasveraces.com\/index.php?rest_route=\/wp\/v2\/posts\/45017","targetHints":{"allow":["GET"]}}],"collection":[{"href":"https:\/\/noticiasveraces.com\/index.php?rest_route=\/wp\/v2\/posts"}],"about":[{"href":"https:\/\/noticiasveraces.com\/index.php?rest_route=\/wp\/v2\/types\/post"}],"author":[{"embeddable":true,"href":"https:\/\/noticiasveraces.com\/index.php?rest_route=\/wp\/v2\/users\/1"}],"replies":[{"embeddable":true,"href":"https:\/\/noticiasveraces.com\/index.php?rest_route=%2Fwp%2Fv2%2Fcomments&post=45017"}],"version-history":[{"count":0,"href":"https:\/\/noticiasveraces.com\/index.php?rest_route=\/wp\/v2\/posts\/45017\/revisions"}],"wp:featuredmedia":[{"embeddable":true,"href":"https:\/\/noticiasveraces.com\/index.php?rest_route=\/wp\/v2\/media\/45019"}],"wp:attachment":[{"href":"https:\/\/noticiasveraces.com\/index.php?rest_route=%2Fwp%2Fv2%2Fmedia&parent=45017"}],"wp:term":[{"taxonomy":"category","embeddable":true,"href":"https:\/\/noticiasveraces.com\/index.php?rest_route=%2Fwp%2Fv2%2Fcategories&post=45017"},{"taxonomy":"post_tag","embeddable":true,"href":"https:\/\/noticiasveraces.com\/index.php?rest_route=%2Fwp%2Fv2%2Ftags&post=45017"}],"curies":[{"name":"wp","href":"https:\/\/api.w.org\/{rel}","templated":true}]}}