{"id":44992,"date":"2025-10-08T20:16:50","date_gmt":"2025-10-09T00:16:50","guid":{"rendered":"https:\/\/noticiasveraces.com\/?p=44992"},"modified":"2025-10-08T20:16:50","modified_gmt":"2025-10-09T00:16:50","slug":"dentro-del-pivote-de-poder-de-meghan-markle-en-paris-que-nadie-vio-venir-real-noticias","status":"publish","type":"post","link":"https:\/\/noticiasveraces.com\/?p=44992","title":{"rendered":"Dentro del pivote de poder de Meghan Markle en Par\u00eds que nadie vio venir | Real | Noticias"},"content":{"rendered":"<p> \n<\/p>\n<div>\n<p>Despu\u00e9s de a\u00f1os de mantener un perfil deliberadamente bajo, 2025 se ha convertido en el a\u00f1o del regreso de Meghan Markle, y cada movimiento parece intencionado. Su aparici\u00f3n de alto octanaje en la Semana de la Moda de Par\u00eds, vestida de pies a cabeza con Balenciaga, no fue s\u00f3lo una declaraci\u00f3n de estilo; fue un reingreso calculado al escenario global, definido por la precisi\u00f3n y la autoridad silenciosa.<\/p>\n<p>El look marc\u00f3 un nuevo cap\u00edtulo para la duquesa, de 44 a\u00f1os, uno que combin\u00f3 poder con moderaci\u00f3n y marc\u00f3 un cambio en c\u00f3mo quiere ser vista. Era imposible ignorar el momento de la realeza.<\/p>\n<p>Mientras circulan rumores sobre su pr\u00f3ximo proyecto de estilo de vida, el debut en primera fila de Meghan la posicion\u00f3 exactamente donde chocan la influencia, el comercio y la cultura: la moda de lujo.<\/p>\n<\/div>\n<div>\n<p>La aparici\u00f3n de Meghan en Balenciaga no fue un encuentro casual con la moda: fue pura coreograf\u00eda, un movimiento deliberado de la esposa del pr\u00edncipe Harry.<\/p>\n<p>Su sorpresivo debut en Par\u00eds se sinti\u00f3 como la escena inicial de un nuevo cap\u00edtulo, un vistazo de lo que sigue para Meghan, contado a trav\u00e9s de l\u00edneas atrevidas, confianza tranquila y<\/p>\n<p>El look elegido por la duquesa lo dec\u00eda todo: un esculpido vestido negro de Balenciaga y un elegante traje blanco que equilibraba la precisi\u00f3n con la poes\u00eda.<\/p>\n<\/div>\n<div>\n<p>Combinado con su caracter\u00edstico brazalete Cartier Love, el conjunto toc\u00f3 una nota. El tipo de claridad visual en torno al cual las marcas de lujo construyen imperios.<\/p>\n<p>Atr\u00e1s qued\u00f3 la informalidad californiana y la moderaci\u00f3n real que alguna vez definieron su guardarropa. En su lugar se encontraba una mujer que no teme a la sombra, la estructura y el control, lo que indica una evoluci\u00f3n deliberada hacia la fuerza de la moda global.<\/p>\n<p>Cada detalle, desde la silueta esculpida hasta la paleta minimalista, hablaba de una mujer que reclamaba su narrativa.<\/p>\n<\/div>\n<div>\n<p>Balenciaga, es una casa de moda definida por sus siluetas sin complejos, que se convirtieron en la met\u00e1fora perfecta de su reinvenci\u00f3n: fuerza plasmada en tela.<\/p>\n<p>Una combinaci\u00f3n perfecta tambi\u00e9n, ya que la moda siempre ha sido el lenguaje de rebeli\u00f3n silenciosa de Meghan.<\/p>\n<p>Su momento en Par\u00eds insinuaba que algo m\u00e1s grande estaba tomando forma. Una fusi\u00f3n deliberada de imagen, ambici\u00f3n y iniciativa que marca el comienzo de su pr\u00f3ximo y poderoso cap\u00edtulo.<\/p>\n<\/div>\n<div>\n<p>Desde el desarrollo de su propia etiqueta de vino y mermeladas hasta los planes para un programa de cocina y estilo de vida, el resurgimiento creativo de Meghan parece estar cobrando impulso bajo el silencioso resurgimiento de su marca, The Tig. <\/p>\n<p>Su renovado enfoque en la moda y el dise\u00f1o ahora parece el primer acto de una estrategia empresarial m\u00e1s amplia. Uno que desdibuja las l\u00edneas entre lujo, estilo de vida e influencia.<\/p>\n<p>Par\u00eds no fue un regreso; fue una declaraci\u00f3n. Un recordatorio de que Meghan Markle no se viste para llamar la atenci\u00f3n, sino para recibir direcci\u00f3n.<\/p>\n<\/div>\n\n","protected":false},"excerpt":{"rendered":"<p>Despu\u00e9s de a\u00f1os de mantener un perfil deliberadamente bajo, 2025 se ha convertido en el a\u00f1o del regreso de Meghan Markle, y cada movimiento parece intencionado. Su aparici\u00f3n de alto octanaje en la Semana de la Moda de Par\u00eds, vestida de pies a cabeza con Balenciaga, no fue s\u00f3lo una declaraci\u00f3n de estilo; fue un &hellip;<\/p>\n","protected":false},"author":1,"featured_media":44993,"comment_status":"open","ping_status":"open","sticky":false,"template":"","format":"standard","meta":{"fifu_image_url":"https:\/\/cdn.images.express.co.uk\/img\/dynamic\/106\/1200x630\/6474943.jpg","fifu_image_alt":"","footnotes":""},"categories":[763],"tags":[],"class_list":["post-44992","post","type-post","status-publish","format-standard","has-post-thumbnail","","category-estilo-de-vida"],"_links":{"self":[{"href":"https:\/\/noticiasveraces.com\/index.php?rest_route=\/wp\/v2\/posts\/44992","targetHints":{"allow":["GET"]}}],"collection":[{"href":"https:\/\/noticiasveraces.com\/index.php?rest_route=\/wp\/v2\/posts"}],"about":[{"href":"https:\/\/noticiasveraces.com\/index.php?rest_route=\/wp\/v2\/types\/post"}],"author":[{"embeddable":true,"href":"https:\/\/noticiasveraces.com\/index.php?rest_route=\/wp\/v2\/users\/1"}],"replies":[{"embeddable":true,"href":"https:\/\/noticiasveraces.com\/index.php?rest_route=%2Fwp%2Fv2%2Fcomments&post=44992"}],"version-history":[{"count":0,"href":"https:\/\/noticiasveraces.com\/index.php?rest_route=\/wp\/v2\/posts\/44992\/revisions"}],"wp:featuredmedia":[{"embeddable":true,"href":"https:\/\/noticiasveraces.com\/index.php?rest_route=\/wp\/v2\/media\/44993"}],"wp:attachment":[{"href":"https:\/\/noticiasveraces.com\/index.php?rest_route=%2Fwp%2Fv2%2Fmedia&parent=44992"}],"wp:term":[{"taxonomy":"category","embeddable":true,"href":"https:\/\/noticiasveraces.com\/index.php?rest_route=%2Fwp%2Fv2%2Fcategories&post=44992"},{"taxonomy":"post_tag","embeddable":true,"href":"https:\/\/noticiasveraces.com\/index.php?rest_route=%2Fwp%2Fv2%2Ftags&post=44992"}],"curies":[{"name":"wp","href":"https:\/\/api.w.org\/{rel}","templated":true}]}}