{"id":44987,"date":"2025-10-08T20:13:01","date_gmt":"2025-10-09T00:13:01","guid":{"rendered":"https:\/\/noticiasveraces.com\/?p=44987"},"modified":"2025-10-08T20:13:01","modified_gmt":"2025-10-09T00:13:01","slug":"boluarte-dice-que-la-migracion-ilegal-fortalecio-la-delincuencia-en-peru-albertonews","status":"publish","type":"post","link":"https:\/\/noticiasveraces.com\/?p=44987","title":{"rendered":"Boluarte dice que la migraci\u00f3n ilegal fortaleci\u00f3 la delincuencia en Per\u00fa &#8211; AlbertoNews"},"content":{"rendered":"<p> \n<\/p>\n<div>\n<p>La presidenta de Per\u00fa, Dina Boluarte, afirm\u00f3 este mi\u00e9rcoles que la delincuencia en su pa\u00eds ha sido fortalecida por la migraci\u00f3n ilegal y acus\u00f3 a los gobiernos que la precedieron de no tomar medidas para impedirla.<\/p>\n<p>\u00abEsta delincuencia que se ha gestado por d\u00e9cadas y se ha visto fortalecida por la inmigraci\u00f3n ilegal que en Gobiernos pasados no fue derrotada, sino m\u00e1s bien abrieron las puertas de nuestras fronteras e ingresaron por doquier personas, delincuentes, criminales, sin mayor restricci\u00f3n\u00bb, sostuvo la mandataria.<\/p>\n<p>Durante la ceremonia por el 204 aniversario de la Marina de Guerra del Per\u00fa y el 146 aniversario del combate naval de Angamos, Boluarte agreg\u00f3 que \u00abse requiere la unidad de todos los peruanos y la mano firme de las instituciones del orden y de aquellas que imparten justicia para que estos criminales paguen por sus actos y no est\u00e9n libres en las calles\u00bb.<\/p>\n<p>La presidenta remarc\u00f3 que su Gobierno \u00abse mantiene firme\u00bb en la lucha contra la delincuencia com\u00fan y \u00abel nuevo terrorismo\u00bb que, seg\u00fan dijo, pretenden imponer las organizaciones criminales, mediante la extorsi\u00f3n a transportistas, emprendedores \u00aby dem\u00e1s peruanos que trabajan honradamente\u00bb.<\/p>\n<p>\u00abFrente a los problemas, les decimos que los vamos a atender. No nos hacemos los ciegos ni miramos de costado, como otros gobiernos hicieron antes\u00bb, enfatiz\u00f3.<\/p>\n<p>Boluarte afirm\u00f3, adem\u00e1s, que comprende \u00abla desesperaci\u00f3n de los transportistas\u00bb p\u00fablicos, que en las \u00faltimas dos semanas han protagonizado paralizaciones en Lima para exigir una mayor acci\u00f3n de las autoridades para enfrentar el embate del crimen organizado.<\/p>\n<p>Tras decir que su gobierno \u00abacompa\u00f1a su reclamo por un pa\u00eds m\u00e1s seguro\u00bb, sostuvo que la delincuencia no puede ser erradicada \u00abde la noche a la ma\u00f1ana\u00bb.<\/p>\n<p>\u00abNo cederemos ante el terror que intenta imponer la delincuencia. Junto a nuestra Polic\u00eda Nacional y nuestras Fuerzas Armadas, seguimos en una lucha constante contra el crimen, con estrategia y determinaci\u00f3n\u00bb, concluy\u00f3.<\/p>\n<p>El pasado lunes, las principales empresas privadas de autobuses que transportan diariamente a millones de personas en Lima, suspendieron su jornada de trabajo en protesta por nuevos ataques del crimen organizado.<\/p>\n<p>La huelga de transportistas fue convocada luego de que nuevos ataques a conductores dejaran un chofer fallecido, de nacionalidad venezolana, y otro herido.<\/p>\n<p>Boluarte fue durante criticada por diversos sectores sociales y pol\u00edticos tras declarar que esos paros no iban a solucionar el incremento del crimen organizado y recomendar a la ciudadan\u00eda que no responda las llamadas telef\u00f3nicas de desconocidos como una forma de enfrentar a las extorsiones.<\/p>\n<p>La Fiscal\u00eda de Per\u00fa inform\u00f3 el martes pasado que los atentados en el transporte p\u00fablico de Lima y la vecina provincia del Callao, atribuidos al crimen organizado, han dejado 65 muertos y 53 heridos, entre agosto de 2024 y este mes.<\/p>\n<p><strong>Si quieres recibir en tu celular esta y otras informaciones descarga Telegram, ingresa al link <\/strong><strong>https:\/\/t.me\/albertorodnews<\/strong><strong> y dale click a +Unirme.  <\/strong><\/p>\n<p><strong>Alberto Noticias<\/strong><\/p>\n<\/p><\/div>\n\n","protected":false},"excerpt":{"rendered":"<p>La presidenta de Per\u00fa, Dina Boluarte, afirm\u00f3 este mi\u00e9rcoles que la delincuencia en su pa\u00eds ha sido fortalecida por la migraci\u00f3n ilegal y acus\u00f3 a los gobiernos que la precedieron de no tomar medidas para impedirla. \u00abEsta delincuencia que se ha gestado por d\u00e9cadas y se ha visto fortalecida por la inmigraci\u00f3n ilegal que en &hellip;<\/p>\n","protected":false},"author":1,"featured_media":44988,"comment_status":"open","ping_status":"open","sticky":false,"template":"","format":"standard","meta":{"fifu_image_url":"https:\/\/bitlyanews.com\/wp-content\/uploads\/2024\/05\/Dina-Boluarte-scaled.webp","fifu_image_alt":"","footnotes":""},"categories":[4],"tags":[],"class_list":["post-44987","post","type-post","status-publish","format-standard","has-post-thumbnail","","category-historias-destacadas"],"_links":{"self":[{"href":"https:\/\/noticiasveraces.com\/index.php?rest_route=\/wp\/v2\/posts\/44987","targetHints":{"allow":["GET"]}}],"collection":[{"href":"https:\/\/noticiasveraces.com\/index.php?rest_route=\/wp\/v2\/posts"}],"about":[{"href":"https:\/\/noticiasveraces.com\/index.php?rest_route=\/wp\/v2\/types\/post"}],"author":[{"embeddable":true,"href":"https:\/\/noticiasveraces.com\/index.php?rest_route=\/wp\/v2\/users\/1"}],"replies":[{"embeddable":true,"href":"https:\/\/noticiasveraces.com\/index.php?rest_route=%2Fwp%2Fv2%2Fcomments&post=44987"}],"version-history":[{"count":0,"href":"https:\/\/noticiasveraces.com\/index.php?rest_route=\/wp\/v2\/posts\/44987\/revisions"}],"wp:featuredmedia":[{"embeddable":true,"href":"https:\/\/noticiasveraces.com\/index.php?rest_route=\/wp\/v2\/media\/44988"}],"wp:attachment":[{"href":"https:\/\/noticiasveraces.com\/index.php?rest_route=%2Fwp%2Fv2%2Fmedia&parent=44987"}],"wp:term":[{"taxonomy":"category","embeddable":true,"href":"https:\/\/noticiasveraces.com\/index.php?rest_route=%2Fwp%2Fv2%2Fcategories&post=44987"},{"taxonomy":"post_tag","embeddable":true,"href":"https:\/\/noticiasveraces.com\/index.php?rest_route=%2Fwp%2Fv2%2Ftags&post=44987"}],"curies":[{"name":"wp","href":"https:\/\/api.w.org\/{rel}","templated":true}]}}