{"id":44967,"date":"2025-10-08T14:16:48","date_gmt":"2025-10-08T18:16:48","guid":{"rendered":"https:\/\/noticiasveraces.com\/?p=44967"},"modified":"2025-10-08T14:16:48","modified_gmt":"2025-10-08T18:16:48","slug":"alcaldia-de-chacao-implemento-un-plan-piloto-de-estacionamientos-para-motos-en-calles-del-municipio","status":"publish","type":"post","link":"https:\/\/noticiasveraces.com\/?p=44967","title":{"rendered":"Alcald\u00eda de Chacao implement\u00f3 un plan piloto de estacionamientos para motos en calles del municipio"},"content":{"rendered":"<p> \n<\/p>\n<div>\n<p>La Alcald\u00eda de Chacao implement\u00f3 un plan piloto de<strong> estacionamientos exclusivos para motos <\/strong>en varias calles del municipio mirandino. <\/p>\n<p>Gustavo Duque, alcalde de Chacao, explic\u00f3 que <strong>se delimitaron y pintaron espacios en varias calles del casco de Chacao para que los motorizados puedan estacionar en un horario espec\u00edfico. <\/strong><\/p>\n<p>\u201cUno de los problemas principales que denuncian con frecuencia tiene que ver con las motos en el municipio Chacao, son muchisimas motos y entendemos perfectamente que (sus conductores) son personas trabajadoras, pero todos debemos poner de nuestra arte para poner orden en el municipio\u201d, indic\u00f3 Duque en un video publicado en su cuenta de Instagram el 8 de octubre. <\/p>\n<p>El plan piloto establece que<strong> las motos pueden permanecer estacionadas en estos lugares desde las 8:00 am hasta las 7:00 pm de lunes a viernes<\/strong>. Fuera de ese horario estar\u00e1 permitido estacionar otro tipo de autom\u00f3viles en esas calles. <\/p>\n<figure class=\"wp-block-image size-large\"><picture fetchpriority=\"high\" decoding=\"async\" class=\"wp-image-819830\"><source type=\"image\/webp\" srcset=\"https:\/\/eldiario.com\/wp-content\/uploads\/2025\/10\/DSC02292-1200x800.jpg.webp 1200w, https:\/\/eldiario.com\/wp-content\/uploads\/2025\/10\/DSC02292-300x200.jpg.webp 300w, https:\/\/eldiario.com\/wp-content\/uploads\/2025\/10\/DSC02292-768x512.jpg.webp 768w, https:\/\/eldiario.com\/wp-content\/uploads\/2025\/10\/DSC02292-1536x1024.jpg.webp 1536w, https:\/\/eldiario.com\/wp-content\/uploads\/2025\/10\/DSC02292-330x220.jpg.webp 330w, https:\/\/eldiario.com\/wp-content\/uploads\/2025\/10\/DSC02292-420x280.jpg.webp 420w, https:\/\/eldiario.com\/wp-content\/uploads\/2025\/10\/DSC02292-615x410.jpg.webp 615w, https:\/\/eldiario.com\/wp-content\/uploads\/2025\/10\/DSC02292-860x574.jpg.webp 860w, https:\/\/eldiario.com\/wp-content\/uploads\/2025\/10\/DSC02292-150x100.jpg.webp 150w, https:\/\/eldiario.com\/wp-content\/uploads\/2025\/10\/DSC02292.jpg.webp 1600w\" sizes=\"(max-width: 1200px) 100vw, 1200px\"\/><img fetchpriority=\"high\" decoding=\"async\" width=\"1200\" height=\"800\" src=\"https:\/\/eldiario.com\/wp-content\/uploads\/2025\/10\/DSC02292-1200x800.jpg\" alt=\"An\u00e9cdotas de mototaxistas: lo que ven y lo que cuentan\" srcset=\"https:\/\/eldiario.com\/wp-content\/uploads\/2025\/10\/DSC02292-1200x800.jpg 1200w, https:\/\/eldiario.com\/wp-content\/uploads\/2025\/10\/DSC02292-300x200.jpg 300w, https:\/\/eldiario.com\/wp-content\/uploads\/2025\/10\/DSC02292-768x512.jpg 768w, https:\/\/eldiario.com\/wp-content\/uploads\/2025\/10\/DSC02292-1536x1024.jpg 1536w, https:\/\/eldiario.com\/wp-content\/uploads\/2025\/10\/DSC02292-330x220.jpg 330w, https:\/\/eldiario.com\/wp-content\/uploads\/2025\/10\/DSC02292-420x280.jpg 420w, https:\/\/eldiario.com\/wp-content\/uploads\/2025\/10\/DSC02292-615x410.jpg 615w, https:\/\/eldiario.com\/wp-content\/uploads\/2025\/10\/DSC02292-860x574.jpg 860w, https:\/\/eldiario.com\/wp-content\/uploads\/2025\/10\/DSC02292-150x100.jpg 150w, https:\/\/eldiario.com\/wp-content\/uploads\/2025\/10\/DSC02292.jpg 1600w\" sizes=\"(max-width: 1200px) 100vw, 1200px\"\/>\n<\/picture><figcaption class=\"wp-element-caption\">Foto: David Ocanto\/El Diario<\/figcaption><\/figure>\n<p>Las nuevas \u00e1reas son f\u00e1cilmente reconocibles, debido a que <strong>los l\u00edmites fueron pintados de blanco en el asfalto y est\u00e1n acompa\u00f1ados de letreros con el enunciado \u201cEstacionamiento exclusivo de motos\u201d. <\/strong><\/p>\n<p>\u201cNo pueden pararse en otro lugar, sino en los espacios demarcados (\u2026) Luego de ese horario los vecinos podr\u00e1n estacionar sus veh\u00edculos ah\u00ed sin ning\u00fan inconveniente\u201d, detall\u00f3 el alcalde de Chacao. <\/p>\n<p>El funcionario agreg\u00f3 que seguir el cumplimiento de estas normas y de los horarios establecidos para estacionar distintos veh\u00edculos en las calles del municipio son claves para <strong>evitar multas y sanciones en la zona<\/strong>. <\/p>\n<p><strong>\u201cIniciamos esto con el fin de asegurar la tranquilidad de motorizados, conductores e incluso peatones\u201d<\/strong>indica la publicaci\u00f3n en Instagram. <\/p>\n<h2 class=\"wp-block-heading\" id=\"h-trabajos-de-recuperacion-tras-incendio-nbsp\"><strong>Trabajos de recuperaci\u00f3n tras incendio <\/strong><\/h2>\n<p>Otra medida que ha implementado recientemente la <strong>Alcald\u00eda de Chacao <\/strong>son una serie de trabajos de recuperaci\u00f3n y mantenimiento en las zonas afectadas por el incendio que se registr\u00f3 en el edificio Monte Ulia de Los Palos Grandes. <\/p>\n<p>El incendio se registr\u00f3 el 6 de octubre y fue atendido por los <strong>Bomberos, Protecci\u00f3n Civil Chacao y la Polic\u00eda de Chacao<\/strong>. El siniestro no dej\u00f3 v\u00edctimas mortales ni lesionados, pero algunos vecinos s\u00ed presentaron afecciones respiratorias por inhalaci\u00f3n de humo. Asimismo, se reportaron p\u00e9rdidas de enseres. <\/p>\n<figure class=\"wp-block-image size-large\"><picture decoding=\"async\" class=\"wp-image-820506\"><source type=\"image\/webp\" srcset=\"https:\/\/eldiario.com\/wp-content\/uploads\/2025\/10\/Diseno-sin-titulo-2025-10-06T231535.996-1200x800.jpg.webp 1200w, https:\/\/eldiario.com\/wp-content\/uploads\/2025\/10\/Diseno-sin-titulo-2025-10-06T231535.996-300x200.jpg.webp 300w, https:\/\/eldiario.com\/wp-content\/uploads\/2025\/10\/Diseno-sin-titulo-2025-10-06T231535.996-768x512.jpg.webp 768w, https:\/\/eldiario.com\/wp-content\/uploads\/2025\/10\/Diseno-sin-titulo-2025-10-06T231535.996-1536x1024.jpg.webp 1536w, https:\/\/eldiario.com\/wp-content\/uploads\/2025\/10\/Diseno-sin-titulo-2025-10-06T231535.996-330x220.jpg.webp 330w, https:\/\/eldiario.com\/wp-content\/uploads\/2025\/10\/Diseno-sin-titulo-2025-10-06T231535.996-420x280.jpg.webp 420w, https:\/\/eldiario.com\/wp-content\/uploads\/2025\/10\/Diseno-sin-titulo-2025-10-06T231535.996-615x410.jpg.webp 615w, https:\/\/eldiario.com\/wp-content\/uploads\/2025\/10\/Diseno-sin-titulo-2025-10-06T231535.996-860x574.jpg.webp 860w, https:\/\/eldiario.com\/wp-content\/uploads\/2025\/10\/Diseno-sin-titulo-2025-10-06T231535.996-150x100.jpg.webp 150w, https:\/\/eldiario.com\/wp-content\/uploads\/2025\/10\/Diseno-sin-titulo-2025-10-06T231535.996.jpg.webp 1600w\" sizes=\"(max-width: 1200px) 100vw, 1200px\"\/><img loading=\"lazy\" decoding=\"async\" width=\"1200\" height=\"800\" src=\"https:\/\/eldiario.com\/wp-content\/uploads\/2025\/10\/Diseno-sin-titulo-2025-10-06T231535.996-1200x800.jpg\" alt=\"Incendio de un veh\u00edculo oblig\u00f3 a evacuar un edificio en Los Palos Grandes\" srcset=\"https:\/\/eldiario.com\/wp-content\/uploads\/2025\/10\/Diseno-sin-titulo-2025-10-06T231535.996-1200x800.jpg 1200w, https:\/\/eldiario.com\/wp-content\/uploads\/2025\/10\/Diseno-sin-titulo-2025-10-06T231535.996-300x200.jpg 300w, https:\/\/eldiario.com\/wp-content\/uploads\/2025\/10\/Diseno-sin-titulo-2025-10-06T231535.996-768x512.jpg 768w, https:\/\/eldiario.com\/wp-content\/uploads\/2025\/10\/Diseno-sin-titulo-2025-10-06T231535.996-1536x1024.jpg 1536w, https:\/\/eldiario.com\/wp-content\/uploads\/2025\/10\/Diseno-sin-titulo-2025-10-06T231535.996-330x220.jpg 330w, https:\/\/eldiario.com\/wp-content\/uploads\/2025\/10\/Diseno-sin-titulo-2025-10-06T231535.996-420x280.jpg 420w, https:\/\/eldiario.com\/wp-content\/uploads\/2025\/10\/Diseno-sin-titulo-2025-10-06T231535.996-615x410.jpg 615w, https:\/\/eldiario.com\/wp-content\/uploads\/2025\/10\/Diseno-sin-titulo-2025-10-06T231535.996-860x574.jpg 860w, https:\/\/eldiario.com\/wp-content\/uploads\/2025\/10\/Diseno-sin-titulo-2025-10-06T231535.996-150x100.jpg 150w, https:\/\/eldiario.com\/wp-content\/uploads\/2025\/10\/Diseno-sin-titulo-2025-10-06T231535.996.jpg 1600w\" sizes=\"auto, (max-width: 1200px) 100vw, 1200px\"\/>\n<\/picture><figcaption class=\"wp-element-caption\">Fotos: Bomberos en Acci\u00f3n<\/figcaption><\/figure>\n<p>Entre los trabajos de recuperaci\u00f3n y mantenimiento destacaron las labores de limpieza en la zona del estacionamiento del edificio, donde los <strong>techos y paredes permanec\u00edan con manchas de holl\u00edn por el fuego<\/strong>. <\/p>\n<p><!-- CONTENT END 1 -->\n<\/div>\n<p><script async src=\"\/\/www.instagram.com\/embed.js\"><\/script><br \/>\n<br \/>\n","protected":false},"excerpt":{"rendered":"<p>La Alcald\u00eda de Chacao implement\u00f3 un plan piloto de estacionamientos exclusivos para motos en varias calles del municipio mirandino. Gustavo Duque, alcalde de Chacao, explic\u00f3 que se delimitaron y pintaron espacios en varias calles del casco de Chacao para que los motorizados puedan estacionar en un horario espec\u00edfico. \u201cUno de los problemas principales que denuncian &hellip;<\/p>\n","protected":false},"author":1,"featured_media":44969,"comment_status":"open","ping_status":"open","sticky":false,"template":"","format":"standard","meta":{"fifu_image_url":"https:\/\/eldiario.com\/wp-content\/uploads\/2025\/10\/DSC01430.jpg","fifu_image_alt":"","footnotes":""},"categories":[13],"tags":[],"class_list":["post-44967","post","type-post","status-publish","format-standard","has-post-thumbnail","","category-mundo"],"_links":{"self":[{"href":"https:\/\/noticiasveraces.com\/index.php?rest_route=\/wp\/v2\/posts\/44967","targetHints":{"allow":["GET"]}}],"collection":[{"href":"https:\/\/noticiasveraces.com\/index.php?rest_route=\/wp\/v2\/posts"}],"about":[{"href":"https:\/\/noticiasveraces.com\/index.php?rest_route=\/wp\/v2\/types\/post"}],"author":[{"embeddable":true,"href":"https:\/\/noticiasveraces.com\/index.php?rest_route=\/wp\/v2\/users\/1"}],"replies":[{"embeddable":true,"href":"https:\/\/noticiasveraces.com\/index.php?rest_route=%2Fwp%2Fv2%2Fcomments&post=44967"}],"version-history":[{"count":0,"href":"https:\/\/noticiasveraces.com\/index.php?rest_route=\/wp\/v2\/posts\/44967\/revisions"}],"wp:featuredmedia":[{"embeddable":true,"href":"https:\/\/noticiasveraces.com\/index.php?rest_route=\/wp\/v2\/media\/44969"}],"wp:attachment":[{"href":"https:\/\/noticiasveraces.com\/index.php?rest_route=%2Fwp%2Fv2%2Fmedia&parent=44967"}],"wp:term":[{"taxonomy":"category","embeddable":true,"href":"https:\/\/noticiasveraces.com\/index.php?rest_route=%2Fwp%2Fv2%2Fcategories&post=44967"},{"taxonomy":"post_tag","embeddable":true,"href":"https:\/\/noticiasveraces.com\/index.php?rest_route=%2Fwp%2Fv2%2Ftags&post=44967"}],"curies":[{"name":"wp","href":"https:\/\/api.w.org\/{rel}","templated":true}]}}