{"id":44933,"date":"2025-10-08T07:25:15","date_gmt":"2025-10-08T11:25:15","guid":{"rendered":"https:\/\/noticiasveraces.com\/?p=44933"},"modified":"2025-10-08T07:25:15","modified_gmt":"2025-10-08T11:25:15","slug":"el-colapso-completo-de-la-academia-venezolana","status":"publish","type":"post","link":"https:\/\/noticiasveraces.com\/?p=44933","title":{"rendered":"El colapso completo de la academia venezolana"},"content":{"rendered":"<p> \n<\/p>\n<div>\n<p>Para abandonar el pa\u00eds, Juan y su esposa tuvieron que vender algunas de sus pertenencias, incluida la colecci\u00f3n de libros para ni\u00f1os de su hijo. \u00abPens\u00f3 que solo \u00edbamos a un viaje. Poco a poco, le hemos estado explicando lo que realmente est\u00e1 sucediendo\u00bb, dice Juan.<\/p>\n<p>Estas no fueron vacaciones familiares. Fue un caso m\u00e1s en la ola de migraci\u00f3n forzada, un mal documentado pero generalizado, impulsado por el miedo a la represi\u00f3n pol\u00edtica que se intensific\u00f3 en Venezuela despu\u00e9s de las elecciones presidenciales del 28 de julio de 2024.<\/p>\n<p>Juan, quien solicit\u00f3 el anonimato que se les dio amenazas a\u00fan lo sigui\u00f3 en el extranjero, era profesor en la Universidad Central de Venezuela (UCV) en Caracas. Nunca pens\u00f3 que su trabajo acad\u00e9mico lo pondr\u00eda en peligro. Eso tambi\u00e9n cambi\u00f3.<\/p>\n<p>Para los profesores venezolanos, la supervivencia ha significado durante mucho tiempo rasparse en los salarios de la pobreza, lidiar con la inestabilidad que afecta su salud mental y carece de los recursos para realizar investigaciones o producci\u00f3n cient\u00edfica. M\u00e1s recientemente, han tenido que enfrentar restricciones a la libertad acad\u00e9mica, observando lo que dicen incluso dentro del aula. Los testimonios se reunieron para esto <em>La Hora de Venezuela<\/em> El informe muestra el alcance de los riesgos.<\/p>\n<p>Cuando Juan se uni\u00f3 a UCV en 2014 como un Centro de Investigador de Paz y Derechos Humanos, donde se convirti\u00f3 en l\u00edder y portavoz, llam\u00f3 la atenci\u00f3n de un gobierno con la intenci\u00f3n de silenciar la disidencia.<\/p>\n<blockquote class=\"wp-block-quote is-layout-flow wp-block-quote-is-layout-flow\">\n<p>Un profesor titular de tiempo completo con m\u00e1s de 15 a\u00f1os de servicio, un doctorado completado y m\u00faltiples publicaciones gana 522.16 bolivares. Eso es menos de tres d\u00f3lares al mes.<\/p>\n<\/blockquote>\n<p>En 2017, durante la ola de protestas antigubernamentales, la polic\u00eda arrest\u00f3 a economista y profesora retirada de la Universidad de Carabobo Santiago Guevara por publicar opiniones pol\u00edticas en l\u00ednea. Juan estaba entre los abogados y los defensores de los derechos humanos que asumieron su defensa legal.<\/p>\n<p>A partir de entonces, Juan fue fotografiado y filmado en cada demostraci\u00f3n. La polic\u00eda y los soldados lo amenazaron repetidamente. Cuando el gobierno de Nicol\u00e1s Maduro cre\u00f3 una comisi\u00f3n presidencial para \u00abrecuperar\u00bb la universidad en 2021, Juan y sus colegas del Centro de Paz y Derechos Humanos denunciaron la entrada de fuerzas de seguridad y civiles armados al campus de la UCV.<\/p>\n<p>A principios de 2024, la presi\u00f3n se acercaba. \u201cDos semanas antes de que Roc\u00edo San Miguel fuera arrestado [on February 9, 2024]nos hab\u00edamos reunido en una reuni\u00f3n nacional de defensores de los derechos humanos. Posteriormente nos mantuvimos en contacto, planeando el trabajo conjunto. Luego me asust\u00e9 cuando fue arrestada \u201d, dice.<\/p>\n<p>Despu\u00e9s de que las elecciones del 28 de julio desataron una nueva ola de represi\u00f3n, Juan se dio cuenta de que ya no pod\u00eda retrasar irse. \u00c9l y su esposa comenzaron a vender sus posesiones para recaudar suficiente dinero para salir.<\/p>\n<p>Seg\u00fan el Observatorio de Derechos Humanos de la Universidad de Los Andes (ODH-ula), hubo al menos 60 casos de persecuci\u00f3n pol\u00edtica contra las comunidades universitarias venezolanas en 2024, incluidas 47 detenciones arbitrarias de estudiantes, profesores y personal. La mayor\u00eda de ellos ocurrieron durante la represi\u00f3n posterior a la elecci\u00f3n.<\/p>\n<p>Juan ha estado en el extranjero durante casi un a\u00f1o. Aproximadamente mientras el Centro de la Paz y los Derechos Humanos de la UCV se haya cerrado. El lugar donde trabaj\u00f3 y luch\u00f3 durante m\u00e1s de una d\u00e9cada.<\/p>\n<h3 class=\"wp-block-heading\"><strong>Sobrevivir con tres d\u00f3lares al mes<\/strong><\/h3>\n<p>Los profesores que permanecen en Venezuela no necesitan estad\u00edsticas para explicar el colapso econ\u00f3mico de su sector. Todo lo que tienen que hacer es verificar el tipo de cambio diario del banco central venezolano para ver que sus salarios se evaporen, como la sal en el agua.<\/p>\n<p>Un profesor titular de tiempo completo con m\u00e1s de 15 a\u00f1os de servicio, un doctorado completado y m\u00faltiples publicaciones gana 522.16 bolivares. Eso es menos de tres d\u00f3lares al mes. Eso apenas cubre dos d\u00edas de transporte p\u00fablico en Caracas.<\/p>\n<blockquote class=\"wp-block-quote is-layout-flow wp-block-quote-is-layout-flow\">\n<p>\u00abNo es algo de lo que hablamos mucho, porque no se trata de interpretar a la v\u00edctima, pero es real. A veces los zapatos que usamos son regalos de hermanos en el extranjero\u00bb, admite Afonso.<\/p>\n<\/blockquote>\n<p>La imagen es incluso m\u00e1s sombr\u00eda para los reci\u00e9n llegados. Un profesor de tiempo completo reci\u00e9n contratado gana 320 bolivares ($ 1.84 al tipo de cambio oficial el viernes 26 de septiembre), mientras que un profesor a tiempo parcial gana solo 70 bolivares ($ 0.40) al mes. Los salarios se han congelado desde marzo de 2022.<\/p>\n<p>Jos\u00e9 Gregorio Afonso, presidente de la Asociaci\u00f3n de Profesores de UCV (APUCV), describe la situaci\u00f3n como una de <em>desalirizaci\u00f3n <\/em>(\u00abDesalarizaci\u00f3n\u00bb). Si bien la crisis se ha prolongado durante a\u00f1os, se\u00f1ala, el peor tramo fue durante la hiperinflaci\u00f3n y el per\u00edodo previo a la pandemia.<\/p>\n<p>La mayor\u00eda de los profesores se ven obligados a hacer malabarismos con m\u00faltiples trabajos. A finales de 2022, m\u00e1s del 44% de los profesores venezolanos trabajaron en otros oficios o abandonaron el pa\u00eds, seg\u00fan APUCV. Afonso cita el caso de un titular de doctorado que conduce un taxi para llegar a fin de mes. \u00abNo siempre es permanente, pero sucede\u00bb, dice.<\/p>\n<p>Otros conf\u00edan en las remesas de familiares en el extranjero. \u00abNo es algo de lo que hablamos mucho, porque no se trata de interpretar a la v\u00edctima, pero es real. A veces los zapatos que usamos son regalos de hermanos en el extranjero\u00bb, admite Afonso.<\/p>\n<p>El Observatorio de Universidades (OBU) informa que los profesores venezolanos son los m\u00e1s bajos pagados de la regi\u00f3n, incluso por debajo de sus pares cubanos, que promedian $ 29 al mes. Los profesores brasile\u00f1os encabezan la lista con salarios de $ 4,231.<\/p>\n<blockquote class=\"wp-block-quote is-layout-flow wp-block-quote-is-layout-flow\">\n<p>Desde 2008, las universidades aut\u00f3nomas han enfrentado recortes presupuestarios que han paralizado investigaciones. La Universidad de Los Andes (ULA) recibi\u00f3 solo el 4% de los fondos que solicit\u00f3 el a\u00f1o pasado.<\/p>\n<\/blockquote>\n<p>El problema va m\u00e1s all\u00e1 de los salarios bajos, se\u00f1ala Afonso. Puso a los profesores en la pobreza t\u00e9cnica extrema. Los est\u00e1ndares internacionales, incluidos los utilizados por la Comisi\u00f3n Econ\u00f3mica de la ONU para Am\u00e9rica Latina y el Caribe (ECLAC), consideran que un hogar ha superado la pobreza alimentaria solo cuando sus ingresos cubren el costo de una cesta b\u00e1sica de alimentos.<\/p>\n<p>\u00abNi siquiera con las bonificaciones de $ 40 y $ 120 [for food and the so-called \u2018economic war\u2019 bonus]que ni siquiera son parte del salario, \u00bfpuedes cubrir la canasta de alimentos? Y ese es el m\u00ednimo para evitar ser clasificado como extremadamente pobre \u201d, enfatiza Afonso.<\/p>\n<h3 class=\"wp-block-heading\"><strong>Investigaci\u00f3n en declive<\/strong><\/h3>\n<p>No se trata solo de salarios, por supuesto. Desde 2008, las universidades aut\u00f3nomas han enfrentado recortes presupuestarios que han paralizado investigaciones. La Universidad de Los Andes (ULA) recibi\u00f3 solo el 4% de los fondos que solicit\u00f3 el a\u00f1o pasado. En ULA, los estudiantes de ciencias tienen que pagar de su bolsillo por suministros de laboratorio. En otros casos, los profesores les muestran ejercicios pr\u00e1cticos a trav\u00e9s de videos de YouTube.<\/p>\n<p>El estudiante de biolog\u00eda Abel Carrasco dice que fallar los servicios b\u00e1sicos tambi\u00e9n da\u00f1an el equipo que no se puede reparar o reemplazar debido a la falta de fondos. \u00abLos cortes de energ\u00eda han arruinado centrifugas, capuchas de humo, microscopios. Tenemos cada vez menos herramientas. Tambi\u00e9n nos faltan suministros como reactivos y productos qu\u00edmicos que son esenciales para nuestros laboratorios\u00bb, explica.<\/p>\n<p>Una investigaci\u00f3n reciente realizada por la red venezolana de periodistas de investigaci\u00f3n y Connectas detall\u00f3 el fracaso de la mison\u00eda Ciencia, un programa social lanzado por Hugo Ch\u00e1vez en 2006 para estimular el desarrollo nacional a trav\u00e9s de la inversi\u00f3n p\u00fablica en investigaci\u00f3n y tecnolog\u00eda. Casi dos d\u00e9cadas despu\u00e9s, los indicadores de ciencias solo muestran regresi\u00f3n.<\/p>\n<blockquote class=\"wp-block-quote is-layout-flow wp-block-quote-is-layout-flow\">\n<p>Cuando Alberto la vio, \u00e9l dijo: \u00abEntra, soltero, y si\u00e9ntate\u00bb. Lisseth sonri\u00f3, retrocedi\u00f3 y termin\u00f3 el desayuno. Sigui\u00f3 ense\u00f1ando su clase imaginaria.<\/p>\n<\/blockquote>\n<p>\u00abSeg\u00fan Scimago Journal and Country Rank, Colombia super\u00f3 a Venezuela por el quinto lugar en la producci\u00f3n cient\u00edfica latinoamericana en 2006, medida por art\u00edculos publicados por pa\u00eds\u00bb, se\u00f1ala el informe. Para 2024, Venezuela hab\u00eda ca\u00eddo a 11<sup>th<\/sup>\u2014El \u00fanico pa\u00eds de la regi\u00f3n con crecimiento negativo.<\/p>\n<p>El \u00e9xodo de los cient\u00edficos, impulsado por los salarios de la pobreza y la agitaci\u00f3n pol\u00edtica, ha agravado el declive. Entre 2006 y 2020, 2.288 investigadores activos abandonaron el pa\u00eds.<\/p>\n<h3 class=\"wp-block-heading\"><strong>Salud mental en la l\u00ednea<\/strong><\/h3>\n<p>\u00abOrlando, resuelve para X. No puedes seguir adelante si no lo resuelves\u00bb. Eso es lo que Lisseth escuch\u00f3 de la cocina una ma\u00f1ana mientras desayunaba. Era su esposo, Alberto, sonando como si estuviera ense\u00f1ando a un estudiante.<\/p>\n<p>Pero estaban solos en la casa. Ella entr\u00f3 en la sala de estar y not\u00f3 que su rostro hab\u00eda cambiado.<\/p>\n<p>\u00abFue como antes, cuando fue a la facultad todos los d\u00edas. Mi esposo ha sido un hombre triste desde que dej\u00f3 de ense\u00f1ar\u00bb, recuerda.<\/p>\n<p>Cuando Alberto la vio, \u00e9l dijo: \u00abEntra, soltero, y si\u00e9ntate\u00bb. Lisseth sonri\u00f3, retrocedi\u00f3 y termin\u00f3 el desayuno. Sigui\u00f3 ense\u00f1ando su clase imaginaria.<\/p>\n<p>Cuando ella regres\u00f3, \u00e9l estaba sentado con el codo sobre la mesa, con la mano sobre la frente, luciendo preocupado. Ella le pregunt\u00f3 sobre la \u00abclase\u00bb, pero \u00e9l no sab\u00eda de qu\u00e9 estaba hablando. \u00abSe enoj\u00f3. Me dijo que dejara de inventar las cosas, pregunt\u00f3 de d\u00f3nde lo hab\u00eda obtenido\u00bb, dice ella.<\/p>\n<p>Esto sucedi\u00f3 el a\u00f1o pasado. Alberto, un ingeniero con un doctorado, tiene 65 a\u00f1os. Comenz\u00f3 a ense\u00f1ar en la Universidad de Zulia (Luz) cuando ten\u00eda 27 a\u00f1os. Nueve meses antes de este primer \u00abepisodio\u00bb, como lo llaman los especialistas, hab\u00eda perdido su trabajo. Las materias que ense\u00f1\u00f3 en Luz no se inscribieron m\u00e1s estudiantes, aunque encontr\u00f3 algo de trabajo como asesor de tesis en universidades privadas.<\/p>\n<blockquote class=\"wp-block-quote is-layout-flow wp-block-quote-is-layout-flow\">\n<p>\u00abEstoy orgulloso del hombre inteligente con el que me cas\u00e9, incluso si la crisis de este pa\u00eds lo llev\u00f3 a perder la cabeza\u00bb, dice Lisseth.<\/p>\n<\/blockquote>\n<p>No era el \u00fanico. Otros profesores en la facultad de ingenier\u00eda de Luz enfrentaron el mismo destino. El edificio fue abandonado incluso antes de la pandemia: sin mantenimiento, sin estudiantes. Las autoridades finalmente lo cerraron por completo. Los salarios, los recortes presupuestarios y la migraci\u00f3n de los estudiantes sellaron su destino.<\/p>\n<p>\u00abIncluso cuando no hab\u00eda nada m\u00e1s que basura y malas hierbas, Alberto todav\u00eda fue a la facultad. Incluso si no ten\u00eda clase o estudiantes matriculados, todav\u00eda fue. Porque cuando hablamos sobre el futuro, lo imaginamos continuando su investigaci\u00f3n, siempre a su lado\u00bb, dice Lisseth.<\/p>\n<p>El trabajo de asesoramiento ayud\u00f3 un poco. \u00abComimos por su salario e incluso nuestros ahorros. Lo peor fue cuando dijo: \u00bfQu\u00e9 vamos a hacer con los cinco d\u00f3lares que gano?\u00bb Lisseth recuerda.<\/p>\n<h3 class=\"wp-block-heading\"><strong>Jubilaci\u00f3n forzada<\/strong><\/h3>\n<p>Despu\u00e9s de 38 a\u00f1os de servicio en Luz, Alberto no le quedaba nada que hacer en 2024. \u00abCuando \u00e9ramos j\u00f3venes, dijo que la investigaci\u00f3n siempre ser\u00eda su vocaci\u00f3n. Desarrollaba proyectos e incluso dirigi\u00f3 el dise\u00f1o curricular para parte del programa de ingenier\u00eda mec\u00e1nica\u00bb, dice su esposa.<\/p>\n<p>Pero el primer d\u00eda que no ten\u00eda a d\u00f3nde ir, no se levant\u00f3 de la cama. Se qued\u00f3 en pijama, se salt\u00f3 el desayuno, no sali\u00f3 de su habitaci\u00f3n. \u00abEra como un d\u00eda perdido. Comi\u00f3 poco, fingi\u00f3 dormir. Los d\u00edas posteriores fueron m\u00e1s o menos lo mismo\u00bb, dice Lisseth.<\/p>\n<p>Un par de ex profesores de la universidad comenzaron a visitar. Hab\u00edan elegido retirarse, a diferencia de Alberto. Discuten temas que sol\u00eda disfrutar. \u00abA veces le gustaba, otras veces no quer\u00eda verlos. Cuando le dije esto al psic\u00f3logo trat\u00e1ndolo, ella dijo que era parte del proceso. Que mi esposo tiene demencia, y la depresi\u00f3n y la ansiedad lo empujaron all\u00ed\u00bb, admite Lisseth.<\/p>\n<p>Dos psic\u00f3logos entrevistados para este informe explicaron lo que podr\u00eda estar sucediendo en casos como el de Alberto. \u00abLos factores sociales aceleran los trastornos como la depresi\u00f3n, los ataques de p\u00e1nico o los episodios de tristeza, especialmente las p\u00e9rdidas, en nuestro pa\u00eds. Perder un trabajo puede desencadenarlo entre los adultos mayores\u00bb, dijo uno.<\/p>\n<p>El otro agreg\u00f3: \u00abCuando alguien ya tiene demencia, un evento traum\u00e1tico puede acelerar la disminuci\u00f3n o hacer que los s\u00edntomas sean mucho m\u00e1s visibles. La depresi\u00f3n se establece y luego los s\u00edntomas aumentan\u00bb.<\/p>\n<p>Alberto no es su paciente, pero un especialista sugiere que lo que est\u00e1 sucediendo es que \u00abest\u00e1 usando sus recuerdos m\u00e1s significativos para llenar los vac\u00edos. Estos son recuerdos intrusivos y autom\u00e1ticos que aparecen de la nada, o cuando algo los desencadena. Su cerebro se aferra a ellos, manteni\u00e9ndolo atrapado en ese bucle\u00bb.<\/p>\n<p>Ahora la rutina de Alberto incluye ejercicios de memoria, entrenamiento cerebral, documentales y visitas ocasionales de amigos. \u00abAlgunos d\u00edas lo encuentro tocando la mesa como si estuviera en una computadora. Otras veces, \u00e9l est\u00e1 ense\u00f1ando clases imaginarias. Me siento y escucho. Estoy orgulloso del hombre inteligente con el que me cas\u00e9, incluso si la crisis de este pa\u00eds lo llev\u00f3 a perder la cabeza\u00bb, dice Lisseth.<\/p>\n<\/p><\/div>\n<p><script async src=\"\/\/www.instagram.com\/embed.js\"><\/script><br \/>\n<br \/>\n","protected":false},"excerpt":{"rendered":"<p>Para abandonar el pa\u00eds, Juan y su esposa tuvieron que vender algunas de sus pertenencias, incluida la colecci\u00f3n de libros para ni\u00f1os de su hijo. \u00abPens\u00f3 que solo \u00edbamos a un viaje. Poco a poco, le hemos estado explicando lo que realmente est\u00e1 sucediendo\u00bb, dice Juan. Estas no fueron vacaciones familiares. Fue un caso m\u00e1s &hellip;<\/p>\n","protected":false},"author":1,"featured_media":44934,"comment_status":"open","ping_status":"open","sticky":false,"template":"","format":"standard","meta":{"fifu_image_url":"https:\/\/www.caracaschronicles.com\/wp-content\/uploads\/2025\/09\/NoUsarLavadero.jpg","fifu_image_alt":"","footnotes":""},"categories":[4],"tags":[],"class_list":["post-44933","post","type-post","status-publish","format-standard","has-post-thumbnail","","category-historias-destacadas"],"_links":{"self":[{"href":"https:\/\/noticiasveraces.com\/index.php?rest_route=\/wp\/v2\/posts\/44933","targetHints":{"allow":["GET"]}}],"collection":[{"href":"https:\/\/noticiasveraces.com\/index.php?rest_route=\/wp\/v2\/posts"}],"about":[{"href":"https:\/\/noticiasveraces.com\/index.php?rest_route=\/wp\/v2\/types\/post"}],"author":[{"embeddable":true,"href":"https:\/\/noticiasveraces.com\/index.php?rest_route=\/wp\/v2\/users\/1"}],"replies":[{"embeddable":true,"href":"https:\/\/noticiasveraces.com\/index.php?rest_route=%2Fwp%2Fv2%2Fcomments&post=44933"}],"version-history":[{"count":0,"href":"https:\/\/noticiasveraces.com\/index.php?rest_route=\/wp\/v2\/posts\/44933\/revisions"}],"wp:featuredmedia":[{"embeddable":true,"href":"https:\/\/noticiasveraces.com\/index.php?rest_route=\/wp\/v2\/media\/44934"}],"wp:attachment":[{"href":"https:\/\/noticiasveraces.com\/index.php?rest_route=%2Fwp%2Fv2%2Fmedia&parent=44933"}],"wp:term":[{"taxonomy":"category","embeddable":true,"href":"https:\/\/noticiasveraces.com\/index.php?rest_route=%2Fwp%2Fv2%2Fcategories&post=44933"},{"taxonomy":"post_tag","embeddable":true,"href":"https:\/\/noticiasveraces.com\/index.php?rest_route=%2Fwp%2Fv2%2Ftags&post=44933"}],"curies":[{"name":"wp","href":"https:\/\/api.w.org\/{rel}","templated":true}]}}