{"id":44909,"date":"2025-10-08T01:11:33","date_gmt":"2025-10-08T05:11:33","guid":{"rendered":"https:\/\/noticiasveraces.com\/?p=44909"},"modified":"2025-10-08T01:11:33","modified_gmt":"2025-10-08T05:11:33","slug":"la-agencia-contra-las-drogas-fortalece-el-sistema-con-el-que-mide-la-produccion-de-cocaina-en-colombia","status":"publish","type":"post","link":"https:\/\/noticiasveraces.com\/?p=44909","title":{"rendered":"La agencia contra las drogas fortalece el sistema con el que mide la producci\u00f3n de coca\u00edna en Colombia"},"content":{"rendered":"<p> \n<br \/><img decoding=\"async\" src=\"https:\/\/global.unitednations.entermediadb.net\/assets\/mediadb\/services\/module\/asset\/downloads\/preset\/Libraries\/Production%20Library\/15-03-2023_UNODC_Colombia.jpg\/image560x340cropped.jpg\" \/><\/p>\n<div>\n<p>La\u00a0Oficina de las Naciones Unidas contra la Droga y el Delito (UNODC)\u00a0para la Regi\u00f3n Andina y el Cono Sur propone ampliar el sistema de indicadores sobre\u00a0producci\u00f3n potencial de coca\u00edna en Colombia.<\/p>\n<p>En un\u00a0comunicado,<strong> el organismo admiti\u00f3 que su modelo estad\u00edstico presentaba limitaciones cient\u00edficas y presupuestales,<\/strong> y anunci\u00f3 que trabajar\u00e1 con el Gobierno colombiano para aplicar nuevos m\u00e9todos de estimaci\u00f3n.<\/p>\n<p>La Oficina \u201creconoce que los datos relacionados con la producci\u00f3n potencial de coca\u00edna son limitados para tener un panorama m\u00e1s preciso de los resultados de la pol\u00edtica de drogas\u201d, se\u00f1al\u00f3.<\/p>\n<h2>Medir la disponibilidad real del producto<\/h2>\n<p>El comunicado de la UNODC\u00a0plantea una reforma metodol\u00f3gica que ampl\u00eda los indicadores. El nuevo modelo no medir\u00e1 solo la producci\u00f3n potencial de coca\u00edna, sino <strong>tambi\u00e9n la disponibilidad real del producto\u00a0en los mercados internacionales<\/strong>.<\/p>\n<p>Seg\u00fan la agencia,<strong> <\/strong>este enfoque permitir\u00e1 una medici\u00f3n m\u00e1s precisa y que tengan en cuenta los cambios recientes en la din\u00e1mica del narcotr\u00e1fico, ya que el indicador de producci\u00f3n potencial de coca\u00edna no fue dise\u00f1ado para evaluar las acciones encaminadas a la interrupci\u00f3n de los flujos de coca\u00edna hacia los mercados internacionales.<\/p>\n<p>\u201cDado que toda estrategia de Estado debe incluir la interrupci\u00f3n de estos flujos, UNODC ha identificado la necesidad de integrar por primera vez el indicador de coca\u00edna disponible, es decir, la cantidad estimada de coca\u00edna que llega efectivamente al mercado\u201d, enfatiz\u00f3.<\/p>\n<p>El esquema incluir\u00e1 seis variables:<\/p>\n<ul>\n<li>Incautaciones<\/li>\n<li>producci\u00f3n potencial de lotes no cosechados<\/li>\n<li>disponibilidad para consumo interno<\/li>\n<li>potenciales usos l\u00edcitos<\/li>\n<li>inventarios<\/li>\n<li>flujos provenientes de otros pa\u00edses<\/li>\n<\/ul>\n<h2>Colombia reafirma su lucha contra el narcotr\u00e1fico<\/h2>\n<p>El anuncio tiene lugar tras la decisi\u00f3n de Estados Unidos, a mediados de septiembre, de <strong>eliminar a Colombia de la lista de pa\u00edses que luchan contra las drogas,<\/strong> lo que conlleva el fin de ayudas econ\u00f3micas.<\/p>\n<p>Seg\u00fan el Gobierno colombiano, el \u00faltimo informe de la ONU no reflejaba los avances reales en la reducci\u00f3n del narcotr\u00e1fico.<\/p>\n<p>El presidente Gustavo Petro reaccion\u00f3 a la decisi\u00f3n de la agencia regional en una\u00a0publicaci\u00f3n en redes sociales donde afirm\u00f3 que, bajo su Gobierno, el pa\u00eds es el que \u201cm\u00e1s combate a los narcotraficantes\u201d, y que lucha por una nueva pol\u00edtica \u201cque mitigue de verdad da\u00f1os en las personas y la sociedad\u201d.<\/p>\n<\/div>\n\n","protected":false},"excerpt":{"rendered":"<p>La\u00a0Oficina de las Naciones Unidas contra la Droga y el Delito (UNODC)\u00a0para la Regi\u00f3n Andina y el Cono Sur propone ampliar el sistema de indicadores sobre\u00a0producci\u00f3n potencial de coca\u00edna en Colombia. En un\u00a0comunicado, el organismo admiti\u00f3 que su modelo estad\u00edstico presentaba limitaciones cient\u00edficas y presupuestales, y anunci\u00f3 que trabajar\u00e1 con el Gobierno colombiano para aplicar &hellip;<\/p>\n","protected":false},"author":1,"featured_media":44911,"comment_status":"open","ping_status":"open","sticky":false,"template":"","format":"standard","meta":{"fifu_image_url":"https:\/\/global.unitednations.entermediadb.net\/assets\/mediadb\/services\/module\/asset\/downloads\/preset\/Libraries\/Production%20Library\/15-03-2023_UNODC_Colombia.jpg\/image770x420cropped.jpg","fifu_image_alt":"","footnotes":""},"categories":[3],"tags":[],"class_list":["post-44909","post","type-post","status-publish","format-standard","has-post-thumbnail","","category-negocio"],"_links":{"self":[{"href":"https:\/\/noticiasveraces.com\/index.php?rest_route=\/wp\/v2\/posts\/44909","targetHints":{"allow":["GET"]}}],"collection":[{"href":"https:\/\/noticiasveraces.com\/index.php?rest_route=\/wp\/v2\/posts"}],"about":[{"href":"https:\/\/noticiasveraces.com\/index.php?rest_route=\/wp\/v2\/types\/post"}],"author":[{"embeddable":true,"href":"https:\/\/noticiasveraces.com\/index.php?rest_route=\/wp\/v2\/users\/1"}],"replies":[{"embeddable":true,"href":"https:\/\/noticiasveraces.com\/index.php?rest_route=%2Fwp%2Fv2%2Fcomments&post=44909"}],"version-history":[{"count":0,"href":"https:\/\/noticiasveraces.com\/index.php?rest_route=\/wp\/v2\/posts\/44909\/revisions"}],"wp:featuredmedia":[{"embeddable":true,"href":"https:\/\/noticiasveraces.com\/index.php?rest_route=\/wp\/v2\/media\/44911"}],"wp:attachment":[{"href":"https:\/\/noticiasveraces.com\/index.php?rest_route=%2Fwp%2Fv2%2Fmedia&parent=44909"}],"wp:term":[{"taxonomy":"category","embeddable":true,"href":"https:\/\/noticiasveraces.com\/index.php?rest_route=%2Fwp%2Fv2%2Fcategories&post=44909"},{"taxonomy":"post_tag","embeddable":true,"href":"https:\/\/noticiasveraces.com\/index.php?rest_route=%2Fwp%2Fv2%2Ftags&post=44909"}],"curies":[{"name":"wp","href":"https:\/\/api.w.org\/{rel}","templated":true}]}}