{"id":44888,"date":"2025-10-07T22:12:15","date_gmt":"2025-10-08T02:12:15","guid":{"rendered":"https:\/\/noticiasveraces.com\/?p=44888"},"modified":"2025-10-07T22:12:15","modified_gmt":"2025-10-08T02:12:15","slug":"asi-es-la-humilde-casa-donde-juan-guillermo-cuadrado-vivia-en-su-infancia-curiosidades-de-futbol","status":"publish","type":"post","link":"https:\/\/noticiasveraces.com\/?p=44888","title":{"rendered":"As\u00ed es la humilde casa donde Juan Guillermo Cuadrado viv\u00eda en su infancia | Curiosidades de f\u00fatbol"},"content":{"rendered":"<p> \n<\/p>\n<div id=\"cuerpoArticulo\">\n<p class=\"texto intro cnx-companion-firstparagraph\" id=\"p256580-m547-546-548\">Hoy es uno de los futbolistas colombianos m\u00e1s adinerados, pero <b>la infancia de Juan Guillermo Cuadrado fue muy dura<\/b>. Se crio en Necocl\u00ed, su ciudad natal en Antioquia, lugar donde los tiroteos entre grupos paramilitares y narcotraficantes eran moneda corriente en su barrio, seg\u00fan lo que cont\u00f3 el propio jugador en su libro autobiogr\u00e1fico \u00ab<i>Panita, esta es mi historia<\/i>\u00ab.<\/p>\n<p><span class=\"articulo-subtitulo subtitulo2 espacio-contenido cnx-companion-subtitle\" id=\"p256580-m565-2-566\">As\u00ed era la humilde casa donde viv\u00eda Juan Cuadrado de peque\u00f1o<br \/><\/span><\/p>\n<p class=\"texto contenido-parrafo-articulo cnx-companion-paragraph\" id=\"p256580-m571-3-572\">En su libro, Cuadrado detalla que <b>de peque\u00f1o viv\u00eda en la casa de sus abuelos en Necocl\u00ed<\/b>. El ex Juventus describi\u00f3 c\u00f3mo era la vivienda: ten\u00eda techo de zinc; era de adobe sin revocar, gris, \u00e1spera; y ten\u00eda el piso de tierra. Otro jugador que tuvo una infancia dura, pero que hoy goza de lujos como mansiones, es \u2018Cucho\u2019 Hern\u00e1ndez.<\/p>\n<div class=\"fotografia caja-articulo\" id=\"p256580-m577-4-578\">\n<div class=\"imagen-cuerpo-bk\">\n<figure itemscope=\"\" itemtype=\"https:\/\/schema.org\/ImageObject\" itemprop=\"image\" id=\"m582-581-583\" class=\"foto-galeria-articulo imagen-articulo foto-texto-articulo-galeria\"><img decoding=\"async\" alt=\"Loco\" src=\"data:image\/png;base64,iVBORw0KGgoAAAANSUhEUgAAAAEAAAABCAQAAAC1HAwCAAAAC0lEQVR42mP8\/x0AAvsB+DlKarAAAAAASUVORK5CYII=\" style=\" display: inline;\" data-original=\"\/files\/article_content\/uploads\/2025\/10\/07\/68e59776bcd3c.jpeg\"\/><meta itemprop=\"width\" content=\"600\"\/><meta itemprop=\"height\" content=\"450\"\/> <meta itemprop=\"url\" content=\"https:\/\/www.futbolred.com\/files\/article_content\/uploads\/2025\/10\/07\/68e59776bcd3c.jpeg\"\/><\/figure>\n<\/div><\/div>\n<p class=\"texto contenido-parrafo-articulo cnx-companion-paragraph\" id=\"p256580-m603-5-604\">En la casa de sus abuelos <b>viv\u00edan m\u00e1s de cinco personas<\/b>sin contar al propio Cuadrado. Sin embargo, tampoco era un sitio muy amplio, ya que \u00e9l la describe como \u201cuna peque\u00f1a sala, con el televisor rojo y negro de perillas, con dos habitaciones y la cocina\u201d. <\/p>\n<p class=\"texto contenido-parrafo-articulo cnx-companion-paragraph\" id=\"p256580-m654-7-655\">Por otro lado, <b>la casa contaba con un patio donde el jugador sacaba agua para tomar<\/b>pues all\u00ed su abuelo hab\u00eda construido un tanque de cemento para poder almacenar el agua. Adem\u00e1s, ese mismo lugar era utilizado como ducha por el propio Cuadrado y sus primos.<\/p>\n<p><span class=\"articulo-subtitulo subtitulo2 espacio-contenido cnx-companion-subtitle\" id=\"p256580-m660-8-661\">Juan Cuadrado recuerda su hogar en Necocl\u00ed con nostalgia<br \/><\/span><\/p>\n<p class=\"texto contenido-parrafo-articulo cnx-companion-paragraph\" id=\"p256580-m666-9-667\">Si bien se trataba de un sitio humilde, Cuadrado se mostr\u00f3 muy contento y agradecido por la infancia que tuvo. En su libro, afirm\u00f3 que \u201c<b>Necocl\u00ed era todo lo que en mi ni\u00f1ez hubiera podido desear: playa, r\u00edo, ci\u00e9nagas, bosques, manglares y parajes ex\u00f3ticos<\/b> que quedaban tan cerca como ir a la escuela\u201d. All\u00ed tambi\u00e9n dio sus primeros pasos en el f\u00fatbol, ya que jugaba en una cancha cerca del barrio con un bal\u00f3n rojo que ni siquiera era de cuero.<\/p>\n<\/div>\n\n","protected":false},"excerpt":{"rendered":"<p>Hoy es uno de los futbolistas colombianos m\u00e1s adinerados, pero la infancia de Juan Guillermo Cuadrado fue muy dura. Se crio en Necocl\u00ed, su ciudad natal en Antioquia, lugar donde los tiroteos entre grupos paramilitares y narcotraficantes eran moneda corriente en su barrio, seg\u00fan lo que cont\u00f3 el propio jugador en su libro autobiogr\u00e1fico \u00abPanita, &hellip;<\/p>\n","protected":false},"author":1,"featured_media":44889,"comment_status":"open","ping_status":"open","sticky":false,"template":"","format":"standard","meta":{"fifu_image_url":"https:\/\/www.futbolred.com\/files\/og_thumbnail\/uploads\/2025\/10\/07\/68e596efd3834.png","fifu_image_alt":"","footnotes":""},"categories":[6],"tags":[],"class_list":["post-44888","post","type-post","status-publish","format-standard","has-post-thumbnail","","category-deportes"],"_links":{"self":[{"href":"https:\/\/noticiasveraces.com\/index.php?rest_route=\/wp\/v2\/posts\/44888","targetHints":{"allow":["GET"]}}],"collection":[{"href":"https:\/\/noticiasveraces.com\/index.php?rest_route=\/wp\/v2\/posts"}],"about":[{"href":"https:\/\/noticiasveraces.com\/index.php?rest_route=\/wp\/v2\/types\/post"}],"author":[{"embeddable":true,"href":"https:\/\/noticiasveraces.com\/index.php?rest_route=\/wp\/v2\/users\/1"}],"replies":[{"embeddable":true,"href":"https:\/\/noticiasveraces.com\/index.php?rest_route=%2Fwp%2Fv2%2Fcomments&post=44888"}],"version-history":[{"count":0,"href":"https:\/\/noticiasveraces.com\/index.php?rest_route=\/wp\/v2\/posts\/44888\/revisions"}],"wp:featuredmedia":[{"embeddable":true,"href":"https:\/\/noticiasveraces.com\/index.php?rest_route=\/wp\/v2\/media\/44889"}],"wp:attachment":[{"href":"https:\/\/noticiasveraces.com\/index.php?rest_route=%2Fwp%2Fv2%2Fmedia&parent=44888"}],"wp:term":[{"taxonomy":"category","embeddable":true,"href":"https:\/\/noticiasveraces.com\/index.php?rest_route=%2Fwp%2Fv2%2Fcategories&post=44888"},{"taxonomy":"post_tag","embeddable":true,"href":"https:\/\/noticiasveraces.com\/index.php?rest_route=%2Fwp%2Fv2%2Ftags&post=44888"}],"curies":[{"name":"wp","href":"https:\/\/api.w.org\/{rel}","templated":true}]}}