{"id":44882,"date":"2025-10-07T20:23:55","date_gmt":"2025-10-08T00:23:55","guid":{"rendered":"https:\/\/noticiasveraces.com\/?p=44882"},"modified":"2025-10-07T20:23:55","modified_gmt":"2025-10-08T00:23:55","slug":"cuba-se-queda-sin-energia-tras-nuevo-fallo-en-su-red-electrica","status":"publish","type":"post","link":"https:\/\/noticiasveraces.com\/?p=44882","title":{"rendered":"Cuba se queda sin energ\u00eda tras nuevo fallo en su red el\u00e9ctrica"},"content":{"rendered":"<p> \n<br \/><img decoding=\"async\" src=\"https:\/\/gdb.voanews.com\/db6ed2ef-900f-4882-95b3-50ac26a8585f_w800_h450.jpg\" \/><\/p>\n<div id=\"article-content\">\n<div class=\"wsw\">\n<p style=\"text-align: start;\">Gran parte de Cuba permanec\u00eda sin electricidad la ma\u00f1ana del s\u00e1bado luego del colapso de su red el\u00e9ctrica el viernes -el cuarto en menos de seis meses- reportaron las autoridades del Ministerio de Energ\u00eda y Minas en redes sociales alegando una aver\u00eda en una Subestaci\u00f3n del Diezmero, en La Habana.<\/p>\n<p style=\"text-align: start;\">El apag\u00f3n se produjo alrededor de las 20:15 (hora local) dejando en penumbras a la isla y afectando a unas 10 millones de personas.<\/p>\n<p style=\"text-align: start;\">El operador de la red el\u00e9ctrica de Cuba, UNE, dijo al amanecer que s\u00f3lo se estaba generando alrededor de 225 megavatios (MW), o menos del 10 % de la demanda total, suficiente para cubrir algunos servicios vitales como hospitales, suministro de agua y centros de producci\u00f3n de alimentos.<\/p>\n<p style=\"text-align: start;\">\u00abYa se trabaja en el proceso de recuperaci\u00f3n\u00bb, dijo en la red social X el Ministerio de Energ\u00eda y Minas de la isla, sin dar plazos para la reposici\u00f3n del servicio.<\/p>\n<p style=\"text-align: start;\">El tr\u00e1fico era escaso en las intersecciones sin sem\u00e1foros en funcionamiento y la conexi\u00f3n a internet m\u00f3vil era d\u00e9bil o inexistente en algunas zonas de La Habana la ma\u00f1ana del s\u00e1bado.<\/p>\n<p style=\"text-align: start;\">Este apag\u00f3n se suma a los vividos en 2024 los cuales causaron inconformidad en La Habana y obligaron a suspender las clases y actividades cotidianas.<\/p>\n<p style=\"text-align: start;\">Cuba vive una de sus peores crisis de abastecimiento de corriente el\u00e9ctrica en los \u00faltimo a\u00f1os los cuales son atribuidos a un d\u00e9ficit energ\u00e9tico por la falta de combustible para echar a andar las plantas de generaci\u00f3n.<\/p>\n<p style=\"text-align: start;\"><em><strong>\u00a1Con\u00e9ctate con la Voz de Am\u00e9rica! Suscr\u00edbete a nuestros canales de <\/strong><\/em><em><strong>YouTube<\/strong><\/em><em><strong>, <\/strong><\/em><em><strong>WhatsApp<\/strong><\/em><em><strong>  y al <\/strong><\/em><em><strong>hoja informativa<\/strong><\/em><em><strong>. Activa las notificaciones y s\u00edguenos en <\/strong><\/em><em><strong>Facebook<\/strong><\/em><em><strong>, <\/strong><\/em><a class=\"wsw__a\" href=\"https:\/\/nam10.safelinks.protection.outlook.com\/?url=https%3A%2F%2Ftwitter.com%2FVozdeAmerica&amp;data=05%7C02%7Cwserrano%40voanews.com%7C0b9cfda59f52447b0ed708dc07d64451%7Cba99e87c673541c2b1c1354eee3a8659%7C0%7C0%7C638393864063639904%7CUnknown%7CTWFpbGZsb3d8eyJWIjoiMC4wLjAwMDAiLCJQIjoiV2luMzIiLCJBTiI6Ik1haWwiLCJXVCI6Mn0%3D%7C3000%7C%7C%7C&amp;sdata=unLJDFixL8cjTiSip1dC8ViP8otjrQyzq1ziP2g1PMo%3D&amp;reserved=0\" target=\"_blank\" title=\"https:\/\/nam10.safelinks.protection.outlook.com\/?url=https%3a%2f%2ftwitter.com%2fvozdeamerica&amp;data=05%7c01%7cgocando%40associates.voanews.com%7c85e4290da0bc44559b1208db9a78d6f3%7cba99e87c673541c2b1c1354eee3a8659%7c0%7c0%7c638273616021819023%7cunknown%7ctwf\"><em><strong>inc\u00f3gnita<\/strong><\/em><\/a><em><strong>  mi <\/strong><\/em><em><strong>Instagram<\/strong><\/em><em><strong>.<\/strong><\/em><\/p>\n<\/div>\n<\/div>\n<p><script async src=\"https:\/\/platform.twitter.com\/widgets.js\" charset=\"utf-8\"><\/script><script async src=\"\/\/www.instagram.com\/embed.js\"><\/script><br \/>\n<br \/>\n","protected":false},"excerpt":{"rendered":"<p>Gran parte de Cuba permanec\u00eda sin electricidad la ma\u00f1ana del s\u00e1bado luego del colapso de su red el\u00e9ctrica el viernes -el cuarto en menos de seis meses- reportaron las autoridades del Ministerio de Energ\u00eda y Minas en redes sociales alegando una aver\u00eda en una Subestaci\u00f3n del Diezmero, en La Habana. El apag\u00f3n se produjo alrededor &hellip;<\/p>\n","protected":false},"author":1,"featured_media":44884,"comment_status":"open","ping_status":"open","sticky":false,"template":"","format":"standard","meta":{"fifu_image_url":"https:\/\/gdb.voanews.com\/db6ed2ef-900f-4882-95b3-50ac26a8585f_w1200_h630.jpg","fifu_image_alt":"","footnotes":""},"categories":[13],"tags":[],"class_list":["post-44882","post","type-post","status-publish","format-standard","has-post-thumbnail","","category-mundo"],"_links":{"self":[{"href":"https:\/\/noticiasveraces.com\/index.php?rest_route=\/wp\/v2\/posts\/44882","targetHints":{"allow":["GET"]}}],"collection":[{"href":"https:\/\/noticiasveraces.com\/index.php?rest_route=\/wp\/v2\/posts"}],"about":[{"href":"https:\/\/noticiasveraces.com\/index.php?rest_route=\/wp\/v2\/types\/post"}],"author":[{"embeddable":true,"href":"https:\/\/noticiasveraces.com\/index.php?rest_route=\/wp\/v2\/users\/1"}],"replies":[{"embeddable":true,"href":"https:\/\/noticiasveraces.com\/index.php?rest_route=%2Fwp%2Fv2%2Fcomments&post=44882"}],"version-history":[{"count":0,"href":"https:\/\/noticiasveraces.com\/index.php?rest_route=\/wp\/v2\/posts\/44882\/revisions"}],"wp:featuredmedia":[{"embeddable":true,"href":"https:\/\/noticiasveraces.com\/index.php?rest_route=\/wp\/v2\/media\/44884"}],"wp:attachment":[{"href":"https:\/\/noticiasveraces.com\/index.php?rest_route=%2Fwp%2Fv2%2Fmedia&parent=44882"}],"wp:term":[{"taxonomy":"category","embeddable":true,"href":"https:\/\/noticiasveraces.com\/index.php?rest_route=%2Fwp%2Fv2%2Fcategories&post=44882"},{"taxonomy":"post_tag","embeddable":true,"href":"https:\/\/noticiasveraces.com\/index.php?rest_route=%2Fwp%2Fv2%2Ftags&post=44882"}],"curies":[{"name":"wp","href":"https:\/\/api.w.org\/{rel}","templated":true}]}}