{"id":44876,"date":"2025-10-07T18:47:33","date_gmt":"2025-10-07T22:47:33","guid":{"rendered":"https:\/\/noticiasveraces.com\/?p=44876"},"modified":"2025-10-07T18:47:33","modified_gmt":"2025-10-07T22:47:33","slug":"trump-dispuesto-a-invocar-la-ley-de-insurreccion-para-desplegar-el-ejercito","status":"publish","type":"post","link":"https:\/\/noticiasveraces.com\/?p=44876","title":{"rendered":"Trump dispuesto a invocar la Ley de Insurrecci\u00f3n para desplegar el Ej\u00e9rcito"},"content":{"rendered":"<p> \n<\/p>\n<div>\n<p>El presidente de EE.UU.\u00a0declar\u00f3 este lunes que est\u00e1 dispuesto a aplicar la Ley de Insurrecci\u00f3n para desplegar el Ej\u00e9rcito en las ciudades que, seg\u00fan considera, deben ser salvadas del crimen.<\/p>\n<p>\u00abLo har\u00eda si fuera necesario. Hasta ahora no ha sido necesario, pero tenemos la Ley de Insurrecci\u00f3n por una raz\u00f3n. <strong>Si tuviera que aplicarla, lo har\u00eda<\/strong>. Si la gente estuviera siendo asesinada y los tribunales nos estuvieran frenando o los gobernadores o alcaldes nos estuvieran frenando, claro que lo har\u00eda\u00bb, afirm\u00f3 Donald Trump.<\/p>\n<div class=\"ReadMore-root Section-root Section-is1to3-xs_is1to1\" data-widgets=\"ReadMore\">\n<div class=\"Section-container Section-isRow-isTop-isWrap\">\n<article class=\"Card-root Card-is1to1 Card-default \">\n<div class=\"Card-imageWrap\">\n<div class=\"Card-picture\">\n<picture class=\"Picture-root Picture-default\"><!--[if IE 9]><video style=\"display: none;\"><![endif]--><source media=\"(-webkit-min-device-pixel-ratio: 2) and (min-resolution: 120dpi)\" data-srcset=\"&#10;                                            https:\/\/mf.b37mrtl.ru\/actualidad\/public_images\/2025.09\/thumbnail\/68bd839f59bf5b29d46330c0.jpg 850w,&#10;                                    https:\/\/mf.b37mrtl.ru\/actualidad\/public_images\/2025.09\/article\/68bd839e59bf5b29d46330bf.jpg 1960w,            \" srcset=\"&#10;                                    data:image\/png;base64,iVBORw0KGgoAAAANSUhEUgAAABAAAAAJCAQAAACRI2S5AAAAEElEQVR42mNkIAAYRxWAAQAG9gAKqv6+AwAAAABJRU5ErkJggg==&#10;                            \"><source data-srcset=\"&#10;                                            https:\/\/mf.b37mrtl.ru\/actualidad\/public_images\/2025.09\/thumbnail\/68bd839f59bf5b29d46330c0.jpg 460,&#10;                                  https:\/\/mf.b37mrtl.ru\/actualidad\/public_images\/2025.09\/article\/68bd839e59bf5b29d46330bf.jpg 980w,&#10;            \" srcset=\"&#10;                                    data:image\/png;base64,iVBORw0KGgoAAAANSUhEUgAAABAAAAAJCAQAAACRI2S5AAAAEElEQVR42mNkIAAYRxWAAQAG9gAKqv6+AwAAAABJRU5ErkJggg==&#10;                            \"><!--[if IE 9]><\/video><![endif]--><img decoding=\"async\" data-sizes=\"auto\" src=\"&#10;                                    data:image\/png;base64,iVBORw0KGgoAAAANSUhEUgAAABAAAAAJCAQAAACRI2S5AAAAEElEQVR42mNkIAAYRxWAAQAG9gAKqv6+AwAAAABJRU5ErkJggg==&#10;                            \" class=\"Picture-root Picture-default lazyload\" data-src=\"https:\/\/mf.b37mrtl.ru\/actualidad\/public_images\/2025.09\/thumbnail\/68bd839f59bf5b29d46330c0.jpg\" alt=\"El presidente de EE.UU., Donald Trump\"\/><\/source><\/source><\/picture><!-- noscript pattern --><img decoding=\"async\" src=\"https:\/\/mf.b37mrtl.ru\/actualidad\/public_images\/2025.09\/article\/68bd839e59bf5b29d46330bf.jpg\" alt=\"El presidente de EE.UU., Donald Trump\"\/>    <\/div>\n<\/p><\/div>\n<\/article><\/div>\n<\/p><\/div>\n<p>\u00abQuiero asegurarme de que la gente no sea asesinada. Tenemos que asegurarnos de que nuestras ciudades sean seguras\u00bb, agreg\u00f3.<\/p>\n<p>En este sentido, Trump critic\u00f3 al gobernador de Illinois, Jay Robert Pritzker, y al alcalde de Chicago, Brandon Johnson \u2014que denunciaron la decisi\u00f3n presidencial\u00a0de desplegar a la Guardia Nacional, bajo control federal, en Chicago\u2014, por decir que \u00ablo tienen todo bajo control\u00bb, aunque en realidad \u00abocurre lo contrario\u00bb. El presidente afirm\u00f3 que los residentes de esa y otras ciudades como Portland (Oreg\u00f3n) \u00abtienen miedo por sus vidas\u00bb. <\/p>\n<blockquote>\n<p>\u00abCreo que la gente de Portland tiene miedo. Basta ver lo que ha pasado en Portland en los \u00faltimos a\u00f1os: es un infierno en llamas\u00bb, sostuvo Trump.<\/p>\n<\/blockquote>\n<p>En este contexto, el mandatario critic\u00f3 la decisi\u00f3n de la jueza federal Karin Immergut de impedir el despliegue de la Guardia Nacional en Portland.<\/p>\n<p>\u00abY luego est\u00e1 una jueza que perdi\u00f3 el rumbo, que intenta fingir que no hay ning\u00fan problema. En realidad, ni siquiera dice eso: <strong>hay un enorme problema en Portland<\/strong>. \u00bfY saben cu\u00e1l es el problema? El crimen\u00bb, dijo, agregando que Chicago tiene el mismo \u00abgran problema\u00bb. \u00abAs\u00ed que tenemos que salvar Chicago. Es muy importante\u00bb, reiter\u00f3.<\/p>\n<p>En conclusi\u00f3n, Trump asegur\u00f3 que su Administraci\u00f3n quiere acabar con el crimen, mientras que otras figuras pol\u00edticas y de la Justicia \u00abquieren avivarlo\u00bb.<\/p>\n<h3>Responder\u00a0a una \u00abinsurrecci\u00f3n\u00bb<\/h3>\n<p>La Ley de Insurrecci\u00f3n, modificada varias veces desde su aprobaci\u00f3n en 1807, autoriza\u00a0el empleo de las fuerzas terrestres y navales de EE.UU. para\u00a0responder\u00a0a \u00abcualquier insurrecci\u00f3n, violencia interna, combinaci\u00f3n ilegal o conspiraci\u00f3n\u00bb que \u00abobstaculice la ejecuci\u00f3n de las leyes de\u00a0EE.UU. o se oponga a ello o impida el curso de la Justicia\u00a0establecido por\u00a0esas leyes\u00bb.<\/p>\n<p>Seg\u00fan esta norma, el presidente tiene derecho\u00a0a aplicar\u00a0la ley <strong>sin consultarlo<\/strong> con el Congreso, aunque debe hacerlo a trav\u00e9s de <strong>una proclamaci\u00f3n formal<\/strong> para dar tiempo a los residentes de las \u00e1reas afectadas a dispersarse y regresar a sus hogares en un tiempo limitado.<\/p>\n<div class=\"ReadMore-root Section-root Section-is1to3-xs_is1to1\" data-widgets=\"ReadMore\">\n<div class=\"Section-container Section-isRow-isTop-isWrap\">\n<article class=\"Card-root Card-is1to1 Card-default \">\n<div class=\"Card-imageWrap\">\n<div class=\"Card-picture\">\n<picture class=\"Picture-root Picture-default\"><!--[if IE 9]><video style=\"display: none;\"><![endif]--><source media=\"(-webkit-min-device-pixel-ratio: 2) and (min-resolution: 120dpi)\" data-srcset=\"&#10;                                            https:\/\/mf.b37mrtl.ru\/actualidad\/public_images\/2025.09\/thumbnail\/68d3eb4059bf5b19ba2d943a.jpg 850w,&#10;                                    https:\/\/mf.b37mrtl.ru\/actualidad\/public_images\/2025.09\/article\/68d3eb4059bf5b19ba2d943a.jpg 1960w,            \" srcset=\"&#10;                                    data:image\/png;base64,iVBORw0KGgoAAAANSUhEUgAAABAAAAAJCAQAAACRI2S5AAAAEElEQVR42mNkIAAYRxWAAQAG9gAKqv6+AwAAAABJRU5ErkJggg==&#10;                            \"><source data-srcset=\"&#10;                                            https:\/\/mf.b37mrtl.ru\/actualidad\/public_images\/2025.09\/thumbnail\/68d3eb4059bf5b19ba2d943a.jpg 460,&#10;                                  https:\/\/mf.b37mrtl.ru\/actualidad\/public_images\/2025.09\/article\/68d3eb4059bf5b19ba2d943a.jpg 980w,&#10;            \" srcset=\"&#10;                                    data:image\/png;base64,iVBORw0KGgoAAAANSUhEUgAAABAAAAAJCAQAAACRI2S5AAAAEElEQVR42mNkIAAYRxWAAQAG9gAKqv6+AwAAAABJRU5ErkJggg==&#10;                            \"><!--[if IE 9]><\/video><![endif]--><img decoding=\"async\" data-sizes=\"auto\" src=\"&#10;                                    data:image\/png;base64,iVBORw0KGgoAAAANSUhEUgAAABAAAAAJCAQAAACRI2S5AAAAEElEQVR42mNkIAAYRxWAAQAG9gAKqv6+AwAAAABJRU5ErkJggg==&#10;                            \" class=\"Picture-root Picture-default lazyload\" data-src=\"https:\/\/mf.b37mrtl.ru\/actualidad\/public_images\/2025.09\/thumbnail\/68d3eb4059bf5b19ba2d943a.jpg\" alt=\"Varios heridos y muertos en tiroteo en instalaciones del ICE en EE.UU.\"\/><\/source><\/source><\/picture><!-- noscript pattern --><img decoding=\"async\" src=\"https:\/\/mf.b37mrtl.ru\/actualidad\/public_images\/2025.09\/article\/68d3eb4059bf5b19ba2d943a.jpg\" alt=\"Varios heridos y muertos en tiroteo en instalaciones del ICE en EE.UU.\"\/>    <\/div>\n<\/p><\/div>\n<\/article><\/div>\n<\/p><\/div>\n<p>En 2020, Trump\u00a0anunci\u00f3\u00a0el despliegue\u00a0masivo de militares y polic\u00edas para detener\u00a0los <strong>disturbios<\/strong> en la\u00a0capital del pa\u00eds, Washington, mientras multitudinarias manifestaciones\u00a0sacud\u00edan al pa\u00eds por la\u00a0muerte\u00a0del afroamericano George Floyd, fallecido a manos de la Polic\u00eda.<\/p>\n<p>Aunque en aquel entonces el mandatario amenaz\u00f3 con aplicar la Ley de Insurrecci\u00f3n y habl\u00f3 de ello p\u00fablicamente, los despliegues reales fueron principalmente de la Guardia Nacional y tropas federales bajo otros mecanismos legales.<\/p>\n<ul>\n<li>Las autoridades locales han presentado una fuerte oposici\u00f3n a la decisi\u00f3n de Trump de\u00a0desplegar la Guardia Nacional en sus territorios. As\u00ed, el gobernador de Illinois lo\u00a0interpret\u00f3\u00a0como una \u00abamenaza de guerra\u00bb.<\/li>\n<li>A este se sum\u00f3 el alcalde de Chicago, Brandon Johnson, quien\u00a0manifest\u00f3\u00a0que las palabras de Trump indican que\u00a0\u00abquiere ocupar nuestra ciudad\u00a0y romper nuestra Constituci\u00f3n\u00bb.<\/li>\n<li>A finales de septiembre, Trump orden\u00f3 al Departamento de Guerra que env\u00ede \u00abtodos los soldados necesarios\u00bb\u00a0a Portland para asegurar la ciudad y salvaguardar al personal de Inmigraci\u00f3n y Control de Aduanas (ICE).<\/li>\n<li>La violencia contra\u00a0el ICE est\u00e1 creciendo en EE.UU. en medio del descontento popular por las pol\u00edticas migratorias y masivas deportaciones de Trump. Las protestas\u00a0han causado\u00a0heridos e incluso muertos, mientras\u00a0Washington\u00a0intensifica\u00a0las medidas antimigrantes.<\/li>\n<\/ul>\n<\/div>\n\n","protected":false},"excerpt":{"rendered":"<p>El presidente de EE.UU.\u00a0declar\u00f3 este lunes que est\u00e1 dispuesto a aplicar la Ley de Insurrecci\u00f3n para desplegar el Ej\u00e9rcito en las ciudades que, seg\u00fan considera, deben ser salvadas del crimen. \u00abLo har\u00eda si fuera necesario. Hasta ahora no ha sido necesario, pero tenemos la Ley de Insurrecci\u00f3n por una raz\u00f3n. Si tuviera que aplicarla, lo &hellip;<\/p>\n","protected":false},"author":1,"featured_media":44878,"comment_status":"open","ping_status":"open","sticky":false,"template":"","format":"standard","meta":{"fifu_image_url":"https:\/\/mf.b37mrtl.ru\/actualidad\/public_images\/2025.10\/article\/68e50700e9ff7176e935d102.jpg","fifu_image_alt":"","footnotes":""},"categories":[13],"tags":[],"class_list":["post-44876","post","type-post","status-publish","format-standard","has-post-thumbnail","","category-mundo"],"_links":{"self":[{"href":"https:\/\/noticiasveraces.com\/index.php?rest_route=\/wp\/v2\/posts\/44876","targetHints":{"allow":["GET"]}}],"collection":[{"href":"https:\/\/noticiasveraces.com\/index.php?rest_route=\/wp\/v2\/posts"}],"about":[{"href":"https:\/\/noticiasveraces.com\/index.php?rest_route=\/wp\/v2\/types\/post"}],"author":[{"embeddable":true,"href":"https:\/\/noticiasveraces.com\/index.php?rest_route=\/wp\/v2\/users\/1"}],"replies":[{"embeddable":true,"href":"https:\/\/noticiasveraces.com\/index.php?rest_route=%2Fwp%2Fv2%2Fcomments&post=44876"}],"version-history":[{"count":0,"href":"https:\/\/noticiasveraces.com\/index.php?rest_route=\/wp\/v2\/posts\/44876\/revisions"}],"wp:featuredmedia":[{"embeddable":true,"href":"https:\/\/noticiasveraces.com\/index.php?rest_route=\/wp\/v2\/media\/44878"}],"wp:attachment":[{"href":"https:\/\/noticiasveraces.com\/index.php?rest_route=%2Fwp%2Fv2%2Fmedia&parent=44876"}],"wp:term":[{"taxonomy":"category","embeddable":true,"href":"https:\/\/noticiasveraces.com\/index.php?rest_route=%2Fwp%2Fv2%2Fcategories&post=44876"},{"taxonomy":"post_tag","embeddable":true,"href":"https:\/\/noticiasveraces.com\/index.php?rest_route=%2Fwp%2Fv2%2Ftags&post=44876"}],"curies":[{"name":"wp","href":"https:\/\/api.w.org\/{rel}","templated":true}]}}