{"id":44857,"date":"2025-10-07T15:49:15","date_gmt":"2025-10-07T19:49:15","guid":{"rendered":"https:\/\/noticiasveraces.com\/?p=44857"},"modified":"2025-10-07T15:49:15","modified_gmt":"2025-10-07T19:49:15","slug":"ivan-mejia-lanzo-dura-critica-contra-dos-figuras-de-atletico-nacional","status":"publish","type":"post","link":"https:\/\/noticiasveraces.com\/?p=44857","title":{"rendered":"Iv\u00e1n Mej\u00eda lanz\u00f3 dura cr\u00edtica contra dos figuras de Atl\u00e9tico Nacional"},"content":{"rendered":"<p> \n<br \/><img decoding=\"async\" src=\"https:\/\/www.futbolred.com\/files\/article_graphic\/uploads\/2025\/10\/07\/68e55772d086a.jpeg\" \/><\/p>\n<header>\n<h3>Curiosidades de f\u00fatbol<br \/>\n            <\/h3>\n<h1>Iv\u00e1n Mej\u00eda lanz\u00f3 dura cr\u00edtica contra dos figuras de Atl\u00e9tico Nacional<br \/>\n        <\/h1>\n<address>\n            <a>Juan Pablo Ar\u00e9valo<br \/>\n        <\/address>\n<p>        07 de octubre de 2025, 01:41 p.m. metro.<\/p>\n<\/header>\n<p>El periodista hizo explotar sus redes por un comentario contra Marino Hinestroza y Marlos Moreno.<\/p>\n<p>Iv\u00e1n Mej\u00eda \u00c1lvarez no necesita de muchas palabras para crear pol\u00e9mica en las redes sociales. Sus comentarios mordaces apuntan directo a figuras del f\u00fatbol, o a veces a los personajes de la pol\u00edtica colombiana.<\/p>\n<p>En este caso, el experimentado periodista, retirado de los medios de comunicaci\u00f3n, aprovech\u00f3 una cr\u00edtica a un jugador de Atl\u00e9tico Nacional para convertirlo en un duro comentario contra dos figuras verdolagas.<\/p>\n<p>Un seguidor de Mej\u00eda critic\u00f3 a Marino Hinestroza por su baj\u00f3n deportivo, recordando que hace un a\u00f1o era considerado como la gran revelaci\u00f3n del f\u00fatbol colombiano, pero que actualmente su presente es malo.<\/p>\n<p>\u201cMarino Hinestroza era Garrincha hace un a\u00f1o, y hoy no llega ni a Jhon Edison Mosquera\u201d, fue el comentario de la cuenta @DarioSerna1990, en X [antes Twitter].<\/p>\n<p>As\u00ed, el periodista vallecaucano, de 75 a\u00f1os, record\u00f3 a otro jugador de Nacional que fue promesa y promocionado como una joya del f\u00fatbol colombiano, pero que no pudo triunfar. \u201cUn Marlos (Moreno)\u2026\u201d, fue la referencia de Mej\u00eda.<\/p>\n\n","protected":false},"excerpt":{"rendered":"<p>Curiosidades de f\u00fatbol Iv\u00e1n Mej\u00eda lanz\u00f3 dura cr\u00edtica contra dos figuras de Atl\u00e9tico Nacional Juan Pablo Ar\u00e9valo 07 de octubre de 2025, 01:41 p.m. metro. El periodista hizo explotar sus redes por un comentario contra Marino Hinestroza y Marlos Moreno. Iv\u00e1n Mej\u00eda \u00c1lvarez no necesita de muchas palabras para crear pol\u00e9mica en las redes sociales. &hellip;<\/p>\n","protected":false},"author":1,"featured_media":44859,"comment_status":"open","ping_status":"open","sticky":false,"template":"","format":"standard","meta":{"fifu_image_url":"https:\/\/www.futbolred.com\/files\/og_thumbnail\/uploads\/2025\/10\/07\/68e55772d086a.jpeg","fifu_image_alt":"","footnotes":""},"categories":[6],"tags":[],"class_list":["post-44857","post","type-post","status-publish","format-standard","has-post-thumbnail","","category-deportes"],"_links":{"self":[{"href":"https:\/\/noticiasveraces.com\/index.php?rest_route=\/wp\/v2\/posts\/44857","targetHints":{"allow":["GET"]}}],"collection":[{"href":"https:\/\/noticiasveraces.com\/index.php?rest_route=\/wp\/v2\/posts"}],"about":[{"href":"https:\/\/noticiasveraces.com\/index.php?rest_route=\/wp\/v2\/types\/post"}],"author":[{"embeddable":true,"href":"https:\/\/noticiasveraces.com\/index.php?rest_route=\/wp\/v2\/users\/1"}],"replies":[{"embeddable":true,"href":"https:\/\/noticiasveraces.com\/index.php?rest_route=%2Fwp%2Fv2%2Fcomments&post=44857"}],"version-history":[{"count":0,"href":"https:\/\/noticiasveraces.com\/index.php?rest_route=\/wp\/v2\/posts\/44857\/revisions"}],"wp:featuredmedia":[{"embeddable":true,"href":"https:\/\/noticiasveraces.com\/index.php?rest_route=\/wp\/v2\/media\/44859"}],"wp:attachment":[{"href":"https:\/\/noticiasveraces.com\/index.php?rest_route=%2Fwp%2Fv2%2Fmedia&parent=44857"}],"wp:term":[{"taxonomy":"category","embeddable":true,"href":"https:\/\/noticiasveraces.com\/index.php?rest_route=%2Fwp%2Fv2%2Fcategories&post=44857"},{"taxonomy":"post_tag","embeddable":true,"href":"https:\/\/noticiasveraces.com\/index.php?rest_route=%2Fwp%2Fv2%2Ftags&post=44857"}],"curies":[{"name":"wp","href":"https:\/\/api.w.org\/{rel}","templated":true}]}}