{"id":44840,"date":"2025-10-07T11:24:22","date_gmt":"2025-10-07T15:24:22","guid":{"rendered":"https:\/\/noticiasveraces.com\/?p=44840"},"modified":"2025-10-07T11:24:22","modified_gmt":"2025-10-07T15:24:22","slug":"los-sintomas-de-alzheimer-y-de-demencia-podrian-empeorar-con-la-contaminacion-del-aire-descubre-el-estudio","status":"publish","type":"post","link":"https:\/\/noticiasveraces.com\/?p=44840","title":{"rendered":"Los s\u00edntomas de Alzheimer y de demencia podr\u00edan empeorar con la contaminaci\u00f3n del aire, descubre el estudio"},"content":{"rendered":"<p> \n<\/p>\n<div>\n<div id=\"beyondwords-wrapper\" class=\"beyondwords-wrapper\">\n<p><span class=\"label-bg\">NUEVO<\/span>\u00a1Ahora puedes escuchar art\u00edculos de Fox News!\n  <\/p>\n<\/div>\n<p class=\"speakable\">La contaminaci\u00f3n del aire podr\u00eda empeorar los s\u00edntomas de Alzheimer y de demencia, seg\u00fan un nuevo estudio.<\/p>\n<p class=\"speakable\">Investigadores de la Facultad de Medicina Perelman de la Universidad de Pensilvania han encontrado que la contaminaci\u00f3n del aire puede acelerar la acumulaci\u00f3n de prote\u00ednas t\u00f3xicas en el cerebro, lo que puede acelerar el deterioro cognitivo.<\/p>\n<p>El estudio, publicado en JAMA Neurology, investig\u00f3 c\u00f3mo la importancia de las part\u00edculas finas (PM2.5) se vincul\u00f3 con los cambios cerebrales observados en la demencia y el Alzheimer y la gravedad de los s\u00edntomas.<\/p>\n<p><strong>El riesgo de Alzheimer podr\u00eda aumentar con un patr\u00f3n de sue\u00f1o espec\u00edfico, los expertos advierten<\/strong><\/p>\n<p>Los cerebros de 602 personas fueron examinados despu\u00e9s de la muerte en el Penn Medicine Brain Bank de 1999 a 2022. Estos datos se analizaron de enero a junio de 2025.<\/p>\n<p>Los participantes incluyeron a aquellos con demencias comunes y trastornos del movimiento, as\u00ed como adultos mayores sin demencia.<\/p>\n<div class=\"image-ct inline\">\n<div class=\"m\"><picture><source media=\"(max-width: 767px)\" srcset=\"https:\/\/a57.foxnews.com\/static.foxnews.com\/foxnews.com\/content\/uploads\/2025\/10\/343\/192\/senior-woman-doctor-brain-scan.jpg?ve=1&amp;tl=1, https:\/\/a57.foxnews.com\/static.foxnews.com\/foxnews.com\/content\/uploads\/2025\/10\/686\/384\/senior-woman-doctor-brain-scan.jpg?ve=1&amp;tl=1 2x\" height=\"192\" width=\"343\"><source media=\"(min-width: 768px) and (max-width: 1023px)\" srcset=\"https:\/\/a57.foxnews.com\/static.foxnews.com\/foxnews.com\/content\/uploads\/2025\/10\/672\/378\/senior-woman-doctor-brain-scan.jpg?ve=1&amp;tl=1, https:\/\/a57.foxnews.com\/static.foxnews.com\/foxnews.com\/content\/uploads\/2025\/10\/1344\/756\/senior-woman-doctor-brain-scan.jpg?ve=1&amp;tl=1 2x\" height=\"378\" width=\"672\"><source media=\"(min-width: 1024px) and (max-width: 1279px)\" srcset=\"https:\/\/a57.foxnews.com\/static.foxnews.com\/foxnews.com\/content\/uploads\/2025\/10\/931\/523\/senior-woman-doctor-brain-scan.jpg?ve=1&amp;tl=1, https:\/\/a57.foxnews.com\/static.foxnews.com\/foxnews.com\/content\/uploads\/2025\/10\/1862\/1046\/senior-woman-doctor-brain-scan.jpg?ve=1&amp;tl=1 2x\" height=\"523\" width=\"931\"><source media=\"(min-width: 1280px)\" srcset=\"https:\/\/a57.foxnews.com\/static.foxnews.com\/foxnews.com\/content\/uploads\/2025\/10\/720\/405\/senior-woman-doctor-brain-scan.jpg?ve=1&amp;tl=1, https:\/\/a57.foxnews.com\/static.foxnews.com\/foxnews.com\/content\/uploads\/2025\/10\/1440\/810\/senior-woman-doctor-brain-scan.jpg?ve=1&amp;tl=1 2x\" height=\"405\" width=\"720\"><img loading=\"lazy\" decoding=\"async\" src=\"https:\/\/a57.foxnews.com\/static.foxnews.com\/foxnews.com\/content\/uploads\/2025\/10\/1200\/675\/senior-woman-doctor-brain-scan.jpg?ve=1&amp;tl=1\" alt=\"El m\u00e9dico apunta a la resonancia magn\u00e9tica de la resonancia magn\u00e9tica con el paciente\" width=\"1200\" height=\"675\"\/><\/source><\/source><\/source><\/source><\/picture><\/div>\n<div class=\"info\">\n<div class=\"caption\">\n<p><span>El estudio sugiere que la contaminaci\u00f3n puede contribuir a la demencia impulsando activamente los cambios en el cerebro.<\/span> <span>(Istock)<\/span><\/p>\n<\/div>\n<\/div>\n<\/div>\n<p>Los investigadores estimaron cu\u00e1nta contaminaci\u00f3n del aire se expuso cada persona en el a\u00f1o anterior a la muerte o antes de su \u00faltima evaluaci\u00f3n de demencia, en funci\u00f3n de su discurso en el hogar.<\/p>\n<p>Se descubri\u00f3 que las personas expuestas a una mayor contaminaci\u00f3n ten\u00edan cambios de tipo Alzheimer m\u00e1s avanzados en sus cerebros.<\/p>\n<p><strong>Hacer estos 11 cambios en el estilo de vida podr\u00eda evitar los de Alzheimer, dice el experto<\/strong><\/p>\n<p>Cada aumento en PM2.5 se vincul\u00f3 a un 19% m\u00e1s de probabilidades de tener Alzheimer m\u00e1s severo.<\/p>\n<div class=\"image-ct inline\">\n<div class=\"m\"><picture><source media=\"(max-width: 767px)\" srcset=\"https:\/\/a57.foxnews.com\/static.foxnews.com\/foxnews.com\/content\/uploads\/2025\/10\/343\/192\/air-pollution-woman-coughing.jpg?ve=1&amp;tl=1, https:\/\/a57.foxnews.com\/static.foxnews.com\/foxnews.com\/content\/uploads\/2025\/10\/686\/384\/air-pollution-woman-coughing.jpg?ve=1&amp;tl=1 2x\" height=\"192\" width=\"343\"><source media=\"(min-width: 768px) and (max-width: 1023px)\" srcset=\"https:\/\/a57.foxnews.com\/static.foxnews.com\/foxnews.com\/content\/uploads\/2025\/10\/672\/378\/air-pollution-woman-coughing.jpg?ve=1&amp;tl=1, https:\/\/a57.foxnews.com\/static.foxnews.com\/foxnews.com\/content\/uploads\/2025\/10\/1344\/756\/air-pollution-woman-coughing.jpg?ve=1&amp;tl=1 2x\" height=\"378\" width=\"672\"><source media=\"(min-width: 1024px) and (max-width: 1279px)\" srcset=\"https:\/\/a57.foxnews.com\/static.foxnews.com\/foxnews.com\/content\/uploads\/2025\/10\/931\/523\/air-pollution-woman-coughing.jpg?ve=1&amp;tl=1, https:\/\/a57.foxnews.com\/static.foxnews.com\/foxnews.com\/content\/uploads\/2025\/10\/1862\/1046\/air-pollution-woman-coughing.jpg?ve=1&amp;tl=1 2x\" height=\"523\" width=\"931\"><source media=\"(min-width: 1280px)\" srcset=\"https:\/\/a57.foxnews.com\/static.foxnews.com\/foxnews.com\/content\/uploads\/2025\/10\/720\/405\/air-pollution-woman-coughing.jpg?ve=1&amp;tl=1, https:\/\/a57.foxnews.com\/static.foxnews.com\/foxnews.com\/content\/uploads\/2025\/10\/1440\/810\/air-pollution-woman-coughing.jpg?ve=1&amp;tl=1 2x\" height=\"405\" width=\"720\"><img loading=\"lazy\" decoding=\"async\" src=\"https:\/\/a57.foxnews.com\/static.foxnews.com\/foxnews.com\/content\/uploads\/2025\/10\/1200\/675\/air-pollution-woman-coughing.jpg?ve=1&amp;tl=1\" alt=\"tos de mujer en aire contaminado\" width=\"1200\" height=\"675\"\/><\/source><\/source><\/source><\/source><\/picture><\/div>\n<div class=\"info\">\n<div class=\"caption\">\n<p><span>Aquellos que viv\u00edan en \u00e1reas con altas concentraciones de PM2.5 con patolog\u00eda avanzada ten\u00edan un mayor deterioro cognitivo y un inicio m\u00e1s r\u00e1pido de s\u00edntomas como la p\u00e9rdida de memoria, dificultad con el habla y el mal juicio.<\/span> <span>(Istock)<\/span><\/p>\n<\/div>\n<\/div>\n<\/div>\n<p>El estudio tambi\u00e9n consider\u00f3 un grupo m\u00e1s peque\u00f1o de 287 personas que ten\u00edan evaluaciones de demencia antes de la muerte.<\/p>\n<p>Para este grupo, una mayor exposici\u00f3n de PM2.5 se vincul\u00f3 a un atenuaci\u00f3n cognitiva y funcional empeorada, incluida la p\u00e9rdida de memoria, el juicio deteriorado y la dificultad con el cuidado personal y el habla.<\/p>\n<p><strong><u>Haga clic aqu\u00ed para obtener la aplicaci\u00f3n Fox News<\/u><\/strong><\/p>\n<p>Seg\u00fan los investigadores, aproximadamente el 63% del v\u00ednculo entre la contaminaci\u00f3n del aire y la gravedad de la demencia podr\u00eda explicarse por los cambios cerebrales relacionados con Alzheimer.<\/p>\n<p>Edward Lee, MD, Ph.D., codirector del Instituto de Envejecimiento de Penn, coment\u00f3 sobre estos hallazgos en un comunicado de prensa para el estudio.<\/p>\n<p><strong><u>Haga clic aqu\u00ed para registrarse en nuestro bolet\u00edn de salud<\/u><\/strong><\/p>\n<p>\u00abEste estudio muestra que la contaminaci\u00f3n del aire no solo aumenta el riesgo de demencia, sino que empeora la enfermedad de Alzheimer\u00bb, dijo. \u00abA medida que los investigadores contin\u00faan buscando nuevos tratamientos, es importante descubrir todos los factores que contribuyen a la enfermedad, incluida la influencia del entorno en el que viven\u00bb.<\/p>\n<p>Lee agreg\u00f3 que la contaminaci\u00f3n del aire en los EE. UU. Est\u00e1 en los \u00abniveles m\u00e1s bajos en d\u00e9cadas\u00bb, pero incluso solo un a\u00f1o que vive en un \u00e1rea de alta contaminaci\u00f3n puede tener un \u00abgran impacto en el riesgo de una persona de desarrollar la enfermedad de Alzheimer\u00bb. <\/p>\n<div class=\"image-ct inline\">\n<div class=\"m\"><picture><source media=\"(max-width: 767px)\" srcset=\"https:\/\/a57.foxnews.com\/static.foxnews.com\/foxnews.com\/content\/uploads\/2025\/08\/343\/192\/man-confused-dementia.jpg?ve=1&amp;tl=1, https:\/\/a57.foxnews.com\/static.foxnews.com\/foxnews.com\/content\/uploads\/2025\/08\/686\/384\/man-confused-dementia.jpg?ve=1&amp;tl=1 2x\" height=\"192\" width=\"343\"><source media=\"(min-width: 768px) and (max-width: 1023px)\" srcset=\"https:\/\/a57.foxnews.com\/static.foxnews.com\/foxnews.com\/content\/uploads\/2025\/08\/672\/378\/man-confused-dementia.jpg?ve=1&amp;tl=1, https:\/\/a57.foxnews.com\/static.foxnews.com\/foxnews.com\/content\/uploads\/2025\/08\/1344\/756\/man-confused-dementia.jpg?ve=1&amp;tl=1 2x\" height=\"378\" width=\"672\"><source media=\"(min-width: 1024px) and (max-width: 1279px)\" srcset=\"https:\/\/a57.foxnews.com\/static.foxnews.com\/foxnews.com\/content\/uploads\/2025\/08\/931\/523\/man-confused-dementia.jpg?ve=1&amp;tl=1, https:\/\/a57.foxnews.com\/static.foxnews.com\/foxnews.com\/content\/uploads\/2025\/08\/1862\/1046\/man-confused-dementia.jpg?ve=1&amp;tl=1 2x\" height=\"523\" width=\"931\"><source media=\"(min-width: 1280px)\" srcset=\"https:\/\/a57.foxnews.com\/static.foxnews.com\/foxnews.com\/content\/uploads\/2025\/08\/720\/405\/man-confused-dementia.jpg?ve=1&amp;tl=1, https:\/\/a57.foxnews.com\/static.foxnews.com\/foxnews.com\/content\/uploads\/2025\/08\/1440\/810\/man-confused-dementia.jpg?ve=1&amp;tl=1 2x\" height=\"405\" width=\"720\"><img loading=\"lazy\" decoding=\"async\" src=\"https:\/\/a57.foxnews.com\/static.foxnews.com\/foxnews.com\/content\/uploads\/2025\/08\/1200\/675\/man-confused-dementia.jpg?ve=1&amp;tl=1\" alt=\"Hombre mayor confundido\" width=\"1200\" height=\"675\"\/><\/source><\/source><\/source><\/source><\/picture><\/div>\n<div class=\"info\">\n<div class=\"caption\">\n<p><span>Seg\u00fan los investigadores, aproximadamente el 63% del v\u00ednculo entre la contaminaci\u00f3n del aire y la gravedad de la demencia podr\u00eda explicarse por los cambios cerebrales relacionados con Alzheimer.<\/span> <span>(Istock)<\/span><\/p>\n<\/div>\n<\/div>\n<\/div>\n<p>El estudio ten\u00eda algunas limitaciones, reconocieron los investigadores.<\/p>\n<p>Los individuos estudiados eran principalmente blancos, altamente educados y de \u00abvecindarios con ventajas\u00bb. El estudio tambi\u00e9n se centr\u00f3 en el Alzheimer y no era representativo de otras formas de demencia.<\/p>\n<p><i><strong><u>Para m\u00e1s art\u00edculos de salud, visite www.foxnews.com\/Health<\/u><\/strong><\/i><\/p>\n<p>El estudio tambi\u00e9n podr\u00eda haber subestimado el impacto de la contaminaci\u00f3n del aire en los vasos sangu\u00edneos en el cerebro, se\u00f1alaron.<\/p>\n<p>Esta investigaci\u00f3n fue financiada por los Institutos Nacionales de Salud y el Instituto Nacional de Ciencias de la Salud Ambiental.<\/p>\n<p> <!----> <\/p>\n<div class=\"article-meta\">\n<div class=\"author-bio\">\n<p>Angelica Stabile es una reportera de estilo de vida para Fox News Digital.<\/p>\n<\/div>\n<\/div>\n<\/div>\n\n","protected":false},"excerpt":{"rendered":"<p>NUEVO\u00a1Ahora puedes escuchar art\u00edculos de Fox News! La contaminaci\u00f3n del aire podr\u00eda empeorar los s\u00edntomas de Alzheimer y de demencia, seg\u00fan un nuevo estudio. Investigadores de la Facultad de Medicina Perelman de la Universidad de Pensilvania han encontrado que la contaminaci\u00f3n del aire puede acelerar la acumulaci\u00f3n de prote\u00ednas t\u00f3xicas en el cerebro, lo que &hellip;<\/p>\n","protected":false},"author":1,"featured_media":44842,"comment_status":"open","ping_status":"open","sticky":false,"template":"","format":"standard","meta":{"fifu_image_url":"https:\/\/a57.foxnews.com\/static.foxnews.com\/foxnews.com\/content\/uploads\/2025\/10\/1200\/675\/senior-woman-doctor-brain-scan.jpg?ve=1&tl=1","fifu_image_alt":"","footnotes":""},"categories":[8],"tags":[],"class_list":["post-44840","post","type-post","status-publish","format-standard","has-post-thumbnail","","category-salud"],"_links":{"self":[{"href":"https:\/\/noticiasveraces.com\/index.php?rest_route=\/wp\/v2\/posts\/44840","targetHints":{"allow":["GET"]}}],"collection":[{"href":"https:\/\/noticiasveraces.com\/index.php?rest_route=\/wp\/v2\/posts"}],"about":[{"href":"https:\/\/noticiasveraces.com\/index.php?rest_route=\/wp\/v2\/types\/post"}],"author":[{"embeddable":true,"href":"https:\/\/noticiasveraces.com\/index.php?rest_route=\/wp\/v2\/users\/1"}],"replies":[{"embeddable":true,"href":"https:\/\/noticiasveraces.com\/index.php?rest_route=%2Fwp%2Fv2%2Fcomments&post=44840"}],"version-history":[{"count":0,"href":"https:\/\/noticiasveraces.com\/index.php?rest_route=\/wp\/v2\/posts\/44840\/revisions"}],"wp:featuredmedia":[{"embeddable":true,"href":"https:\/\/noticiasveraces.com\/index.php?rest_route=\/wp\/v2\/media\/44842"}],"wp:attachment":[{"href":"https:\/\/noticiasveraces.com\/index.php?rest_route=%2Fwp%2Fv2%2Fmedia&parent=44840"}],"wp:term":[{"taxonomy":"category","embeddable":true,"href":"https:\/\/noticiasveraces.com\/index.php?rest_route=%2Fwp%2Fv2%2Fcategories&post=44840"},{"taxonomy":"post_tag","embeddable":true,"href":"https:\/\/noticiasveraces.com\/index.php?rest_route=%2Fwp%2Fv2%2Ftags&post=44840"}],"curies":[{"name":"wp","href":"https:\/\/api.w.org\/{rel}","templated":true}]}}