{"id":44821,"date":"2025-10-07T06:52:30","date_gmt":"2025-10-07T10:52:30","guid":{"rendered":"https:\/\/noticiasveraces.com\/?p=44821"},"modified":"2025-10-07T06:52:30","modified_gmt":"2025-10-07T10:52:30","slug":"el-lider-de-la-oposicion-israeli-respalda-el-gobierno-de-netanyahu-para-asegurar-el-acuerdo-de-rehenes","status":"publish","type":"post","link":"https:\/\/noticiasveraces.com\/?p=44821","title":{"rendered":"El l\u00edder de la oposici\u00f3n israel\u00ed respalda el gobierno de Netanyahu para asegurar el acuerdo de rehenes"},"content":{"rendered":"<p> \n<\/p>\n<div>\n<div id=\"beyondwords-wrapper\" class=\"beyondwords-wrapper\">\n<p><span class=\"label-bg\">NUEVO<\/span>\u00a1Ahora puedes escuchar art\u00edculos de Fox News!\n  <\/p>\n<\/div>\n<p class=\"speakable\"><strong>Primero en Fox:<\/strong> Dos a\u00f1os desde los horribles eventos del 7 de octubre de 2023, cuando los terroristas de Hamas atacaron a Israel y mataron a 1.200 hombres, mujeres y ni\u00f1os, antes de llevar a otros 251 a la Franja de Gaza, todav\u00eda no hay un acuerdo de rehenes y el primer ministro israel\u00ed Benjamin Netanyahu se enfrenta a un posible colapso. <\/p>\n<p class=\"speakable\">Netanyahu ha encontrado un aliado poco probable en el ex primer ministro y l\u00edder de la oposici\u00f3n, Yair Lapid, quien extendi\u00f3 una \u00abred de seguridad\u00bb al l\u00edder conservador esta semana en un movimiento para asegurar al gobierno a medida que las negociaciones con Hamas siguen en curso. <\/p>\n<p>\u00abNada es m\u00e1s importante que hacer este acuerdo, traer a nuestros rehenes de regreso a casa\u00bb, dijo Lapid en una entrevista con Fox News Digital. <\/p>\n<div class=\"image-ct inline\">\n<div class=\"m\"><picture><source media=\"(max-width: 767px)\" srcset=\"https:\/\/a57.foxnews.com\/static.foxnews.com\/foxnews.com\/content\/uploads\/2025\/09\/343\/192\/trump-netanyahu-white-house.png?ve=1&amp;tl=1, https:\/\/a57.foxnews.com\/static.foxnews.com\/foxnews.com\/content\/uploads\/2025\/09\/686\/384\/trump-netanyahu-white-house.png?ve=1&amp;tl=1 2x\" height=\"192\" width=\"343\"><source media=\"(min-width: 768px) and (max-width: 1023px)\" srcset=\"https:\/\/a57.foxnews.com\/static.foxnews.com\/foxnews.com\/content\/uploads\/2025\/09\/672\/378\/trump-netanyahu-white-house.png?ve=1&amp;tl=1, https:\/\/a57.foxnews.com\/static.foxnews.com\/foxnews.com\/content\/uploads\/2025\/09\/1344\/756\/trump-netanyahu-white-house.png?ve=1&amp;tl=1 2x\" height=\"378\" width=\"672\"><source media=\"(min-width: 1024px) and (max-width: 1279px)\" srcset=\"https:\/\/a57.foxnews.com\/static.foxnews.com\/foxnews.com\/content\/uploads\/2025\/09\/931\/523\/trump-netanyahu-white-house.png?ve=1&amp;tl=1, https:\/\/a57.foxnews.com\/static.foxnews.com\/foxnews.com\/content\/uploads\/2025\/09\/1862\/1046\/trump-netanyahu-white-house.png?ve=1&amp;tl=1 2x\" height=\"523\" width=\"931\"><source media=\"(min-width: 1280px)\" srcset=\"https:\/\/a57.foxnews.com\/static.foxnews.com\/foxnews.com\/content\/uploads\/2025\/09\/720\/405\/trump-netanyahu-white-house.png?ve=1&amp;tl=1, https:\/\/a57.foxnews.com\/static.foxnews.com\/foxnews.com\/content\/uploads\/2025\/09\/1440\/810\/trump-netanyahu-white-house.png?ve=1&amp;tl=1 2x\" height=\"405\" width=\"720\"><img loading=\"lazy\" decoding=\"async\" src=\"https:\/\/a57.foxnews.com\/static.foxnews.com\/foxnews.com\/content\/uploads\/2025\/09\/1200\/675\/trump-netanyahu-white-house.png?ve=1&amp;tl=1\" alt=\"El primer ministro israel\u00ed, Benjamin, habla con el presidente estadounidense Donald Trump durante una reuni\u00f3n en la Oficina Oval\" width=\"1200\" height=\"675\"\/><\/source><\/source><\/source><\/source><\/picture><\/div>\n<div class=\"info\">\n<div class=\"caption\">\n<p><span>El primer ministro israel\u00ed, Benjamin, habla con el presidente estadounidense Donald Trump durante una reuni\u00f3n en la Oficina Oval de la Casa Blanca el 7 de abril de 2025 en Washington.<\/span> <span>(Kevin Dietsch\/Getty Images)<\/span><\/p>\n<\/div>\n<\/div>\n<\/div>\n<p><strong>El acuerdo de paz de Trump podr\u00eda poner fin a la guerra en Gaza o la carrera de Netanyahu<\/strong><\/p>\n<p>La necesidad del respaldo pol\u00edtico de Lapid se produce cuando los l\u00edderes de derecha en la coalici\u00f3n de Netanyahu, el ministro de Seguridad Nacional, Itamar Ben-Gvir, y el ministro de Finanzas, Bezalel Smotrich, han criticado repetidamente la aceptaci\u00f3n de Netanyahu del plan de paz del presidente Donald Trump con Hamas y amenazado con abandonar la coalici\u00f3n en numerosos puntos durante el a\u00f1o pasado. <\/p>\n<p>La coalici\u00f3n de Netanyahu perdi\u00f3 su mayor\u00eda en el Parlamento israel\u00ed en julio cuando dos partidos ultraortodoxos dejaron sus puestos ministeriales despu\u00e9s de una exenci\u00f3n que otorg\u00f3 a los estudiantes religiosos un pase por receta m\u00e9dica. <\/p>\n<p>El movimiento sali\u00f3 de la coalici\u00f3n de Netanyahu en control de solo 50 de los 120 asientos en la Kn\u00e9set.<\/p>\n<p>\u00abAhora depende totalmente de la extrema derecha alternativa dentro de su gobierno que dice que no a ning\u00fan acuerdo [with Hamas]\u00bb, Explic\u00f3 Lapid. <\/p>\n<p>Cuando se le pregunt\u00f3 qu\u00e9 tan probable que pensara que era que las elecciones especiales se activar\u00edan una vez que el Parlamento regrese de su descanso de oto\u00f1o el 19 de octubre, Lapid dijo: \u00abMuy probable\u00bb.<\/p>\n<p>Es poco probable que una elecci\u00f3n especial ocurra antes que febrero o marzo de 2026, explic\u00f3 Lapid, se\u00f1alando un per\u00edodo de tiempo designado que permite hacer campa\u00f1a en Israel, si la Kn\u00e9set desencadena un ciclo electoral temprano en noviembre, solo siete meses antes que las elecciones previamente programadas de octubre de 2026. <\/p>\n<div class=\"image-ct inline\">\n<div class=\"m\"><picture><source media=\"(max-width: 767px)\" srcset=\"https:\/\/a57.foxnews.com\/static.foxnews.com\/foxnews.com\/content\/uploads\/2025\/10\/343\/192\/yair-lapid-extends-support-to-netanyahu.jpg?ve=1&amp;tl=1, https:\/\/a57.foxnews.com\/static.foxnews.com\/foxnews.com\/content\/uploads\/2025\/10\/686\/384\/yair-lapid-extends-support-to-netanyahu.jpg?ve=1&amp;tl=1 2x\" height=\"192\" width=\"343\"><source media=\"(min-width: 768px) and (max-width: 1023px)\" srcset=\"https:\/\/a57.foxnews.com\/static.foxnews.com\/foxnews.com\/content\/uploads\/2025\/10\/672\/378\/yair-lapid-extends-support-to-netanyahu.jpg?ve=1&amp;tl=1, https:\/\/a57.foxnews.com\/static.foxnews.com\/foxnews.com\/content\/uploads\/2025\/10\/1344\/756\/yair-lapid-extends-support-to-netanyahu.jpg?ve=1&amp;tl=1 2x\" height=\"378\" width=\"672\"><source media=\"(min-width: 1024px) and (max-width: 1279px)\" srcset=\"https:\/\/a57.foxnews.com\/static.foxnews.com\/foxnews.com\/content\/uploads\/2025\/10\/931\/523\/yair-lapid-extends-support-to-netanyahu.jpg?ve=1&amp;tl=1, https:\/\/a57.foxnews.com\/static.foxnews.com\/foxnews.com\/content\/uploads\/2025\/10\/1862\/1046\/yair-lapid-extends-support-to-netanyahu.jpg?ve=1&amp;tl=1 2x\" height=\"523\" width=\"931\"><source media=\"(min-width: 1280px)\" srcset=\"https:\/\/a57.foxnews.com\/static.foxnews.com\/foxnews.com\/content\/uploads\/2025\/10\/720\/405\/yair-lapid-extends-support-to-netanyahu.jpg?ve=1&amp;tl=1, https:\/\/a57.foxnews.com\/static.foxnews.com\/foxnews.com\/content\/uploads\/2025\/10\/1440\/810\/yair-lapid-extends-support-to-netanyahu.jpg?ve=1&amp;tl=1 2x\" height=\"405\" width=\"720\"><img loading=\"lazy\" decoding=\"async\" src=\"https:\/\/a57.foxnews.com\/static.foxnews.com\/foxnews.com\/content\/uploads\/2025\/10\/1200\/675\/yair-lapid-extends-support-to-netanyahu.jpg?ve=1&amp;tl=1\" alt=\"Yair lapid\" width=\"1200\" height=\"675\"\/><\/source><\/source><\/source><\/source><\/picture><\/div>\n<div class=\"info\">\n<div class=\"caption\">\n<p><span>El ex primer ministro israel\u00ed, Yair Lapid, se dirige a los medios de comunicaci\u00f3n fuera de una estaci\u00f3n de votaci\u00f3n en la ciudad costera de Tel Aviv en Israel despu\u00e9s de emitir su voto en las quinta elecci\u00f3n del pa\u00eds en cuatro a\u00f1os el 1 de noviembre de 2022. <\/span> <span>(Jack Guez\/AFP a trav\u00e9s de Getty Images)))<\/span><\/p>\n<\/div>\n<\/div>\n<\/div>\n<p><strong>Trump presenta un plan de 20 puntos para asegurar la paz en Gaza, incluida la otorgaci\u00f3n de algunos miembros de Hamas &#8216;amnist\u00eda&#8217;<\/strong><\/p>\n<p>Lapid cree que el p\u00fablico israel\u00ed favorecer\u00e1 a un gobierno m\u00e1s centrista que abarcar\u00eda tanto a la derecha como a la izquierda, un movimiento que a\u00fan priorizar\u00eda la seguridad israel\u00ed, pero tambi\u00e9n se asegurar\u00eda de que haya un fin de la guerra en Gaza y se realicen reparaciones a la posici\u00f3n internacional de Jerusal\u00e9n.<\/p>\n<p>\u00abSi hay algo de lo que lamento, [it] Es el hecho de que nadie en el gobierno tiene el coraje pol\u00edtico de ponerse de pie y decir &#8230; Esta es una guerra justa, estamos haciendo lo que debe hacerse para protegernos, pero lamentamos cada ni\u00f1o que pierde su vida \u00ab, dijo Lapid.\u00bb Los ni\u00f1os no deben morir en las guerras de los adultos \u00ab.<\/p>\n<p>\u00abComo jud\u00edos, como seres humanos, como personas que creen en las tradiciones y la moralidad judeocristianas, es desgarrador\u00bb, agreg\u00f3. <\/p>\n<p>Lapid dijo que este fracaso del gobierno actual no solo condujo a la ambig\u00fcedad cuando se trataba de la estrategia de Israel para contrarrestar a Hamas, impuls\u00f3 lo que dijo es sesgo de medios e informes falsos, y cost\u00f3 a Israel en t\u00e9rminos de apoyo internacional, incluso entre \u00abgrupos que tradicionalmente apoyaban a Israel\u00bb.<\/p>\n<p>El l\u00edder de la oposici\u00f3n describi\u00f3 una reuni\u00f3n que tuvo con Netanyahu el 7 de octubre de 2023, en la que dijo que el primer ministro parec\u00eda \u00abgris y cansado y viejo de repente\u00bb.<\/p>\n<div class=\"image-ct inline\">\n<div class=\"m\"><picture><source media=\"(max-width: 767px)\" srcset=\"https:\/\/a57.foxnews.com\/static.foxnews.com\/foxnews.com\/content\/uploads\/2025\/08\/343\/192\/protesters-demand-hostages.jpg?ve=1&amp;tl=1, https:\/\/a57.foxnews.com\/static.foxnews.com\/foxnews.com\/content\/uploads\/2025\/08\/686\/384\/protesters-demand-hostages.jpg?ve=1&amp;tl=1 2x\" height=\"192\" width=\"343\"><source media=\"(min-width: 768px) and (max-width: 1023px)\" srcset=\"https:\/\/a57.foxnews.com\/static.foxnews.com\/foxnews.com\/content\/uploads\/2025\/08\/672\/378\/protesters-demand-hostages.jpg?ve=1&amp;tl=1, https:\/\/a57.foxnews.com\/static.foxnews.com\/foxnews.com\/content\/uploads\/2025\/08\/1344\/756\/protesters-demand-hostages.jpg?ve=1&amp;tl=1 2x\" height=\"378\" width=\"672\"><source media=\"(min-width: 1024px) and (max-width: 1279px)\" srcset=\"https:\/\/a57.foxnews.com\/static.foxnews.com\/foxnews.com\/content\/uploads\/2025\/08\/931\/523\/protesters-demand-hostages.jpg?ve=1&amp;tl=1, https:\/\/a57.foxnews.com\/static.foxnews.com\/foxnews.com\/content\/uploads\/2025\/08\/1862\/1046\/protesters-demand-hostages.jpg?ve=1&amp;tl=1 2x\" height=\"523\" width=\"931\"><source media=\"(min-width: 1280px)\" srcset=\"https:\/\/a57.foxnews.com\/static.foxnews.com\/foxnews.com\/content\/uploads\/2025\/08\/720\/405\/protesters-demand-hostages.jpg?ve=1&amp;tl=1, https:\/\/a57.foxnews.com\/static.foxnews.com\/foxnews.com\/content\/uploads\/2025\/08\/1440\/810\/protesters-demand-hostages.jpg?ve=1&amp;tl=1 2x\" height=\"405\" width=\"720\"><img loading=\"lazy\" decoding=\"async\" src=\"https:\/\/a57.foxnews.com\/static.foxnews.com\/foxnews.com\/content\/uploads\/2025\/08\/1200\/675\/protesters-demand-hostages.jpg?ve=1&amp;tl=1\" alt=\"Los manifestantes demandan el retorno de los rehenes\" width=\"1200\" height=\"675\"\/><\/source><\/source><\/source><\/source><\/picture><\/div>\n<div class=\"info\">\n<div class=\"caption\">\n<p><span>Los manifestantes tienen fotos de rehenes mientras marchan durante una manifestaci\u00f3n que pide al gobierno israel\u00ed que firme un acuerdo para liberar a los rehenes celebrados en la Franja de Gaza, el 26 de agosto de 2025 en Tel Aviv, Israel. <\/span> <span>(Amir Levy\/Getty Images)<\/span><\/p>\n<\/div>\n<\/div>\n<\/div>\n<p><strong>Israel, Hamas se re\u00fane en Egipto para revivir el plan de paz de Trump antes del aniversario del 7 de octubre<\/strong><\/p>\n<p> \u00abDije algo en esa reuni\u00f3n que m\u00e1s tarde se convirti\u00f3 en un clich\u00e9, dije:\u00bb Primer Ministro, este es el peor d\u00eda para el pueblo jud\u00edo desde el Holocausto. <\/p>\n<p>\u00abLo que debemos hacer es formar un gobierno de unidad\u00bb, dijo. \u00abTienes que deshacerte de los extremistas en tu gobierno, y podemos crear una unidad de gobierno porque tenemos frente a nosotros, un desaf\u00edo que no tiene paralelo para cualquier cosa que t\u00fa, o yo, hayas visto\u00bb.<\/p>\n<p>Lapid dijo que Netanyahu era \u00abreacio\u00bb a seguir esta ruta. <\/p>\n<p>\u00abHasta el d\u00eda de hoy, lo siento. Pens\u00e9 que era lo correcto, y sigo pensando que era lo correcto\u00bb, agreg\u00f3. <\/p>\n<p>Netanyahu ha pasado 15 a\u00f1os como primer ministro de Israel, que sirve por primera vez desde marzo de 2009 hasta junio de 2021, antes de tomar el trabajo principal en diciembre de 2022. <\/p>\n<p>Lapid describi\u00f3 su largo mandato como \u00abadmirable\u00bb y emblem\u00e1tico de su \u00abresistencia\u00bb.<\/p>\n<p>\u00abPero de otras maneras, puedo ver ahora, por decir cort\u00e9smente, los beneficios de los l\u00edmites de dos per\u00edodos que tienes en los Estados Unidos\u00bb, agreg\u00f3.<\/p>\n<div class=\"image-ct inline\">\n<div class=\"m\"><picture><source media=\"(max-width: 767px)\" srcset=\"https:\/\/a57.foxnews.com\/static.foxnews.com\/foxnews.com\/content\/uploads\/2025\/08\/343\/192\/israel-hostage-release-protest-1.jpg?ve=1&amp;tl=1, https:\/\/a57.foxnews.com\/static.foxnews.com\/foxnews.com\/content\/uploads\/2025\/08\/686\/384\/israel-hostage-release-protest-1.jpg?ve=1&amp;tl=1 2x\" height=\"192\" width=\"343\"><source media=\"(min-width: 768px) and (max-width: 1023px)\" srcset=\"https:\/\/a57.foxnews.com\/static.foxnews.com\/foxnews.com\/content\/uploads\/2025\/08\/672\/378\/israel-hostage-release-protest-1.jpg?ve=1&amp;tl=1, https:\/\/a57.foxnews.com\/static.foxnews.com\/foxnews.com\/content\/uploads\/2025\/08\/1344\/756\/israel-hostage-release-protest-1.jpg?ve=1&amp;tl=1 2x\" height=\"378\" width=\"672\"><source media=\"(min-width: 1024px) and (max-width: 1279px)\" srcset=\"https:\/\/a57.foxnews.com\/static.foxnews.com\/foxnews.com\/content\/uploads\/2025\/08\/931\/523\/israel-hostage-release-protest-1.jpg?ve=1&amp;tl=1, https:\/\/a57.foxnews.com\/static.foxnews.com\/foxnews.com\/content\/uploads\/2025\/08\/1862\/1046\/israel-hostage-release-protest-1.jpg?ve=1&amp;tl=1 2x\" height=\"523\" width=\"931\"><source media=\"(min-width: 1280px)\" srcset=\"https:\/\/a57.foxnews.com\/static.foxnews.com\/foxnews.com\/content\/uploads\/2025\/08\/720\/405\/israel-hostage-release-protest-1.jpg?ve=1&amp;tl=1, https:\/\/a57.foxnews.com\/static.foxnews.com\/foxnews.com\/content\/uploads\/2025\/08\/1440\/810\/israel-hostage-release-protest-1.jpg?ve=1&amp;tl=1 2x\" height=\"405\" width=\"720\"><img loading=\"lazy\" decoding=\"async\" src=\"https:\/\/a57.foxnews.com\/static.foxnews.com\/foxnews.com\/content\/uploads\/2025\/08\/1200\/675\/israel-hostage-release-protest-1.jpg?ve=1&amp;tl=1\" alt=\"Rehenes que a\u00fan se celebran en Gaza\" width=\"1200\" height=\"675\"\/><\/source><\/source><\/source><\/source><\/picture><\/div>\n<div class=\"info\">\n<div class=\"caption\">\n<p><span>Las familias de los rehenes protestan, exigiendo la liberaci\u00f3n del cautiverio de Hamas en la Franja de Gaza, en la plaza conocida como la Plaza de los Hosges en Tel Aviv, Israel, s\u00e1bado 2 de agosto de 2025. <\/span> <span>(AP Photo\/Ariel Schalit)<\/span><\/p>\n<\/div>\n<\/div>\n<\/div>\n<p><strong>Haga clic aqu\u00ed para obtener la aplicaci\u00f3n Fox News<\/strong><\/p>\n<p>El l\u00edder de la oposici\u00f3n dijo que cree que los israel\u00edes est\u00e1n listos para un \u00abgobierno de unidad\u00bb en respuesta a la coalici\u00f3n de derecha de Netanyahu, y se\u00f1al\u00f3 que cree que las pr\u00f3ximas elecciones ser\u00e1n \u00abinteresantes\u00bb.<\/p>\n<p>\u00abVa a cruzar las l\u00edneas pol\u00edticas, y se basar\u00e1 en la esperanza\u00bb, agreg\u00f3 en referencia al bloque que est\u00e1 construyendo. \u00abS\u00e9 que suena como grandes palabras, pero te digo que es lo que necesitamos en este momento. <\/p>\n<p>\u00abHan sido los dos a\u00f1os m\u00e1s dif\u00edciles de la vida de todos. Y la primera vez en mucho, mucho tiempo, la fragilidad de la sociedad israel\u00ed fue tangible para nosotros. Y necesitamos reconstruir\u00bb, agreg\u00f3 Lapid. <\/p>\n<p>La oficina de Netanyahu no respondi\u00f3 a las preguntas de Fox News Digital cuando se public\u00f3 este informe.<\/p>\n<p> <!----> <\/p>\n<div class=\"article-meta\">\n<div class=\"author-bio\">\n<p>Caitlin McFall es reportero de Fox News Digital Cubting Politics, US y World News.<\/p>\n<\/div>\n<\/div>\n<\/div>\n\n","protected":false},"excerpt":{"rendered":"<p>NUEVO\u00a1Ahora puedes escuchar art\u00edculos de Fox News! Primero en Fox: Dos a\u00f1os desde los horribles eventos del 7 de octubre de 2023, cuando los terroristas de Hamas atacaron a Israel y mataron a 1.200 hombres, mujeres y ni\u00f1os, antes de llevar a otros 251 a la Franja de Gaza, todav\u00eda no hay un acuerdo de &hellip;<\/p>\n","protected":false},"author":1,"featured_media":44823,"comment_status":"open","ping_status":"open","sticky":false,"template":"","format":"standard","meta":{"fifu_image_url":"https:\/\/static.foxnews.com\/foxnews.com\/content\/uploads\/2025\/10\/netanyahu-hostages.jpg","fifu_image_alt":"","footnotes":""},"categories":[13],"tags":[],"class_list":["post-44821","post","type-post","status-publish","format-standard","has-post-thumbnail","","category-mundo"],"_links":{"self":[{"href":"https:\/\/noticiasveraces.com\/index.php?rest_route=\/wp\/v2\/posts\/44821","targetHints":{"allow":["GET"]}}],"collection":[{"href":"https:\/\/noticiasveraces.com\/index.php?rest_route=\/wp\/v2\/posts"}],"about":[{"href":"https:\/\/noticiasveraces.com\/index.php?rest_route=\/wp\/v2\/types\/post"}],"author":[{"embeddable":true,"href":"https:\/\/noticiasveraces.com\/index.php?rest_route=\/wp\/v2\/users\/1"}],"replies":[{"embeddable":true,"href":"https:\/\/noticiasveraces.com\/index.php?rest_route=%2Fwp%2Fv2%2Fcomments&post=44821"}],"version-history":[{"count":0,"href":"https:\/\/noticiasveraces.com\/index.php?rest_route=\/wp\/v2\/posts\/44821\/revisions"}],"wp:featuredmedia":[{"embeddable":true,"href":"https:\/\/noticiasveraces.com\/index.php?rest_route=\/wp\/v2\/media\/44823"}],"wp:attachment":[{"href":"https:\/\/noticiasveraces.com\/index.php?rest_route=%2Fwp%2Fv2%2Fmedia&parent=44821"}],"wp:term":[{"taxonomy":"category","embeddable":true,"href":"https:\/\/noticiasveraces.com\/index.php?rest_route=%2Fwp%2Fv2%2Fcategories&post=44821"},{"taxonomy":"post_tag","embeddable":true,"href":"https:\/\/noticiasveraces.com\/index.php?rest_route=%2Fwp%2Fv2%2Ftags&post=44821"}],"curies":[{"name":"wp","href":"https:\/\/api.w.org\/{rel}","templated":true}]}}