{"id":44783,"date":"2025-10-06T23:04:12","date_gmt":"2025-10-07T03:04:12","guid":{"rendered":"https:\/\/noticiasveraces.com\/?p=44783"},"modified":"2025-10-06T23:04:12","modified_gmt":"2025-10-07T03:04:12","slug":"terroristas-intentaron-atacar-la-embajada-de-ee-uu-dw-07-10-2025","status":"publish","type":"post","link":"https:\/\/noticiasveraces.com\/?p=44783","title":{"rendered":"terroristas intentaron atacar la embajada de EE.UU. \u2013 DW \u2013 07\/10\/2025"},"content":{"rendered":"<p> \n<\/p>\n<div data-tracking-name=\"rich-text\" data-tracking-skip=\"true\">\n<p>El presidente de Venezuela, Nicol\u00e1s Maduro, dijo este lunes (06.10.2025) que un \u00abgrupo terrorista local\u00bb planeaba colocar explosivos en la embajada de Estados Unidos en Venezuela como una \u00abacci\u00f3n de provocaci\u00f3n\u00bb en medio del despliegue militar estadounidense en el Caribe.<\/p>\n<p>Maduro afirm\u00f3 durante su programa semanal de televisi\u00f3n que dos fuentes coincidieron \u00abcon la posibilidad de que un grupo terrorista local colocara una carga explosiva en la embajada de Estados Unidos en Caracas\u00bb como \u00abuna operaci\u00f3n de falsa bandera\u00bb para alentar una escalada.<\/p>\n<p>\u00abEs una embajada que a pesar de todas las diferencias que hemos tenido con los gobiernos de Estados Unidos es protegida (&#8230;) por nuestro gobierno\u00bb, a\u00f1adi\u00f3 Maduro. \u00abSe reforz\u00f3 toda la seguridad alrededor de la embajada de los Estados Unidos y la investigaci\u00f3n contin\u00faa\u00bb, dijo.<\/p>\n<p>Mg (AFP, El Universal)<\/p>\n<\/p>\n<\/div>\n\n","protected":false},"excerpt":{"rendered":"<p>El presidente de Venezuela, Nicol\u00e1s Maduro, dijo este lunes (06.10.2025) que un \u00abgrupo terrorista local\u00bb planeaba colocar explosivos en la embajada de Estados Unidos en Venezuela como una \u00abacci\u00f3n de provocaci\u00f3n\u00bb en medio del despliegue militar estadounidense en el Caribe. Maduro afirm\u00f3 durante su programa semanal de televisi\u00f3n que dos fuentes coincidieron \u00abcon la posibilidad &hellip;<\/p>\n","protected":false},"author":1,"featured_media":44784,"comment_status":"open","ping_status":"open","sticky":false,"template":"","format":"standard","meta":{"fifu_image_url":"https:\/\/static.dw.com\/image\/73840605_6.jpg","fifu_image_alt":"","footnotes":""},"categories":[13],"tags":[],"class_list":["post-44783","post","type-post","status-publish","format-standard","has-post-thumbnail","","category-mundo"],"_links":{"self":[{"href":"https:\/\/noticiasveraces.com\/index.php?rest_route=\/wp\/v2\/posts\/44783","targetHints":{"allow":["GET"]}}],"collection":[{"href":"https:\/\/noticiasveraces.com\/index.php?rest_route=\/wp\/v2\/posts"}],"about":[{"href":"https:\/\/noticiasveraces.com\/index.php?rest_route=\/wp\/v2\/types\/post"}],"author":[{"embeddable":true,"href":"https:\/\/noticiasveraces.com\/index.php?rest_route=\/wp\/v2\/users\/1"}],"replies":[{"embeddable":true,"href":"https:\/\/noticiasveraces.com\/index.php?rest_route=%2Fwp%2Fv2%2Fcomments&post=44783"}],"version-history":[{"count":0,"href":"https:\/\/noticiasveraces.com\/index.php?rest_route=\/wp\/v2\/posts\/44783\/revisions"}],"wp:featuredmedia":[{"embeddable":true,"href":"https:\/\/noticiasveraces.com\/index.php?rest_route=\/wp\/v2\/media\/44784"}],"wp:attachment":[{"href":"https:\/\/noticiasveraces.com\/index.php?rest_route=%2Fwp%2Fv2%2Fmedia&parent=44783"}],"wp:term":[{"taxonomy":"category","embeddable":true,"href":"https:\/\/noticiasveraces.com\/index.php?rest_route=%2Fwp%2Fv2%2Fcategories&post=44783"},{"taxonomy":"post_tag","embeddable":true,"href":"https:\/\/noticiasveraces.com\/index.php?rest_route=%2Fwp%2Fv2%2Ftags&post=44783"}],"curies":[{"name":"wp","href":"https:\/\/api.w.org\/{rel}","templated":true}]}}