{"id":44753,"date":"2025-10-06T17:46:30","date_gmt":"2025-10-06T21:46:30","guid":{"rendered":"https:\/\/noticiasveraces.com\/?p=44753"},"modified":"2025-10-06T17:46:30","modified_gmt":"2025-10-06T21:46:30","slug":"el-cardenal-del-vaticano-condena-los-ataques-de-hamas-y-la-respuesta-de-gaza-de-israel","status":"publish","type":"post","link":"https:\/\/noticiasveraces.com\/?p=44753","title":{"rendered":"El cardenal del Vaticano condena los ataques de Hamas y la respuesta de Gaza de Israel"},"content":{"rendered":"<p> \n<\/p>\n<div>\n<div id=\"beyondwords-wrapper\" class=\"beyondwords-wrapper\">\n<p><span class=\"label-bg\">NUEVO<\/span>\u00a1Ahora puedes escuchar art\u00edculos de Fox News!\n  <\/p>\n<\/div>\n<p class=\"speakable\">El principal diplom\u00e1tico del Vaticano conden\u00f3 el lunes el lunes de los ataques \u00abinhumanos e indefensibles\u00bb de Hamas, el 7 de octubre \u00aby la\u00bb masacre continua \u00abde Israel en Gaza, advirtiendo que incluso la autodefensa leg\u00edtima no puede justificar la destrucci\u00f3n de una\u00bb poblaci\u00f3n incomparable en gran medida \u00ab.<\/p>\n<p class=\"speakable\">El cardenal Pietro Parolin, el Secretario de Estado del Vaticano y uno de los asesores del Papa Leo XIV, habl\u00f3 en una entrevista que marc\u00f3 el segundo aniversario del ataque del 7 de octubre de Hamas contra Israel, una redada que mat\u00f3 a unas 1,200 personas y vio a 251 personas tomadas como rehenes.<\/p>\n<p>Parolin dijo que la respuesta militar de Israel se ha extendido mucho m\u00e1s all\u00e1 de los l\u00edmites de la proporcionalidad, convirtiendo los barrios abarrotados de Gaza en ruinas.<\/p>\n<p>\u00abLa guerra librada por el ej\u00e9rcito israel\u00ed para eliminar a los militantes de Hamas ignora el hecho de que est\u00e1 apuntando a una poblaci\u00f3n en gran medida indefensa, ya empujada al borde, en un \u00e1rea donde los edificios y las casas se reducen a los escombros\u00bb, dijo a los medios del Vaticano.<\/p>\n<p><strong>La traici\u00f3n de la ONU y la lucha de Israel por la verdad<\/strong><\/p>\n<div class=\"image-ct inline\">\n<div class=\"m\"><picture><source media=\"(max-width: 767px)\" srcset=\"https:\/\/a57.foxnews.com\/static.foxnews.com\/foxnews.com\/content\/uploads\/2025\/05\/343\/192\/vatican-papal-conclave-day-1-10.jpg?ve=1&amp;tl=1, https:\/\/a57.foxnews.com\/static.foxnews.com\/foxnews.com\/content\/uploads\/2025\/05\/686\/384\/vatican-papal-conclave-day-1-10.jpg?ve=1&amp;tl=1 2x\" height=\"192\" width=\"343\"><source media=\"(min-width: 768px) and (max-width: 1023px)\" srcset=\"https:\/\/a57.foxnews.com\/static.foxnews.com\/foxnews.com\/content\/uploads\/2025\/05\/672\/378\/vatican-papal-conclave-day-1-10.jpg?ve=1&amp;tl=1, https:\/\/a57.foxnews.com\/static.foxnews.com\/foxnews.com\/content\/uploads\/2025\/05\/1344\/756\/vatican-papal-conclave-day-1-10.jpg?ve=1&amp;tl=1 2x\" height=\"378\" width=\"672\"><source media=\"(min-width: 1024px) and (max-width: 1279px)\" srcset=\"https:\/\/a57.foxnews.com\/static.foxnews.com\/foxnews.com\/content\/uploads\/2025\/05\/931\/523\/vatican-papal-conclave-day-1-10.jpg?ve=1&amp;tl=1, https:\/\/a57.foxnews.com\/static.foxnews.com\/foxnews.com\/content\/uploads\/2025\/05\/1862\/1046\/vatican-papal-conclave-day-1-10.jpg?ve=1&amp;tl=1 2x\" height=\"523\" width=\"931\"><source media=\"(min-width: 1280px)\" srcset=\"https:\/\/a57.foxnews.com\/static.foxnews.com\/foxnews.com\/content\/uploads\/2025\/05\/720\/405\/vatican-papal-conclave-day-1-10.jpg?ve=1&amp;tl=1, https:\/\/a57.foxnews.com\/static.foxnews.com\/foxnews.com\/content\/uploads\/2025\/05\/1440\/810\/vatican-papal-conclave-day-1-10.jpg?ve=1&amp;tl=1 2x\" height=\"405\" width=\"720\"><img loading=\"lazy\" decoding=\"async\" src=\"https:\/\/a57.foxnews.com\/static.foxnews.com\/foxnews.com\/content\/uploads\/2025\/05\/1200\/675\/vatican-papal-conclave-day-1-10.jpg?ve=1&amp;tl=1\" alt=\"Cardenal Pietro Parolin con las manos en el aire.\" width=\"1200\" height=\"675\"\/><\/source><\/source><\/source><\/source><\/picture><\/div>\n<div class=\"info\">\n<div class=\"caption\">\n<p><span>El cardenal Pietro Parolin conden\u00f3 el ataque del 7 de octubre por Hamas en Israel, al tiempo que llam\u00f3 al conflicto actual entre los dos, la \u00abmasacre en curso\u00bb de Israel, el 6 de octubre de 2025.<\/span> <span>(Stefano Carafei\/IPA\/SIPA\/Imagn)<\/span><\/p>\n<\/div>\n<\/div>\n<\/div>\n<p>\u00abAquellos que son atacados tienen derecho a defenderse\u00bb, dijo, \u00abpero incluso la defensa leg\u00edtima debe respetar el principio de proporcionalidad\u00bb.<\/p>\n<p>Reuters inform\u00f3 que las autoridades de salud de Gaza, administradas por Hamas, afirman que la campa\u00f1a de Israel ha resultado en m\u00e1s de 67,000 muertes en Gaza, en su mayor\u00eda civiles.<\/p>\n<p>Los comentarios se ubican entre las repripentes m\u00e1s agudas de la iglesia de la guerra. Tambi\u00e9n marcan un cambio hacia una voz del Vaticano m\u00e1s contundente bajo Leo, que sucedi\u00f3 al Papa Francisco en mayo.<\/p>\n<p>Parolin tambi\u00e9n critic\u00f3 a los poderes globales para su par\u00e1lisis.<\/p>\n<p><strong>La reuni\u00f3n de verano de DNC se descarril\u00f3 despu\u00e9s de que las tensiones estallen sobre las resoluciones de duelo: \u00abPerder nuestro futuro\u00bb<\/strong><\/p>\n<div class=\"image-ct inline\">\n<div class=\"m\"><picture><source media=\"(max-width: 767px)\" srcset=\"https:\/\/a57.foxnews.com\/static.foxnews.com\/foxnews.com\/content\/uploads\/2025\/07\/343\/192\/gaza-rubble.jpg?ve=1&amp;tl=1, https:\/\/a57.foxnews.com\/static.foxnews.com\/foxnews.com\/content\/uploads\/2025\/07\/686\/384\/gaza-rubble.jpg?ve=1&amp;tl=1 2x\" height=\"192\" width=\"343\"><source media=\"(min-width: 768px) and (max-width: 1023px)\" srcset=\"https:\/\/a57.foxnews.com\/static.foxnews.com\/foxnews.com\/content\/uploads\/2025\/07\/672\/378\/gaza-rubble.jpg?ve=1&amp;tl=1, https:\/\/a57.foxnews.com\/static.foxnews.com\/foxnews.com\/content\/uploads\/2025\/07\/1344\/756\/gaza-rubble.jpg?ve=1&amp;tl=1 2x\" height=\"378\" width=\"672\"><source media=\"(min-width: 1024px) and (max-width: 1279px)\" srcset=\"https:\/\/a57.foxnews.com\/static.foxnews.com\/foxnews.com\/content\/uploads\/2025\/07\/931\/523\/gaza-rubble.jpg?ve=1&amp;tl=1, https:\/\/a57.foxnews.com\/static.foxnews.com\/foxnews.com\/content\/uploads\/2025\/07\/1862\/1046\/gaza-rubble.jpg?ve=1&amp;tl=1 2x\" height=\"523\" width=\"931\"><source media=\"(min-width: 1280px)\" srcset=\"https:\/\/a57.foxnews.com\/static.foxnews.com\/foxnews.com\/content\/uploads\/2025\/07\/720\/405\/gaza-rubble.jpg?ve=1&amp;tl=1, https:\/\/a57.foxnews.com\/static.foxnews.com\/foxnews.com\/content\/uploads\/2025\/07\/1440\/810\/gaza-rubble.jpg?ve=1&amp;tl=1 2x\" height=\"405\" width=\"720\"><img loading=\"lazy\" decoding=\"async\" src=\"https:\/\/a57.foxnews.com\/static.foxnews.com\/foxnews.com\/content\/uploads\/2025\/07\/1200\/675\/gaza-rubble.jpg?ve=1&amp;tl=1\" alt=\"Los palestinos caminan por escombros en Gaza\" width=\"1200\" height=\"675\"\/><\/source><\/source><\/source><\/source><\/picture><\/div>\n<div class=\"info\">\n<div class=\"caption\">\n<p><span>Una familia de Gazan camina cerca de los escombros de edificios durante las vacaciones de Eid al-Adha, en la ciudad de Gaza, el 6 de junio de 2025. <\/span> <span>(Mahmoud Issa\/Reuters)<\/span><\/p>\n<\/div>\n<\/div>\n<\/div>\n<p>\u00abEst\u00e1 &#8230; claro que la comunidad internacional es, desafortunadamente, impotente y que los pa\u00edses realmente capaces de ejercer influencia han no logrado hasta ahora actuar para detener la masacre en curso\u00bb, dijo.<\/p>\n<p>\u00abSolo puedo repetir las palabras muy claras pronunciadas por el Papa Leo el 20 de julio:\u00bb Renov\u00e9 mi apelaci\u00f3n a la comunidad internacional para observar la ley humanitaria y respetar la obligaci\u00f3n de proteger a los civiles, as\u00ed como a la prohibici\u00f3n del castigo colectivo, el uso indiscriminado de la fuerza y \u200b\u200bel desplazamiento forzado de la poblaci\u00f3n \u00ab.\u00bb<\/p>\n<p>Parolin fue m\u00e1s all\u00e1, cuestionando la moralidad de las ventas de armas a las partes en el conflicto.<\/p>\n<p><strong>El activista anti-Israel Mahmoud Khalil afirma oct. 7 El ataque terrorista fue &#8216;intento desesperado&#8217; para que Gaza fuera escuchado<\/strong><\/p>\n<div class=\"image-ct inline\">\n<div class=\"m\"><picture><source media=\"(max-width: 767px)\" srcset=\"https:\/\/a57.foxnews.com\/static.foxnews.com\/foxnews.com\/content\/uploads\/2025\/09\/343\/192\/pope-leo-speaking.jpg?ve=1&amp;tl=1, https:\/\/a57.foxnews.com\/static.foxnews.com\/foxnews.com\/content\/uploads\/2025\/09\/686\/384\/pope-leo-speaking.jpg?ve=1&amp;tl=1 2x\" height=\"192\" width=\"343\"><source media=\"(min-width: 768px) and (max-width: 1023px)\" srcset=\"https:\/\/a57.foxnews.com\/static.foxnews.com\/foxnews.com\/content\/uploads\/2025\/09\/672\/378\/pope-leo-speaking.jpg?ve=1&amp;tl=1, https:\/\/a57.foxnews.com\/static.foxnews.com\/foxnews.com\/content\/uploads\/2025\/09\/1344\/756\/pope-leo-speaking.jpg?ve=1&amp;tl=1 2x\" height=\"378\" width=\"672\"><source media=\"(min-width: 1024px) and (max-width: 1279px)\" srcset=\"https:\/\/a57.foxnews.com\/static.foxnews.com\/foxnews.com\/content\/uploads\/2025\/09\/931\/523\/pope-leo-speaking.jpg?ve=1&amp;tl=1, https:\/\/a57.foxnews.com\/static.foxnews.com\/foxnews.com\/content\/uploads\/2025\/09\/1862\/1046\/pope-leo-speaking.jpg?ve=1&amp;tl=1 2x\" height=\"523\" width=\"931\"><source media=\"(min-width: 1280px)\" srcset=\"https:\/\/a57.foxnews.com\/static.foxnews.com\/foxnews.com\/content\/uploads\/2025\/09\/720\/405\/pope-leo-speaking.jpg?ve=1&amp;tl=1, https:\/\/a57.foxnews.com\/static.foxnews.com\/foxnews.com\/content\/uploads\/2025\/09\/1440\/810\/pope-leo-speaking.jpg?ve=1&amp;tl=1 2x\" height=\"405\" width=\"720\"><img loading=\"lazy\" decoding=\"async\" src=\"https:\/\/a57.foxnews.com\/static.foxnews.com\/foxnews.com\/content\/uploads\/2025\/09\/1200\/675\/pope-leo-speaking.jpg?ve=1&amp;tl=1\" alt=\"Papa Leo hablando en un micr\u00f3fono\" width=\"1200\" height=\"675\"\/><\/source><\/source><\/source><\/source><\/picture><\/div>\n<div class=\"info\">\n<div class=\"caption\">\n<p><span>El Papa Leo XIV entrega su bendici\u00f3n a los fieles al final de su audiencia general semanal en el Sal\u00f3n Pablo VI en el Vaticano, el 27 de agosto de 2025.<\/span> <span>(Riccardo de Luca\/Anadolu a trav\u00e9s de Getty Images)<\/span><\/p>\n<\/div>\n<\/div>\n<\/div>\n<p>\u00abNo es suficiente decir que lo que est\u00e1 sucediendo es inaceptable y luego contin\u00faa permitiendo que suceda\u00bb, dijo.<\/p>\n<p>\u00abDebemos preguntarnos seriamente sobre la legitimidad &#8230; de continuar suministrando armas que se est\u00e1n utilizando contra civiles\u00bb.<\/p>\n<p>En julio, el Papa Leo XIV expres\u00f3 su tristeza y pidi\u00f3 un alto el fuego despu\u00e9s de que la \u00fanica Iglesia Cat\u00f3lica de Gaza fue golpeada en una aparente huelga israel\u00ed, dejando al menos a dos muertos y varios heridos. El primer ministro israel\u00ed, Benjamin Netanyahu, dijo m\u00e1s tarde \u00abmuniciones perdidas\u00bb golpe\u00f3 a la iglesia.<\/p>\n<p>Las tierras de advertencia de Parolin como l\u00edderes europeos enfrentan una creciente presi\u00f3n para hacer m\u00e1s que emitir declaraciones de preocupaci\u00f3n. Su uso de \u00abmasacre\u00bb se hizo eco de grupos humanitarios que dicen que la infraestructura civil de Gaza se ha derrumbado.<\/p>\n<p><strong>Haga clic aqu\u00ed para obtener la aplicaci\u00f3n Fox News<\/strong><\/p>\n<p>Al mismo tiempo, reiter\u00f3 la demanda de la Iglesia de que Hamas libere a todos los rehenes restantes.<\/p>\n<p>\u00abEsos ataques fueron inhumanos e indefendibles\u00bb, dijo, subrayando que el sufrimiento de ninguna parte disminuye el otro.<\/p>\n<p>Fox News Digital se ha comunicado con el Vaticano sobre el asunto.<\/p>\n<p><i>Reuters contribuy\u00f3 a este informe.<\/i><\/p>\n<p> <!----> <\/p>\n<div class=\"article-meta\">\n<div class=\"author-bio\">\n<p>Greg Wehner es un reportero de noticias de Fox News Digital.<\/p>\n<p>Los consejos e ideas de la historia se pueden enviar a greg.wehner@fox.com y en Twitter @Gregwehner.<\/p>\n<\/div>\n<\/div>\n<\/div>\n\n","protected":false},"excerpt":{"rendered":"<p>NUEVO\u00a1Ahora puedes escuchar art\u00edculos de Fox News! El principal diplom\u00e1tico del Vaticano conden\u00f3 el lunes el lunes de los ataques \u00abinhumanos e indefensibles\u00bb de Hamas, el 7 de octubre \u00aby la\u00bb masacre continua \u00abde Israel en Gaza, advirtiendo que incluso la autodefensa leg\u00edtima no puede justificar la destrucci\u00f3n de una\u00bb poblaci\u00f3n incomparable en gran medida &hellip;<\/p>\n","protected":false},"author":1,"featured_media":44755,"comment_status":"open","ping_status":"open","sticky":false,"template":"","format":"standard","meta":{"fifu_image_url":"https:\/\/static.foxnews.com\/foxnews.com\/content\/uploads\/2025\/05\/vatican-papal-conclave-day-1-10.jpg","fifu_image_alt":"","footnotes":""},"categories":[13],"tags":[],"class_list":["post-44753","post","type-post","status-publish","format-standard","has-post-thumbnail","","category-mundo"],"_links":{"self":[{"href":"https:\/\/noticiasveraces.com\/index.php?rest_route=\/wp\/v2\/posts\/44753","targetHints":{"allow":["GET"]}}],"collection":[{"href":"https:\/\/noticiasveraces.com\/index.php?rest_route=\/wp\/v2\/posts"}],"about":[{"href":"https:\/\/noticiasveraces.com\/index.php?rest_route=\/wp\/v2\/types\/post"}],"author":[{"embeddable":true,"href":"https:\/\/noticiasveraces.com\/index.php?rest_route=\/wp\/v2\/users\/1"}],"replies":[{"embeddable":true,"href":"https:\/\/noticiasveraces.com\/index.php?rest_route=%2Fwp%2Fv2%2Fcomments&post=44753"}],"version-history":[{"count":0,"href":"https:\/\/noticiasveraces.com\/index.php?rest_route=\/wp\/v2\/posts\/44753\/revisions"}],"wp:featuredmedia":[{"embeddable":true,"href":"https:\/\/noticiasveraces.com\/index.php?rest_route=\/wp\/v2\/media\/44755"}],"wp:attachment":[{"href":"https:\/\/noticiasveraces.com\/index.php?rest_route=%2Fwp%2Fv2%2Fmedia&parent=44753"}],"wp:term":[{"taxonomy":"category","embeddable":true,"href":"https:\/\/noticiasveraces.com\/index.php?rest_route=%2Fwp%2Fv2%2Fcategories&post=44753"},{"taxonomy":"post_tag","embeddable":true,"href":"https:\/\/noticiasveraces.com\/index.php?rest_route=%2Fwp%2Fv2%2Ftags&post=44753"}],"curies":[{"name":"wp","href":"https:\/\/api.w.org\/{rel}","templated":true}]}}