{"id":44749,"date":"2025-10-06T15:28:16","date_gmt":"2025-10-06T19:28:16","guid":{"rendered":"https:\/\/noticiasveraces.com\/?p=44749"},"modified":"2025-10-06T15:28:16","modified_gmt":"2025-10-06T19:28:16","slug":"trump-tiene-una-muy-buena-conversacion-con-lula-dw-06-10-2025","status":"publish","type":"post","link":"https:\/\/noticiasveraces.com\/?p=44749","title":{"rendered":"Trump tiene una \u00abmuy buena conversaci\u00f3n\u00bb con Lula \u2013 DW \u2013 06\/10\/2025"},"content":{"rendered":"<p> \n<\/p>\n<div data-tracking-name=\"rich-text\" data-tracking-skip=\"true\">\n<p>El presidente de Brasil, Luiz In\u00e1cio Lula da Silva, urgi\u00f3 a su par estadounidense Donald Trump eliminar los aranceles punitivos contra la principal potencia latinoamericana, durante la primera llamada telef\u00f3nica entre ambos desde que el l\u00edder republicano volviera a la Casa Blanca.<\/p>\n<p>Despu\u00e9s de meses de confrontaci\u00f3n, Trump llam\u00f3 a Lula y conversaron 30 minutos en un \u00abtono amistoso\u00bb, indic\u00f3 la presidencia brasile\u00f1a en un comunicado.<\/p>\n<p>Desde el 6 de agosto, una parte importante de las exportaciones brasile\u00f1as a Estados Unidos son objeto de un arancel de 50%, en represalia a una supuesta \u00abcaza de brujas\u00bb contra el expresidente ultraderechista Jair Bolsonaro, aliado de Trump.<\/p>\n<p>Lula pidi\u00f3 al mandatario estadounidense este lunes \u00abla eliminaci\u00f3n de los aranceles a los productos brasile\u00f1os y las medidas restrictivas contra autoridades brasile\u00f1as\u00bb, en un contexto de crisis diplom\u00e1tica y comercial entre los dos pa\u00edses.<\/p>\n<h2><strong>Trump y Lula se encontrar\u00e1n \u00aben Brasil y Estados Unidos\u00bb<\/strong><\/h2>\n<p>Seg\u00fan la presidencia brasile\u00f1a, Lula tambi\u00e9n reiter\u00f3 la invitaci\u00f3n a Trump a la COP30, la conferencia clim\u00e1tica de la ONU, que se celebrar\u00e1 en noviembre en la ciudad de Bel\u00e9m, en la Amazonia brasile\u00f1a.<\/p>\n<p>\u00abLos dos presidentes intercambiaron tel\u00e9fonos para establecer una v\u00eda de comunicaci\u00f3n directa\u00bb, indic\u00f3 Brasilia, que subray\u00f3 que los ministros de Relaciones Exteriores y Finanzas y el vicepresidente participaron en la llamada.<\/p>\n<p>Por su parte, Trump anunci\u00f3 este lunes que se reunir\u00e1 con Lula pr\u00f3ximamente \u00aben Brasil y Estados Unidos\u00bb, tras mantener una \u00abmuy buena conversaci\u00f3n telef\u00f3nica\u00bb.<\/p>\n<p>\u00abDiscutimos muchas cosas, pero principalmente nos enfocamos en la econom\u00eda y el comercio,\u00bb dijo el l\u00edder de la Casa Blanca en su plataforma Truth Social<svg xmlns=\"http:\/\/www.w3.org\/2000\/svg\" width=\"20\" height=\"20\" viewbox=\"0 0 20 20\"><path d=\"M11.5 3.5 11.5 4.233C14.342 4.233 15.167 4.245 15.167 4.258L8.984 10.467 10.033 11.516C14.826 6.725 16.228 5.333 16.242 5.333L16.267 9 17.733 9 17.733 2.767 11.5 2.767 11.5 3.5M2.267 11 2.267 17.233 16.733 17.233 16.733 12 15.267 12 15.25 15.75 9.5 15.75 3.75 15.75 3.75 6.25 9.5 6.233 9.5 4.767 2.267 4.767 2.267 11 \"\/><\/svg>.<\/p>\n<p>RR AFP\/Reuters\/AP<\/p>\n<\/div>\n\n","protected":false},"excerpt":{"rendered":"<p>El presidente de Brasil, Luiz In\u00e1cio Lula da Silva, urgi\u00f3 a su par estadounidense Donald Trump eliminar los aranceles punitivos contra la principal potencia latinoamericana, durante la primera llamada telef\u00f3nica entre ambos desde que el l\u00edder republicano volviera a la Casa Blanca. Despu\u00e9s de meses de confrontaci\u00f3n, Trump llam\u00f3 a Lula y conversaron 30 minutos &hellip;<\/p>\n","protected":false},"author":1,"featured_media":44750,"comment_status":"open","ping_status":"open","sticky":false,"template":"","format":"standard","meta":{"fifu_image_url":"https:\/\/static.dw.com\/image\/73582204_6.jpg","fifu_image_alt":"","footnotes":""},"categories":[13],"tags":[],"class_list":["post-44749","post","type-post","status-publish","format-standard","has-post-thumbnail","","category-mundo"],"_links":{"self":[{"href":"https:\/\/noticiasveraces.com\/index.php?rest_route=\/wp\/v2\/posts\/44749","targetHints":{"allow":["GET"]}}],"collection":[{"href":"https:\/\/noticiasveraces.com\/index.php?rest_route=\/wp\/v2\/posts"}],"about":[{"href":"https:\/\/noticiasveraces.com\/index.php?rest_route=\/wp\/v2\/types\/post"}],"author":[{"embeddable":true,"href":"https:\/\/noticiasveraces.com\/index.php?rest_route=\/wp\/v2\/users\/1"}],"replies":[{"embeddable":true,"href":"https:\/\/noticiasveraces.com\/index.php?rest_route=%2Fwp%2Fv2%2Fcomments&post=44749"}],"version-history":[{"count":0,"href":"https:\/\/noticiasveraces.com\/index.php?rest_route=\/wp\/v2\/posts\/44749\/revisions"}],"wp:featuredmedia":[{"embeddable":true,"href":"https:\/\/noticiasveraces.com\/index.php?rest_route=\/wp\/v2\/media\/44750"}],"wp:attachment":[{"href":"https:\/\/noticiasveraces.com\/index.php?rest_route=%2Fwp%2Fv2%2Fmedia&parent=44749"}],"wp:term":[{"taxonomy":"category","embeddable":true,"href":"https:\/\/noticiasveraces.com\/index.php?rest_route=%2Fwp%2Fv2%2Fcategories&post=44749"},{"taxonomy":"post_tag","embeddable":true,"href":"https:\/\/noticiasveraces.com\/index.php?rest_route=%2Fwp%2Fv2%2Ftags&post=44749"}],"curies":[{"name":"wp","href":"https:\/\/api.w.org\/{rel}","templated":true}]}}