{"id":44743,"date":"2025-10-06T14:24:23","date_gmt":"2025-10-06T18:24:23","guid":{"rendered":"https:\/\/noticiasveraces.com\/?p=44743"},"modified":"2025-10-06T14:24:23","modified_gmt":"2025-10-06T18:24:23","slug":"el-primer-ministro-lecornu-de-francia-se-reduce-despues-de-menos-del-mes","status":"publish","type":"post","link":"https:\/\/noticiasveraces.com\/?p=44743","title":{"rendered":"El primer ministro Lecornu de Francia se reduce despu\u00e9s de menos del mes"},"content":{"rendered":"<p> \n<\/p>\n<div>\n<div id=\"beyondwords-wrapper\" class=\"beyondwords-wrapper\">\n<p><span class=\"label-bg\">NUEVO<\/span>\u00a1Ahora puedes escuchar art\u00edculos de Fox News!\n  <\/p>\n<\/div>\n<p class=\"speakable\">Enfrentando las cr\u00edticas de todas las partes, el nuevo primer ministro de Francia, S\u00e9bastien Lecornu, renunci\u00f3 a menos de 24 horas despu\u00e9s de nombrar a su gobierno y despu\u00e9s de menos de un mes en el cargo, sumergiendo al pa\u00eds en una profunda crisis pol\u00edtica.<\/p>\n<p class=\"speakable\">La presidencia francesa dijo en un comunicado el lunes que el presidente Emmanuel Macron ha aceptado su renuncia. Lecornu hab\u00eda reemplazado a su predecesor, Fran\u00e7ois Bayrou, para convertirse en el cuarto primer ministro de Francia en apenas un a\u00f1o.<\/p>\n<p>Un fiel aliado de Macron, Lecornu dijo que las condiciones ya no se cumpl\u00edan para permanecer en el cargo despu\u00e9s de no poder construir un consenso.<\/p>\n<p>\u00abSe necesitar\u00eda poco para que funcione\u00bb, dijo Lecornu en su discurso de renuncia. \u00abAl ser m\u00e1s desinteresado para muchos, al saber c\u00f3mo mostrar humildad. Siempre se debe poner el pa\u00eds antes de la fiesta\u00bb.<\/p>\n<p><strong>Macron apuesta el papel global anti-Trump con la iniciativa Gaza en la Summit de la ONU<\/strong><\/p>\n<div class=\"image-ct inline\">\n<div class=\"m\"><picture><source media=\"(max-width: 767px)\" srcset=\"https:\/\/a57.foxnews.com\/static.foxnews.com\/foxnews.com\/content\/uploads\/2025\/10\/343\/192\/sebastien-lecornu-2.jpg?ve=1&amp;tl=1, https:\/\/a57.foxnews.com\/static.foxnews.com\/foxnews.com\/content\/uploads\/2025\/10\/686\/384\/sebastien-lecornu-2.jpg?ve=1&amp;tl=1 2x\" height=\"192\" width=\"343\"><source media=\"(min-width: 768px) and (max-width: 1023px)\" srcset=\"https:\/\/a57.foxnews.com\/static.foxnews.com\/foxnews.com\/content\/uploads\/2025\/10\/672\/378\/sebastien-lecornu-2.jpg?ve=1&amp;tl=1, https:\/\/a57.foxnews.com\/static.foxnews.com\/foxnews.com\/content\/uploads\/2025\/10\/1344\/756\/sebastien-lecornu-2.jpg?ve=1&amp;tl=1 2x\" height=\"378\" width=\"672\"><source media=\"(min-width: 1024px) and (max-width: 1279px)\" srcset=\"https:\/\/a57.foxnews.com\/static.foxnews.com\/foxnews.com\/content\/uploads\/2025\/10\/931\/523\/sebastien-lecornu-2.jpg?ve=1&amp;tl=1, https:\/\/a57.foxnews.com\/static.foxnews.com\/foxnews.com\/content\/uploads\/2025\/10\/1862\/1046\/sebastien-lecornu-2.jpg?ve=1&amp;tl=1 2x\" height=\"523\" width=\"931\"><source media=\"(min-width: 1280px)\" srcset=\"https:\/\/a57.foxnews.com\/static.foxnews.com\/foxnews.com\/content\/uploads\/2025\/10\/720\/405\/sebastien-lecornu-2.jpg?ve=1&amp;tl=1, https:\/\/a57.foxnews.com\/static.foxnews.com\/foxnews.com\/content\/uploads\/2025\/10\/1440\/810\/sebastien-lecornu-2.jpg?ve=1&amp;tl=1 2x\" height=\"405\" width=\"720\"><img loading=\"lazy\" decoding=\"async\" src=\"https:\/\/a57.foxnews.com\/static.foxnews.com\/foxnews.com\/content\/uploads\/2025\/10\/1200\/675\/sebastien-lecornu-2.jpg?ve=1&amp;tl=1\" alt=\"Sebastien Lecornu frunciendo el ce\u00f1o\" width=\"1200\" height=\"675\"\/><\/source><\/source><\/source><\/source><\/picture><\/div>\n<div class=\"info\">\n<div class=\"caption\">\n<p><span>El primer ministro saliente de Francia, Sebastien Lecornu, renunci\u00f3 solo un d\u00eda despu\u00e9s de nombrar a su gobierno.<\/span> <span>(Ludovic Marin\/Pool\/AP)<\/span><\/p>\n<\/div>\n<\/div>\n<\/div>\n<p>Los oponentes de Macron intentaron inmediatamente capitalizar la impactante renuncia, con la concentraci\u00f3n nacional de extrema derecha pidi\u00e9ndole que solicite nuevas elecciones a instant\u00e1neas o renuncie.<\/p>\n<p>\u00abEsto plantea una pregunta para el presidente de la Rep\u00fablica: \u00bfpuede continuar resistiendo la disoluci\u00f3n de la legislatura? Hemos llegado al final del camino\u00bb, dijo el l\u00edder de extrema derecha Marine Le Pen. \u00abNo hay otra soluci\u00f3n. El \u00fanico curso de acci\u00f3n sabio en estas circunstancias es volver a las encuestas\u00bb.<\/p>\n<p>En el extremo izquierdo, Francia no puso a la partida de Macron, mientras que las voces a la izquierda pidieron el renacimiento de una coalici\u00f3n compuesta por izquierdistas, socialistas, verdes y comunistas.<\/p>\n<p><strong>Francia arresta a cientos como las protestas de \u00abbloquear todo\u00bb en todo el pa\u00eds<\/strong><\/p>\n<div class=\"image-ct inline\">\n<div class=\"m\"><picture><source media=\"(max-width: 767px)\" srcset=\"https:\/\/a57.foxnews.com\/static.foxnews.com\/foxnews.com\/content\/uploads\/2025\/10\/343\/192\/sebastien-lecornu.jpg?ve=1&amp;tl=1, https:\/\/a57.foxnews.com\/static.foxnews.com\/foxnews.com\/content\/uploads\/2025\/10\/686\/384\/sebastien-lecornu.jpg?ve=1&amp;tl=1 2x\" height=\"192\" width=\"343\"><source media=\"(min-width: 768px) and (max-width: 1023px)\" srcset=\"https:\/\/a57.foxnews.com\/static.foxnews.com\/foxnews.com\/content\/uploads\/2025\/10\/672\/378\/sebastien-lecornu.jpg?ve=1&amp;tl=1, https:\/\/a57.foxnews.com\/static.foxnews.com\/foxnews.com\/content\/uploads\/2025\/10\/1344\/756\/sebastien-lecornu.jpg?ve=1&amp;tl=1 2x\" height=\"378\" width=\"672\"><source media=\"(min-width: 1024px) and (max-width: 1279px)\" srcset=\"https:\/\/a57.foxnews.com\/static.foxnews.com\/foxnews.com\/content\/uploads\/2025\/10\/931\/523\/sebastien-lecornu.jpg?ve=1&amp;tl=1, https:\/\/a57.foxnews.com\/static.foxnews.com\/foxnews.com\/content\/uploads\/2025\/10\/1862\/1046\/sebastien-lecornu.jpg?ve=1&amp;tl=1 2x\" height=\"523\" width=\"931\"><source media=\"(min-width: 1280px)\" srcset=\"https:\/\/a57.foxnews.com\/static.foxnews.com\/foxnews.com\/content\/uploads\/2025\/10\/720\/405\/sebastien-lecornu.jpg?ve=1&amp;tl=1, https:\/\/a57.foxnews.com\/static.foxnews.com\/foxnews.com\/content\/uploads\/2025\/10\/1440\/810\/sebastien-lecornu.jpg?ve=1&amp;tl=1 2x\" height=\"405\" width=\"720\"><img loading=\"lazy\" decoding=\"async\" src=\"https:\/\/a57.foxnews.com\/static.foxnews.com\/foxnews.com\/content\/uploads\/2025\/10\/1200\/675\/sebastien-lecornu.jpg?ve=1&amp;tl=1\" alt=\"Sebastien Lecornu hablando fuera del edificio\" width=\"1200\" height=\"675\"\/><\/source><\/source><\/source><\/source><\/picture><\/div>\n<div class=\"info\">\n<div class=\"caption\">\n<p><span>Sebastien Lecornu entrega su declaraci\u00f3n en el Hotel Matignon en Par\u00eds el 6 de octubre de 2025.<\/span> <span>(Stephane Mahe\/Pool\/AP)<\/span><\/p>\n<\/div>\n<\/div>\n<\/div>\n<p>La renuncia sacudi\u00f3 a los inversores, enviando el \u00edndice CAC-40 de las principales empresas francesas que se hunden. El \u00edndice disminuy\u00f3 en casi un 2% en su cierre del viernes.<\/p>\n<p>Los ministros designados la noche anterior se encontraron en la extra\u00f1a situaci\u00f3n de convertirse en ministros cuidadores, mantenidos solo para administrar asuntos cotidianos hasta que se forme un nuevo gobierno, antes de que algunos de ellos se hayan instalado formalmente en el cargo.<\/p>\n<p>Agn\u00e8s Pannier-Runacher, el recientemente reelacionado Ministro de Ecolog\u00eda, public\u00f3 en X: \u00abMe desespero por este circo\u00bb.<\/p>\n<p>La elecci\u00f3n de ministros de Lecornu ha sido criticada en todo el espectro pol\u00edtico, particularmente su decisi\u00f3n de traer de vuelta al ex ministro de finanzas, Bruno Le Maire, para servir en el Ministerio de Defensa, y los cr\u00edticos dijeron que bajo su vigilancia el d\u00e9ficit p\u00fablico de Francia se elev\u00f3.<\/p>\n<p><strong>El primer ministro de Nepal renuncia mientras los alborotadores queman las casas de los l\u00edderes<\/strong><\/p>\n<div class=\"image-ct inline\">\n<div class=\"m\"><picture><source media=\"(max-width: 767px)\" srcset=\"https:\/\/a57.foxnews.com\/static.foxnews.com\/foxnews.com\/content\/uploads\/2025\/10\/343\/192\/sebastien-lecornu-emmanuel-macron.jpg?ve=1&amp;tl=1, https:\/\/a57.foxnews.com\/static.foxnews.com\/foxnews.com\/content\/uploads\/2025\/10\/686\/384\/sebastien-lecornu-emmanuel-macron.jpg?ve=1&amp;tl=1 2x\" height=\"192\" width=\"343\"><source media=\"(min-width: 768px) and (max-width: 1023px)\" srcset=\"https:\/\/a57.foxnews.com\/static.foxnews.com\/foxnews.com\/content\/uploads\/2025\/10\/672\/378\/sebastien-lecornu-emmanuel-macron.jpg?ve=1&amp;tl=1, https:\/\/a57.foxnews.com\/static.foxnews.com\/foxnews.com\/content\/uploads\/2025\/10\/1344\/756\/sebastien-lecornu-emmanuel-macron.jpg?ve=1&amp;tl=1 2x\" height=\"378\" width=\"672\"><source media=\"(min-width: 1024px) and (max-width: 1279px)\" srcset=\"https:\/\/a57.foxnews.com\/static.foxnews.com\/foxnews.com\/content\/uploads\/2025\/10\/931\/523\/sebastien-lecornu-emmanuel-macron.jpg?ve=1&amp;tl=1, https:\/\/a57.foxnews.com\/static.foxnews.com\/foxnews.com\/content\/uploads\/2025\/10\/1862\/1046\/sebastien-lecornu-emmanuel-macron.jpg?ve=1&amp;tl=1 2x\" height=\"523\" width=\"931\"><source media=\"(min-width: 1280px)\" srcset=\"https:\/\/a57.foxnews.com\/static.foxnews.com\/foxnews.com\/content\/uploads\/2025\/10\/720\/405\/sebastien-lecornu-emmanuel-macron.jpg?ve=1&amp;tl=1, https:\/\/a57.foxnews.com\/static.foxnews.com\/foxnews.com\/content\/uploads\/2025\/10\/1440\/810\/sebastien-lecornu-emmanuel-macron.jpg?ve=1&amp;tl=1 2x\" height=\"405\" width=\"720\"><img loading=\"lazy\" decoding=\"async\" src=\"https:\/\/a57.foxnews.com\/static.foxnews.com\/foxnews.com\/content\/uploads\/2025\/10\/1200\/675\/sebastien-lecornu-emmanuel-macron.jpg?ve=1&amp;tl=1\" alt=\"Sebastien Lecornu habla con Emmanuel Macron\" width=\"1200\" height=\"675\"\/><\/source><\/source><\/source><\/source><\/picture><\/div>\n<div class=\"info\">\n<div class=\"caption\">\n<p><span>El entonces ministro de defensa Sebastien Lecornu, derecha, y el presidente Emmanuel Macron hablan en Par\u00eds el 13 de julio de 2025.<\/span> <span>(Ludovic Marin\/AP)<\/span><\/p>\n<\/div>\n<\/div>\n<\/div>\n<p>La tarea principal de Lecornu habr\u00eda sido aprobar un presupuesto ya que Francia se enfrenta a una crisis de deuda masiva. Al final del primer trimestre de 2025, la deuda p\u00fablica de Francia se situ\u00f3 en 3.346 billones de euros ($ 3.9 billones), o el 114% del PIB. El servicio de la deuda sigue siendo un art\u00edculo presupuestario importante, que representa alrededor del 7% del gasto estatal.<\/p>\n<p>Otras posiciones clave se mantuvieron en gran medida sin cambios del gabinete anterior, con el conservador Bruno Retailleau permaneciendo como ministro del Interior a cargo de la vigilancia y la seguridad interna, Jean-No\u00ebl Barrot queda como ministro de Relaciones Exteriores y G\u00e9rald Darmanin manteniendo el Ministerio de Justicia.<\/p>\n<p><strong><u>Haga clic aqu\u00ed para obtener la aplicaci\u00f3n Fox News<\/u><\/strong><\/p>\n<p>La pol\u00edtica francesa ha estado en desorden desde que Macron llam\u00f3 a las elecciones a Snap el a\u00f1o pasado que produjo una legislatura profundamente fragmentada. Los legisladores de extrema derecha y izquierda tienen m\u00e1s de 320 esca\u00f1os en la Asamblea Nacional, mientras que los centristas y los conservadores aliados tienen 210.<\/p>\n<p>Buscando consenso en la Asamblea Nacional, Lecornu consult\u00f3 con todas las fuerzas pol\u00edticas y sindicatos antes de formar su gabinete. Tambi\u00e9n prometi\u00f3 que no emplear\u00eda un poder constitucional especial que sus predecesores hab\u00edan usado para forzar los presupuestos a trav\u00e9s del parlamento sin votar y, en cambio, buscar\u00eda compromiso con los legisladores de la izquierda y la derecha.<\/p>\n<p> <!----> <!----><\/div>\n\n","protected":false},"excerpt":{"rendered":"<p>NUEVO\u00a1Ahora puedes escuchar art\u00edculos de Fox News! Enfrentando las cr\u00edticas de todas las partes, el nuevo primer ministro de Francia, S\u00e9bastien Lecornu, renunci\u00f3 a menos de 24 horas despu\u00e9s de nombrar a su gobierno y despu\u00e9s de menos de un mes en el cargo, sumergiendo al pa\u00eds en una profunda crisis pol\u00edtica. La presidencia francesa &hellip;<\/p>\n","protected":false},"author":1,"featured_media":44745,"comment_status":"open","ping_status":"open","sticky":false,"template":"","format":"standard","meta":{"fifu_image_url":"https:\/\/static.foxnews.com\/foxnews.com\/content\/uploads\/2025\/10\/sebastien-lecornu-emmanuel-macron.jpg","fifu_image_alt":"","footnotes":""},"categories":[13],"tags":[],"class_list":["post-44743","post","type-post","status-publish","format-standard","has-post-thumbnail","","category-mundo"],"_links":{"self":[{"href":"https:\/\/noticiasveraces.com\/index.php?rest_route=\/wp\/v2\/posts\/44743","targetHints":{"allow":["GET"]}}],"collection":[{"href":"https:\/\/noticiasveraces.com\/index.php?rest_route=\/wp\/v2\/posts"}],"about":[{"href":"https:\/\/noticiasveraces.com\/index.php?rest_route=\/wp\/v2\/types\/post"}],"author":[{"embeddable":true,"href":"https:\/\/noticiasveraces.com\/index.php?rest_route=\/wp\/v2\/users\/1"}],"replies":[{"embeddable":true,"href":"https:\/\/noticiasveraces.com\/index.php?rest_route=%2Fwp%2Fv2%2Fcomments&post=44743"}],"version-history":[{"count":0,"href":"https:\/\/noticiasveraces.com\/index.php?rest_route=\/wp\/v2\/posts\/44743\/revisions"}],"wp:featuredmedia":[{"embeddable":true,"href":"https:\/\/noticiasveraces.com\/index.php?rest_route=\/wp\/v2\/media\/44745"}],"wp:attachment":[{"href":"https:\/\/noticiasveraces.com\/index.php?rest_route=%2Fwp%2Fv2%2Fmedia&parent=44743"}],"wp:term":[{"taxonomy":"category","embeddable":true,"href":"https:\/\/noticiasveraces.com\/index.php?rest_route=%2Fwp%2Fv2%2Fcategories&post=44743"},{"taxonomy":"post_tag","embeddable":true,"href":"https:\/\/noticiasveraces.com\/index.php?rest_route=%2Fwp%2Fv2%2Ftags&post=44743"}],"curies":[{"name":"wp","href":"https:\/\/api.w.org\/{rel}","templated":true}]}}