{"id":44724,"date":"2025-10-06T13:15:33","date_gmt":"2025-10-06T17:15:33","guid":{"rendered":"https:\/\/noticiasveraces.com\/?p=44724"},"modified":"2025-10-06T13:15:33","modified_gmt":"2025-10-06T17:15:33","slug":"el-enviado-de-la-onu-a-los-congolenos-no-pierdan-la-esperanza-estamos-decididos-a-llevar-la-paz","status":"publish","type":"post","link":"https:\/\/noticiasveraces.com\/?p=44724","title":{"rendered":"El enviado de la ONU a los congole\u00f1os: No pierdan la esperanza, estamos decididos a llevar la paz"},"content":{"rendered":"<p> \n<\/p>\n<div>\n<p>A la poblaci\u00f3n del este de la Rep\u00fablica Democr\u00e1tica del Congo (RDC), agotada por a\u00f1os de conflicto, la enviada de la ONU dice que comprende su impaciencia, pero les pide que \u00abno pierdan la esperanza\u00bb, ya que el gobierno congole\u00f1o, las Naciones Unidas y la comunidad internacional en su conjunto est\u00e1n \u00abdecididos\u00bb a llevar la paz a la regi\u00f3n.<\/p>\n<p>En una entrevista exclusiva con\u00a0Noticias ONU unos\u00a0d\u00edas despu\u00e9s de informar a los miembros del Consejo de Seguridad sobre la situaci\u00f3n, Bintou Keita quiere expresar \u00abcompasi\u00f3n\u00bb y \u00abempat\u00eda\u00bb hacia la poblaci\u00f3n que sufre.<\/p>\n<p>\u00abSabemos que es muy dif\u00edcil y es una dificultad diaria\u00bb, dice la jefa de la Misi\u00f3n de Paz de las Naciones Unidas en la Rep\u00fablica Democr\u00e1tica del Congo (MONUSCO),\u00a0subrayando la \u00abresiliencia\u00bb de los congole\u00f1os \u00aba pesar de todo el sufrimiento\u00bb.<\/p>\n<h2>Esfuerzos diplom\u00e1ticos<\/h2>\n<p>Durante d\u00e9cadas, los grupos armados han estado operando en el este del pa\u00eds, donde grandes \u00e1reas est\u00e1n ahora bajo el control del movimiento rebelde M23.<\/p>\n<div class=\"align-right context-un_news_large_credit type-entermedia_image media media--type-entermedia-image media--view-mode-un-news-large-credit\">\n<div class=\"field field--name-thumbnail field--type-image field--label-hidden field__item\"><img decoding=\"async\" src=\"https:\/\/global.unitednations.entermediadb.net\/assets\/mediadb\/services\/module\/asset\/downloads\/preset\/Libraries\/Production%20Library\/03-10-2025-UN-News-Bintou-Keita.jpg\/image770x420cropped.jpg\" alt=\"Bintou Keita, jefa de la Misi\u00f3n de Estabilizaci\u00f3n de las Naciones Unidas en la Rep\u00fablica Democr\u00e1tica del Congo (MONUSCO).\" title=\"Bintou Keita, jefa de la Misi\u00f3n de Estabilizaci\u00f3n de las Naciones Unidas en la Rep\u00fablica Democr\u00e1tica del Congo (MONUSCO).\" loading=\"lazy\" width=\"770\" height=\"420\"\/>\n<\/div>\n<\/div>\n<p>Destacados de Keita \u00ab<strong>los esfuerzos diplom\u00e1ticos que se est\u00e1n realizando<\/strong>\u00ab, al tiempo que se\u00f1ala que la brecha sigue siendo \u00abmuy amplia\u00bb para lograr una traducci\u00f3n de estos esfuerzos sobre el terreno. \u00abYa sea que se trate de las Naciones Unidas, sus propias autoridades gubernamentales, pero tambi\u00e9n la comunidad internacional en su conjunto, <strong>todos est\u00e1n decididos para que podamos encontrar la paz<\/strong> en el este de la Rep\u00fablica Democr\u00e1tica del Congo\u00bb.<\/p>\n<p>Respecto a los llamados procesos de paz de Washington y Doha, el enviado de la ONU recuerda que los acuerdos de Washington fueron firmados el 27 de junio en la capital estadounidense por los ministros de Asuntos Exteriores de Congo y Ruanda.<\/p>\n<p>Ruanda apoya a los rebeldes del M23, que han ocupado partes de las provincias de Kivu del Norte y del Sur desde principios de este a\u00f1o. El Gobierno de Kigali sostiene que no brinda apoyo militar al grupo rebelde.<\/p>\n<p>La Declaraci\u00f3n de Principios de Doha, que establece un marco para un alto el fuego permanente, fue firmada el 19 de julio por la Alianza R\u00edo Congo\/M23 y el Gobierno congole\u00f1o bajo la mediaci\u00f3n de Qatar.<\/p>\n<p>\u00abNo estamos directamente asociados como MONUSCO en estas conversaciones, aunque el acuerdo en s\u00ed menciona a la Misi\u00f3n y prev\u00e9 un papel para esta cuando haya un alto el fuego\u00bb, se\u00f1al\u00f3 Keita.<\/p>\n<p>La Misi\u00f3n de mantenimiento de la paz de la ONU <strong>se est\u00e1 preparando para poder observar el alto el fuego cuando se establezca y aportar su experiencia<\/strong>especialmente en t\u00e9rminos de contactos directos con comunidades y grupos armados para crear conciencia sobre el desarme, la desmovilizaci\u00f3n y la reintegraci\u00f3n.<\/p>\n<p>Con respecto a la participaci\u00f3n de las mujeres en el proceso de paz, Bintou Keita recuerda que la ONU<strong> <\/strong>trabaja a nivel comunitario, provincial, nacional y regional. La ONU est\u00e1 trabajando para capacitar a las mujeres congole\u00f1as en mediaci\u00f3n en un contexto local para que puedan tener voz en los procesos de paz.<\/p>\n<h2>\u00c1reas bajo control M23<\/h2>\n<p>A la espera de un retorno a la paz, la MONUSCO est\u00e1 cumpliendo diariamente su mandato de proteger a los civiles en las zonas de conflicto del este del pa\u00eds africano. Las fuerzas de mantenimiento de la paz de la MONUSCO siguen desplegadas en tres provincias del este del pa\u00eds: Kivu del Norte, Kivu del Sur e Ituri.<\/p>\n<p>En las zonas bajo el control del M23, la misi\u00f3n de paz tiene bases que \u00abson lugares de refugio para quienes se sienten en peligro\u00bb. \u00abEs una forma de protecci\u00f3n directa\u00bb, agrega la jefa de la misi\u00f3n.<\/p>\n<p>Bintou Keita menciona \u00abotra forma de protecci\u00f3n\u00bb para \u00abaquellos que est\u00e1n escondidos y que, por diversas y variadas razones, no pueden llegar a nuestras bases\u00bb. \u00abTenemos redes telef\u00f3nicas que nos permiten estar en contacto entre nosotros y tenemos posibilidades de <strong>asegurarnos de que puedan encontrarse en una situaci\u00f3n de estar protegidos<\/strong> ya sea por ayudas directas o indirectas con redes de asociaciones y ONG\u00bb, explica.<\/p>\n<p>La MONUSCO tambi\u00e9n supervisa y documenta situaciones en las que se producen violaciones de los derechos humanos en las zonas controladas por el M23. A finales de enero de este a\u00f1o, el M23 tom\u00f3 el control de la ciudad de Goma, la capital de Kivu del Norte, y el 16 de febrero tom\u00f3 el control de Bukavu, la capital de Kivu del Sur.<\/p>\n<div class=\"context-un_news_large_credit type-entermedia_image media media--type-entermedia-image media--view-mode-un-news-large-credit\">\n<div class=\"field field--name-thumbnail field--type-image field--label-hidden field__item\"><img decoding=\"async\" src=\"https:\/\/global.unitednations.entermediadb.net\/assets\/mediadb\/services\/module\/asset\/downloads\/preset\/Collections\/Embargoed\/22-08-2025-UNFPA-DR-Congo.jpg\/image770x420cropped.jpg\" alt=\"La comadrona Loti Kubuya Mielor atiende a una mujer desplazada reci\u00e9n llegada que ha dado a luz en un refugio en Goma, Rep\u00fablica Democr\u00e1tica del Congo.\" title=\"La comadrona Loti Kubuya Mielor atiende a una mujer desplazada reci\u00e9n llegada que ha dado a luz en un refugio en Goma, Rep\u00fablica Democr\u00e1tica del Congo.\" loading=\"lazy\" width=\"770\" height=\"420\"\/>\n<\/div>\n<\/div>\n<h2>Operaciones conjuntas con el ej\u00e9rcito congole\u00f1o en Ituri<\/h2>\n<p>En la provincia de Ituri, donde otros grupos armados est\u00e1n activos, Keita dijo que la MONUSCO tiene una \u00abexcelente relaci\u00f3n\u00bb con las Fuerzas Armadas Congole\u00f1as (FARDC), lo que se traduce en <strong>\u00abuna buena comprensi\u00f3n de nuestro papel y mandato<\/strong>\u00bb y operaciones conjuntas con las FARDC.<\/p>\n<p>Tambi\u00e9n toma nota de la presencia en Ituri del ej\u00e9rcito ugand\u00e9s, que se despliega bilateralmente, y acoge con satisfacci\u00f3n \u00abmejores relaciones de trabajo y coordinaci\u00f3n\u00bb.<\/p>\n<p>En este contexto, el n\u00famero de patrullas de mantenimiento de la paz ha aumentado en Ituri. \u00ab<strong>Tenemos bases que son cada vez m\u00e1s m\u00f3viles<\/strong>\u00bb y son una respuesta a la alt\u00edsima movilidad del grupo armado Fuerzas Democr\u00e1ticas Aliadas (ADF), responsable de la mayor parte de la violencia en la regi\u00f3n, explica el enviado de la ONU.<\/p>\n<p>\u00abPara responder a sus ataques, tambi\u00e9n tienes que ser muy m\u00f3vil. Y as\u00ed, la uni\u00f3n de esfuerzos entre el Ej\u00e9rcito congole\u00f1o y la fuerza de la ONU y la coordinaci\u00f3n con las FDPU (ej\u00e9rcito ugand\u00e9s) nos permite hacer lo que es necesario\u00bb.<\/p>\n<\/div>\n\n","protected":false},"excerpt":{"rendered":"<p>A la poblaci\u00f3n del este de la Rep\u00fablica Democr\u00e1tica del Congo (RDC), agotada por a\u00f1os de conflicto, la enviada de la ONU dice que comprende su impaciencia, pero les pide que \u00abno pierdan la esperanza\u00bb, ya que el gobierno congole\u00f1o, las Naciones Unidas y la comunidad internacional en su conjunto est\u00e1n \u00abdecididos\u00bb a llevar la &hellip;<\/p>\n","protected":false},"author":1,"featured_media":44726,"comment_status":"open","ping_status":"open","sticky":false,"template":"","format":"standard","meta":{"fifu_image_url":"https:\/\/global.unitednations.entermediadb.net\/assets\/mediadb\/services\/module\/asset\/downloads\/preset\/Libraries\/Production%20Library\/08-07-2025-UNFPA-DR-Congo-02.jpg\/image770x420cropped.jpg","fifu_image_alt":"","footnotes":""},"categories":[3],"tags":[],"class_list":["post-44724","post","type-post","status-publish","format-standard","has-post-thumbnail","","category-negocio"],"_links":{"self":[{"href":"https:\/\/noticiasveraces.com\/index.php?rest_route=\/wp\/v2\/posts\/44724","targetHints":{"allow":["GET"]}}],"collection":[{"href":"https:\/\/noticiasveraces.com\/index.php?rest_route=\/wp\/v2\/posts"}],"about":[{"href":"https:\/\/noticiasveraces.com\/index.php?rest_route=\/wp\/v2\/types\/post"}],"author":[{"embeddable":true,"href":"https:\/\/noticiasveraces.com\/index.php?rest_route=\/wp\/v2\/users\/1"}],"replies":[{"embeddable":true,"href":"https:\/\/noticiasveraces.com\/index.php?rest_route=%2Fwp%2Fv2%2Fcomments&post=44724"}],"version-history":[{"count":0,"href":"https:\/\/noticiasveraces.com\/index.php?rest_route=\/wp\/v2\/posts\/44724\/revisions"}],"wp:featuredmedia":[{"embeddable":true,"href":"https:\/\/noticiasveraces.com\/index.php?rest_route=\/wp\/v2\/media\/44726"}],"wp:attachment":[{"href":"https:\/\/noticiasveraces.com\/index.php?rest_route=%2Fwp%2Fv2%2Fmedia&parent=44724"}],"wp:term":[{"taxonomy":"category","embeddable":true,"href":"https:\/\/noticiasveraces.com\/index.php?rest_route=%2Fwp%2Fv2%2Fcategories&post=44724"},{"taxonomy":"post_tag","embeddable":true,"href":"https:\/\/noticiasveraces.com\/index.php?rest_route=%2Fwp%2Fv2%2Ftags&post=44724"}],"curies":[{"name":"wp","href":"https:\/\/api.w.org\/{rel}","templated":true}]}}