{"id":44699,"date":"2025-10-06T05:11:18","date_gmt":"2025-10-06T09:11:18","guid":{"rendered":"https:\/\/noticiasveraces.com\/?p=44699"},"modified":"2025-10-06T05:11:18","modified_gmt":"2025-10-06T09:11:18","slug":"renuncia-primer-ministro-tras-presentar-gabinete-dw-06-10-2025","status":"publish","type":"post","link":"https:\/\/noticiasveraces.com\/?p=44699","title":{"rendered":"renuncia primer ministro tras presentar gabinete \u2013 DW \u2013 06\/10\/2025"},"content":{"rendered":"<p> \n<\/p>\n<div data-tracking-name=\"rich-text\" data-tracking-skip=\"true\">\n<p>Nuevo giro en la crisis pol\u00edtica que vive Francia. El primer ministro franc\u00e9s,\u00a0S\u00e9bastien Lecornu, present\u00f3 el\u00a0lunes, 6 de octubre de 2025, su renuncia al presidente franc\u00e9s, Emmanuel Macron.<\/p>\n<p>El El\u00edseo anunci\u00f3 en un breve comunicado que Macron acept\u00f3 la\u00a0dimisi\u00f3n de\u00a0Lecornu, lo que abre las puertas a diferentes escenarios, incluida la convocatoria de elecciones anticipadas. <\/p>\n<h2>Amenaza de abandono de uno de los componentes del Ejecutivo<\/h2>\n<p>La renuncia de Lecornu se produce tan solo\u00a013 horas despu\u00e9s de que se\u00a0nombrara ayer la composici\u00f3n de un Gobierno en el que Lecornu llevaba trabajando desde su propio nombramiento.<\/p>\n<p>Tras su dimisi\u00f3n sorpresa,\u00a0est\u00e1 la posici\u00f3n de uno de sus componentes, el partido conservador Los Republicanos, cuyo l\u00edder, Bruno Retailleau, se\u00f1al\u00f3 anoche su descontento por la composici\u00f3n del gabinete, en el que aspiraban a tener mayor presencia, y convoc\u00f3 esta ma\u00f1ana una reuni\u00f3n de su formaci\u00f3n para decidir si abandonaban el Gobierno.<\/p>\n<p>En caso de cumplirse su amenaza\u00a0de abandonar\u00a0del Ejecutivo, se hac\u00eda imposible\u00a0en la pr\u00e1ctica\u00a0su continuidad, teniendo en cuenta que no contaba, ni de lejos, con una mayor\u00eda parlamentaria.<\/p>\n<p>MS (AFP\/EFE)<\/p>\n<\/p>\n<\/p>\n<\/div>\n\n","protected":false},"excerpt":{"rendered":"<p>Nuevo giro en la crisis pol\u00edtica que vive Francia. El primer ministro franc\u00e9s,\u00a0S\u00e9bastien Lecornu, present\u00f3 el\u00a0lunes, 6 de octubre de 2025, su renuncia al presidente franc\u00e9s, Emmanuel Macron. El El\u00edseo anunci\u00f3 en un breve comunicado que Macron acept\u00f3 la\u00a0dimisi\u00f3n de\u00a0Lecornu, lo que abre las puertas a diferentes escenarios, incluida la convocatoria de elecciones anticipadas. Amenaza &hellip;<\/p>\n","protected":false},"author":1,"featured_media":44700,"comment_status":"open","ping_status":"open","sticky":false,"template":"","format":"standard","meta":{"fifu_image_url":"https:\/\/static.dw.com\/image\/73947613_6.jpg","fifu_image_alt":"","footnotes":""},"categories":[13],"tags":[],"class_list":["post-44699","post","type-post","status-publish","format-standard","has-post-thumbnail","","category-mundo"],"_links":{"self":[{"href":"https:\/\/noticiasveraces.com\/index.php?rest_route=\/wp\/v2\/posts\/44699","targetHints":{"allow":["GET"]}}],"collection":[{"href":"https:\/\/noticiasveraces.com\/index.php?rest_route=\/wp\/v2\/posts"}],"about":[{"href":"https:\/\/noticiasveraces.com\/index.php?rest_route=\/wp\/v2\/types\/post"}],"author":[{"embeddable":true,"href":"https:\/\/noticiasveraces.com\/index.php?rest_route=\/wp\/v2\/users\/1"}],"replies":[{"embeddable":true,"href":"https:\/\/noticiasveraces.com\/index.php?rest_route=%2Fwp%2Fv2%2Fcomments&post=44699"}],"version-history":[{"count":0,"href":"https:\/\/noticiasveraces.com\/index.php?rest_route=\/wp\/v2\/posts\/44699\/revisions"}],"wp:featuredmedia":[{"embeddable":true,"href":"https:\/\/noticiasveraces.com\/index.php?rest_route=\/wp\/v2\/media\/44700"}],"wp:attachment":[{"href":"https:\/\/noticiasveraces.com\/index.php?rest_route=%2Fwp%2Fv2%2Fmedia&parent=44699"}],"wp:term":[{"taxonomy":"category","embeddable":true,"href":"https:\/\/noticiasveraces.com\/index.php?rest_route=%2Fwp%2Fv2%2Fcategories&post=44699"},{"taxonomy":"post_tag","embeddable":true,"href":"https:\/\/noticiasveraces.com\/index.php?rest_route=%2Fwp%2Fv2%2Ftags&post=44699"}],"curies":[{"name":"wp","href":"https:\/\/api.w.org\/{rel}","templated":true}]}}