{"id":44628,"date":"2025-10-05T12:45:13","date_gmt":"2025-10-05T16:45:13","guid":{"rendered":"https:\/\/noticiasveraces.com\/?p=44628"},"modified":"2025-10-05T12:45:13","modified_gmt":"2025-10-05T16:45:13","slug":"alemania-hace-su-apuesta-por-la-inteligencia-artificial-dw-05-10-2025","status":"publish","type":"post","link":"https:\/\/noticiasveraces.com\/?p=44628","title":{"rendered":"Alemania hace su apuesta por la inteligencia artificial \u2013 DW \u2013 05\/10\/2025"},"content":{"rendered":"<p> \n<\/p>\n<div data-tracking-name=\"rich-text\" data-tracking-skip=\"true\">\n<p>Reducir los costos burocr\u00e1ticos en 25 por ciento para 2029, ofrecer m\u00e1s servicios p\u00fablicos en l\u00ednea y utilizar inteligencia artificial (IA) en el gobierno y los tribunales son algunos de los proyectos que el ejecutivo del canciller Friedrich Merz acord\u00f3 la semana pasada.<\/p>\n<p>Entre los planes para integrar la IA en el uso diario se encuentra una plataforma en l\u00ednea para que las empresas exportadoras recopilen informaci\u00f3n sobre regulaciones de exportaci\u00f3n y opciones de cr\u00e9dito y agilizar la tramitaci\u00f3n de visas mediante el uso de IA para revisar la documentaci\u00f3n del solicitante.<\/p>\n<p>La \u00abagenda de modernizaci\u00f3n\u00bb, como la denomin\u00f3 el ministro de Digitalizaci\u00f3n, Karsten Wildberger, llega tras la \u00abagenda de alta tecnolog\u00eda\u00bb. Presentada en julio por Dorothee B\u00e4r, ministra federal de Investigaci\u00f3n, Tecnolog\u00eda y Espacio, la \u00abagenda de alta tecnolog\u00eda\u00bb destaca la IA como una de las seis tecnolog\u00edas clave que el gobierno promover\u00e1, junto con la biotecnolog\u00eda y la microelectr\u00f3nica.<\/p>\n<h2><strong>Ministro de IA hace su debut<\/strong><\/h2>\n<p>Un ejemplo m\u00e1s visible del reciente impulso gubernamental hacia la IA es el Weimatar, un avatar de IA del ministro de Estado de Cultura y Medios de Comunicaci\u00f3n, Wolfram Weimer. El Weimatar habla 100 idiomas y promete ser un ejemplo de \u00abIA justa que protege la creatividad\u00bb y \u00abfortalece\u00bb la \u00abesfera p\u00fablica democr\u00e1tica\u00bb.<\/p>\n<p>Su objetivo no es solo llegar m\u00e1s f\u00e1cilmente a un p\u00fablico m\u00e1s amplio en redes sociales, sino tambi\u00e9n ahorrar tiempo internamente en el ministerio, con videos de formaci\u00f3n que se pueden crear r\u00e1pidamente y mantener actualizados, por ejemplo.<\/p>\n<p>En 2023, un grupo de profesores de IA de la Universidad de Humboldt, investigadores alemanes de renombre en este campo, se reuni\u00f3 con legisladores para elaborar una lista de sugerencias para una IA \u00e9tica y \u00fatil en el gobierno.<\/p>\n<p>\u00abUn gobierno tiene el deber moral de seguir el asesoramiento competente. No se puede simplemente seguir el consejo de la industria, que a menudo tiene intereses creados en ciertos resultados\u00bb, explic\u00f3 Holger Hoos, profesor de IA de la Fundaci\u00f3n Humboldt en la Universidad RWTH, de Aquisgr\u00e1n.<\/p>\n<blockquote class=\"tweet embed\" data-id=\"1971151097776759143\"\/>\n<h2><strong>Entusiasmo por la IA generativa ya est\u00e1 decayendo<\/strong><\/h2>\n<p>Tambi\u00e9n se plantean dudas, tanto en medios tradicionales como en redes sociales, sobre si el ejecutivo de Merz se est\u00e1 dejando llevar por la moda de la IA generativa a costa de aplicaciones m\u00e1s pr\u00e1cticas.<\/p>\n<p>El sitio web de noticias sobre pol\u00edtica tecnol\u00f3gica Netzpolitik acus\u00f3 al gobierno de perpetuar la reputaci\u00f3n de Alemania de estar atrasada en el mundo digital. \u00abEl gobierno est\u00e1 sucumbiendo\u00bb al entusiasmo por la IA generativa, al tiempo que en otros sectores se la ve con menos inter\u00e9s.\u00a0De hecho, empresas y gobiernos de todo el mundo ya se han topado con las limitaciones de herramientas como ChatGPT y Dall-E, generadores de IA que proporcionan informaci\u00f3n demasiado generalizada y a veces inexacta.<\/p>\n<p>En cambio, s\u00ed \u00abse puede usar la IA para identificar d\u00f3nde se pueden optimizar los procesos burocr\u00e1ticos\u00bb, lo que ahorrar\u00eda tiempo y recursos para todos, afirm\u00f3 Hoos.<\/p>\n<p>Esto incluye abordar problemas como la escasez de personal, ya que Alemania experimenta un declive demogr\u00e1fico. El envejecimiento de la poblaci\u00f3n hace que cada vez haya menos personas interesadas en trabajar en la administraci\u00f3n p\u00fablica, especialmente cuando trabajar en la industria puede ofrecer mayores gratificaciones.<\/p>\n<p><span data-slot-id=\"Article_InContent-1\" class=\"rich-text-ad\"\/><\/p>\n<h2><strong>Futuro de la IA en el gobierno alem\u00e1n: avances y preocupaciones \u00e9ticas<\/strong><\/h2>\n<p>\u00abPredigo que en 10 a\u00f1os, la tecnolog\u00eda de IA se usar\u00e1 para tareas importantes en todas las autoridades p\u00fablicas y en todos los niveles de gobierno\u00bb, asegur\u00f3 Hoos.<\/p>\n<p>Algunos de estos tipos de modelos de IA ya se usan en Alemania, tambi\u00e9n a nivel local y municipal. La ciudad de Colonia cuenta con un proyecto piloto para emplear la IA con el fin de mejorar la planificaci\u00f3n urbana y la gesti\u00f3n del tr\u00e1fico, mientras que M\u00fanich la usa para optimizar las rutinas de recolecci\u00f3n de basura. En Heidelberg, se est\u00e1 probando en hospitales para la detecci\u00f3n temprana de enfermedades.<\/p>\n<p>Sin embargo, juristas y especialistas en \u00e9tica a\u00fan se preguntan si la prisa por implementar la IA en todos los niveles de gobierno se est\u00e1 realizando con la suficiente supervisi\u00f3n y previsi\u00f3n ante las consecuencias de los errores, especialmente en lo que respecta a su uso en la atenci\u00f3n de salud, el sistema judicial y los procedimientos de inmigraci\u00f3n.<\/p>\n<p>(R\/DZC)<\/p>\n<\/p>\n<\/div>\n\n","protected":false},"excerpt":{"rendered":"<p>Reducir los costos burocr\u00e1ticos en 25 por ciento para 2029, ofrecer m\u00e1s servicios p\u00fablicos en l\u00ednea y utilizar inteligencia artificial (IA) en el gobierno y los tribunales son algunos de los proyectos que el ejecutivo del canciller Friedrich Merz acord\u00f3 la semana pasada. Entre los planes para integrar la IA en el uso diario se &hellip;<\/p>\n","protected":false},"author":1,"featured_media":44629,"comment_status":"open","ping_status":"open","sticky":false,"template":"","format":"standard","meta":{"fifu_image_url":"https:\/\/static.dw.com\/image\/74239867_6.jpg","fifu_image_alt":"","footnotes":""},"categories":[13],"tags":[],"class_list":["post-44628","post","type-post","status-publish","format-standard","has-post-thumbnail","","category-mundo"],"_links":{"self":[{"href":"https:\/\/noticiasveraces.com\/index.php?rest_route=\/wp\/v2\/posts\/44628","targetHints":{"allow":["GET"]}}],"collection":[{"href":"https:\/\/noticiasveraces.com\/index.php?rest_route=\/wp\/v2\/posts"}],"about":[{"href":"https:\/\/noticiasveraces.com\/index.php?rest_route=\/wp\/v2\/types\/post"}],"author":[{"embeddable":true,"href":"https:\/\/noticiasveraces.com\/index.php?rest_route=\/wp\/v2\/users\/1"}],"replies":[{"embeddable":true,"href":"https:\/\/noticiasveraces.com\/index.php?rest_route=%2Fwp%2Fv2%2Fcomments&post=44628"}],"version-history":[{"count":0,"href":"https:\/\/noticiasveraces.com\/index.php?rest_route=\/wp\/v2\/posts\/44628\/revisions"}],"wp:featuredmedia":[{"embeddable":true,"href":"https:\/\/noticiasveraces.com\/index.php?rest_route=\/wp\/v2\/media\/44629"}],"wp:attachment":[{"href":"https:\/\/noticiasveraces.com\/index.php?rest_route=%2Fwp%2Fv2%2Fmedia&parent=44628"}],"wp:term":[{"taxonomy":"category","embeddable":true,"href":"https:\/\/noticiasveraces.com\/index.php?rest_route=%2Fwp%2Fv2%2Fcategories&post=44628"},{"taxonomy":"post_tag","embeddable":true,"href":"https:\/\/noticiasveraces.com\/index.php?rest_route=%2Fwp%2Fv2%2Ftags&post=44628"}],"curies":[{"name":"wp","href":"https:\/\/api.w.org\/{rel}","templated":true}]}}