{"id":44539,"date":"2025-10-04T13:33:44","date_gmt":"2025-10-04T17:33:44","guid":{"rendered":"https:\/\/noticiasveraces.com\/?p=44539"},"modified":"2025-10-04T13:33:44","modified_gmt":"2025-10-04T17:33:44","slug":"el-gobierno-del-reino-unido-insta-a-la-cancelacion-de-protesta-antiisraele-despues-del-ataque-de-la-sinagoga","status":"publish","type":"post","link":"https:\/\/noticiasveraces.com\/?p=44539","title":{"rendered":"El gobierno del Reino Unido insta a la cancelaci\u00f3n de protesta antiisraele despu\u00e9s del ataque de la sinagoga"},"content":{"rendered":"<p> \n<\/p>\n<div>\n<div id=\"beyondwords-wrapper\" class=\"beyondwords-wrapper\">\n<p><span class=\"label-bg\">NUEVO<\/span>\u00a1Ahora puedes escuchar art\u00edculos de Fox News!\n  <\/p>\n<\/div>\n<p class=\"speakable\">El gobierno y la polic\u00eda del Reino Unido instaron a los organizadores de una protesta anti-Israel planificada a cancelar el evento despu\u00e9s del ataque mortal de la sinagoga de esta semana, diciendo que los manifestantes deber\u00edan \u00abrespetar el dolor de los jud\u00edos brit\u00e1nicos\u00bb.<\/p>\n<p class=\"speakable\">\u00abS\u00e9 que las protestas planificadas durante el fin de semana, solo unos d\u00edas antes del aniversario de los ataques del 7 de octubre, as\u00ed como a la sombra del ataque de Manchester, causar\u00e1n angustia\u00bb, escribi\u00f3 el primer ministro brit\u00e1nico Keir Starmer en un art\u00edculo de opini\u00f3n para la cr\u00f3nica jud\u00eda. Pidi\u00f3 a los organizadores de protesta que reconsideren y que \u00abrespeten el dolor de los jud\u00edos brit\u00e1nicos esta semana\u00bb.<\/p>\n<p>\u00abEste es un momento de duelo. No es el momento de avivar la tensi\u00f3n y causar m\u00e1s dolor\u00bb, agreg\u00f3 Starmer.<\/p>\n<p><strong>El ataque de la sinagoga del Reino Unido y la crisis de rehenes de Hamas subrayan a la mortal de Yom Kippur<\/strong><\/p>\n<div class=\"image-ct inline\">\n<div class=\"m\"><picture><source media=\"(max-width: 767px)\" srcset=\"https:\/\/a57.foxnews.com\/static.foxnews.com\/foxnews.com\/content\/uploads\/2025\/10\/343\/192\/keir-starmer-palestine-action-defend-our-juries-protest-london-oct-2025.jpg?ve=1&amp;tl=1, https:\/\/a57.foxnews.com\/static.foxnews.com\/foxnews.com\/content\/uploads\/2025\/10\/686\/384\/keir-starmer-palestine-action-defend-our-juries-protest-london-oct-2025.jpg?ve=1&amp;tl=1 2x\" height=\"192\" width=\"343\"><source media=\"(min-width: 768px) and (max-width: 1023px)\" srcset=\"https:\/\/a57.foxnews.com\/static.foxnews.com\/foxnews.com\/content\/uploads\/2025\/10\/672\/378\/keir-starmer-palestine-action-defend-our-juries-protest-london-oct-2025.jpg?ve=1&amp;tl=1, https:\/\/a57.foxnews.com\/static.foxnews.com\/foxnews.com\/content\/uploads\/2025\/10\/1344\/756\/keir-starmer-palestine-action-defend-our-juries-protest-london-oct-2025.jpg?ve=1&amp;tl=1 2x\" height=\"378\" width=\"672\"><source media=\"(min-width: 1024px) and (max-width: 1279px)\" srcset=\"https:\/\/a57.foxnews.com\/static.foxnews.com\/foxnews.com\/content\/uploads\/2025\/10\/931\/523\/keir-starmer-palestine-action-defend-our-juries-protest-london-oct-2025.jpg?ve=1&amp;tl=1, https:\/\/a57.foxnews.com\/static.foxnews.com\/foxnews.com\/content\/uploads\/2025\/10\/1862\/1046\/keir-starmer-palestine-action-defend-our-juries-protest-london-oct-2025.jpg?ve=1&amp;tl=1 2x\" height=\"523\" width=\"931\"><source media=\"(min-width: 1280px)\" srcset=\"https:\/\/a57.foxnews.com\/static.foxnews.com\/foxnews.com\/content\/uploads\/2025\/10\/720\/405\/keir-starmer-palestine-action-defend-our-juries-protest-london-oct-2025.jpg?ve=1&amp;tl=1, https:\/\/a57.foxnews.com\/static.foxnews.com\/foxnews.com\/content\/uploads\/2025\/10\/1440\/810\/keir-starmer-palestine-action-defend-our-juries-protest-london-oct-2025.jpg?ve=1&amp;tl=1 2x\" height=\"405\" width=\"720\"><img loading=\"lazy\" decoding=\"async\" src=\"https:\/\/a57.foxnews.com\/static.foxnews.com\/foxnews.com\/content\/uploads\/2025\/10\/1200\/675\/keir-starmer-palestine-action-defend-our-juries-protest-london-oct-2025.jpg?ve=1&amp;tl=1\" alt=\"El primer ministro del Reino Unido, Keir Starmer, se muestra junto a los manifestantes pro-palestinos en Londres\" width=\"1200\" height=\"675\"\/><\/source><\/source><\/source><\/source><\/picture><\/div>\n<div class=\"info\">\n<div class=\"caption\">\n<p><span>El primer ministro brit\u00e1nico, Kier Starmer, inst\u00f3 a los manifestantes anti-Israel a reconsiderar su manifestaci\u00f3n planeada para el s\u00e1bado despu\u00e9s del mortal ataque de la sinagoga de Yom Kippur en Manchester.<\/span> <span>(James Manning\/Pool a trav\u00e9s de Reuters; Jack Taylor\/Reuters)<\/span><\/p>\n<\/div>\n<\/div>\n<\/div>\n<p>Los manifestantes anti-Israel en el Reino Unido siguieron adelante con su manifestaci\u00f3n, sin tener en cuenta las s\u00faplicas del gobierno y la polic\u00eda para cancelar el evento despu\u00e9s del ataque mortal de la sinagoga de esta semana.<\/p>\n<p>La Polic\u00eda Metropolitana de Londres, a menudo llamada Met, no solo inst\u00f3 a los organizadores a cancelar o retrasar la protesta, sino que tambi\u00e9n envi\u00f3 una advertencia de que habr\u00eda arrestos.<\/p>\n<p>\u00abAl elegir deliberadamente fomentar la ley masiva en esta escala, defender nuestros jurados est\u00e1n alejando recursos valiosos de las comunidades de Londres en un momento en que se necesitan m\u00e1s\u00bb, dijo el comisionado Met Sir Mark Rowley en un comunicado.<\/p>\n<p>Rowley dijo que si defender nuestros jurados no prestaron atenci\u00f3n a las advertencias para retrasar o cancelar la protesta, el grupo debe tener en cuenta que sus actividades se cumplir\u00edan con la respuesta policial. Dijo que el Met \u00abrecurrir\u00eda al apoyo de las fuerzas en todo el Reino Unido\u00bb para administrar la protesta si es necesario.<\/p>\n<div class=\"image-ct inline\">\n<div class=\"m\"><picture><source media=\"(max-width: 767px)\" srcset=\"https:\/\/a57.foxnews.com\/static.foxnews.com\/foxnews.com\/content\/uploads\/2025\/10\/343\/192\/anti-israel-protester-arrested-london-police.jpg?ve=1&amp;tl=1, https:\/\/a57.foxnews.com\/static.foxnews.com\/foxnews.com\/content\/uploads\/2025\/10\/686\/384\/anti-israel-protester-arrested-london-police.jpg?ve=1&amp;tl=1 2x\" height=\"192\" width=\"343\"><source media=\"(min-width: 768px) and (max-width: 1023px)\" srcset=\"https:\/\/a57.foxnews.com\/static.foxnews.com\/foxnews.com\/content\/uploads\/2025\/10\/672\/378\/anti-israel-protester-arrested-london-police.jpg?ve=1&amp;tl=1, https:\/\/a57.foxnews.com\/static.foxnews.com\/foxnews.com\/content\/uploads\/2025\/10\/1344\/756\/anti-israel-protester-arrested-london-police.jpg?ve=1&amp;tl=1 2x\" height=\"378\" width=\"672\"><source media=\"(min-width: 1024px) and (max-width: 1279px)\" srcset=\"https:\/\/a57.foxnews.com\/static.foxnews.com\/foxnews.com\/content\/uploads\/2025\/10\/931\/523\/anti-israel-protester-arrested-london-police.jpg?ve=1&amp;tl=1, https:\/\/a57.foxnews.com\/static.foxnews.com\/foxnews.com\/content\/uploads\/2025\/10\/1862\/1046\/anti-israel-protester-arrested-london-police.jpg?ve=1&amp;tl=1 2x\" height=\"523\" width=\"931\"><source media=\"(min-width: 1280px)\" srcset=\"https:\/\/a57.foxnews.com\/static.foxnews.com\/foxnews.com\/content\/uploads\/2025\/10\/720\/405\/anti-israel-protester-arrested-london-police.jpg?ve=1&amp;tl=1, https:\/\/a57.foxnews.com\/static.foxnews.com\/foxnews.com\/content\/uploads\/2025\/10\/1440\/810\/anti-israel-protester-arrested-london-police.jpg?ve=1&amp;tl=1 2x\" height=\"405\" width=\"720\"><img loading=\"lazy\" decoding=\"async\" src=\"https:\/\/a57.foxnews.com\/static.foxnews.com\/foxnews.com\/content\/uploads\/2025\/10\/1200\/675\/anti-israel-protester-arrested-london-police.jpg?ve=1&amp;tl=1\" alt=\"Protester pro-palestina arrestado en Londres\" width=\"1200\" height=\"675\"\/><\/source><\/source><\/source><\/source><\/picture><\/div>\n<div class=\"info\">\n<div class=\"caption\">\n<p><span>La polic\u00eda arresta a un activista en Trafalgar Square por desafiar la prohibici\u00f3n de la acci\u00f3n de Palestina el 4 de octubre de 2025 en Londres, Inglaterra. <\/span> <span>(Guy Smallman\/Getty Images)<\/span><\/p>\n<\/div>\n<\/div>\n<\/div>\n<p><strong><u>Cientos de manifestantes anti-Israel arrestados en Londres por un grupo de apoyo prohibido bajo la ley de terrorismo<\/u><\/strong><\/p>\n<p>Defender nuestros jurados se mantuvieron desafiantes, neg\u00e1ndose a cancelar la protesta. Cuando los manifestantes se reunieron en la ic\u00f3nica plaza de Trafalgar de Londres el s\u00e1bado, sostuvieron se\u00f1ales leyendo: \u00abMe opongo al genocidio. Apoyo la acci\u00f3n de Palestina\u00bb.<\/p>\n<p>El Parlamento del Reino Unido se traslad\u00f3 a la acci\u00f3n de Ban Palestine en julio, diciendo que la \u00aborquestaci\u00f3n del grupo y la participaci\u00f3n de ataques agresivos e intimidatorios\u00bb aprob\u00f3 los umbrales establecidos en la Ley de Terrorismo de 2000. <\/p>\n<p>Sin embargo, defender nuestros jurados, la organizaci\u00f3n detr\u00e1s de la protesta del s\u00e1bado, exige que se levante la prohibici\u00f3n. Defender nuestros jurados afirman que la acci\u00f3n de Palestina fue etiquetada como un grupo terrorista \u00abpor tratar de detener los cr\u00edmenes contra la humanidad y por exponer la complicidad del gobierno brit\u00e1nico en el genocidio\u00bb.<\/p>\n<p>El Met describi\u00f3 la escena en Trafalgar Square el s\u00e1bado como \u00abocupado\u00bb y dijo que los oficiales realizaron varios arrestos en el \u00e1rea. La polic\u00eda se\u00f1al\u00f3 en X que \u00abunas pocas personas en la multitud parecen estar observando\/apoyando pero no cargando pancartas\u00bb.<\/p>\n<p><strong>\u00bfQui\u00e9n es el ciudadano brit\u00e1nico de ascendencia siria acusada de ataque terrorista de la sinagoga?<\/strong><\/p>\n<div class=\"image-ct inline\">\n<div class=\"m\"><picture><source media=\"(max-width: 767px)\" srcset=\"https:\/\/a57.foxnews.com\/static.foxnews.com\/foxnews.com\/content\/uploads\/2025\/10\/343\/192\/uk-palestine-protest-arrest-oct-2025.jpg?ve=1&amp;tl=1, https:\/\/a57.foxnews.com\/static.foxnews.com\/foxnews.com\/content\/uploads\/2025\/10\/686\/384\/uk-palestine-protest-arrest-oct-2025.jpg?ve=1&amp;tl=1 2x\" height=\"192\" width=\"343\"><source media=\"(min-width: 768px) and (max-width: 1023px)\" srcset=\"https:\/\/a57.foxnews.com\/static.foxnews.com\/foxnews.com\/content\/uploads\/2025\/10\/672\/378\/uk-palestine-protest-arrest-oct-2025.jpg?ve=1&amp;tl=1, https:\/\/a57.foxnews.com\/static.foxnews.com\/foxnews.com\/content\/uploads\/2025\/10\/1344\/756\/uk-palestine-protest-arrest-oct-2025.jpg?ve=1&amp;tl=1 2x\" height=\"378\" width=\"672\"><source media=\"(min-width: 1024px) and (max-width: 1279px)\" srcset=\"https:\/\/a57.foxnews.com\/static.foxnews.com\/foxnews.com\/content\/uploads\/2025\/10\/931\/523\/uk-palestine-protest-arrest-oct-2025.jpg?ve=1&amp;tl=1, https:\/\/a57.foxnews.com\/static.foxnews.com\/foxnews.com\/content\/uploads\/2025\/10\/1862\/1046\/uk-palestine-protest-arrest-oct-2025.jpg?ve=1&amp;tl=1 2x\" height=\"523\" width=\"931\"><source media=\"(min-width: 1280px)\" srcset=\"https:\/\/a57.foxnews.com\/static.foxnews.com\/foxnews.com\/content\/uploads\/2025\/10\/720\/405\/uk-palestine-protest-arrest-oct-2025.jpg?ve=1&amp;tl=1, https:\/\/a57.foxnews.com\/static.foxnews.com\/foxnews.com\/content\/uploads\/2025\/10\/1440\/810\/uk-palestine-protest-arrest-oct-2025.jpg?ve=1&amp;tl=1 2x\" height=\"405\" width=\"720\"><img loading=\"lazy\" decoding=\"async\" src=\"https:\/\/a57.foxnews.com\/static.foxnews.com\/foxnews.com\/content\/uploads\/2025\/10\/1200\/675\/uk-palestine-protest-arrest-oct-2025.jpg?ve=1&amp;tl=1\" alt=\"La polic\u00eda metropolitana arresta a un manifestante en Londres\" width=\"1200\" height=\"675\"\/><\/source><\/source><\/source><\/source><\/picture><\/div>\n<div class=\"info\">\n<div class=\"caption\">\n<p><span>La polic\u00eda elimina a los manifestantes que participan en una manifestaci\u00f3n organizada por defender nuestros jurados en apoyo de la acci\u00f3n de Palestina en Trafalgar Square, Londres, el 4 de octubre de 2025. <\/span> <span>(Im\u00e1genes Maja SmieJkowska\/PA a trav\u00e9s de Getty Images)<\/span><\/p>\n<\/div>\n<\/div>\n<\/div>\n<p>El jueves, mientras los jud\u00edos marcaban el d\u00eda m\u00e1s sagrado en su calendario, Yom Kippur, un atacante atac\u00f3 a los fieles en la sinagoga de la Congregaci\u00f3n Hebrea de Heaton Park. El ataque dej\u00f3 a dos muertos y otros cuatro heridos.<\/p>\n<p>Melvin Cravitz, de 66 a\u00f1os, y Adrian Daulby, de 53 a\u00f1os, fueron asesinados cuando el ciudadano brit\u00e1nico de 35 a\u00f1os, Jihad Al Shamie, que naci\u00f3 en Siria, ar\u00f3 su autom\u00f3vil en peatones y apu\u00f1al\u00f3 al menos a otra v\u00edctima. La polic\u00eda del Reino Unido dispar\u00f3 y mat\u00f3 a Al Shamie en la escena. Las autoridades dijeron el viernes que parec\u00eda que una de las v\u00edctimas fue disparada accidentalmente cuando la polic\u00eda intent\u00f3 someter al atacante.<\/p>\n<p><strong>La polic\u00eda del Reino Unido dispar\u00f3 accidentalmente a la v\u00edctima mientras se apresuraba a detener el atacante de la sinagoga<\/strong><\/p>\n<div class=\"image-ct inline\">\n<div class=\"m\"><picture><source media=\"(max-width: 767px)\" srcset=\"https:\/\/a57.foxnews.com\/static.foxnews.com\/foxnews.com\/content\/uploads\/2025\/10\/343\/192\/manchester-synagogue-attack-hugging-people.jpg?ve=1&amp;tl=1, https:\/\/a57.foxnews.com\/static.foxnews.com\/foxnews.com\/content\/uploads\/2025\/10\/686\/384\/manchester-synagogue-attack-hugging-people.jpg?ve=1&amp;tl=1 2x\" height=\"192\" width=\"343\"><source media=\"(min-width: 768px) and (max-width: 1023px)\" srcset=\"https:\/\/a57.foxnews.com\/static.foxnews.com\/foxnews.com\/content\/uploads\/2025\/10\/672\/378\/manchester-synagogue-attack-hugging-people.jpg?ve=1&amp;tl=1, https:\/\/a57.foxnews.com\/static.foxnews.com\/foxnews.com\/content\/uploads\/2025\/10\/1344\/756\/manchester-synagogue-attack-hugging-people.jpg?ve=1&amp;tl=1 2x\" height=\"378\" width=\"672\"><source media=\"(min-width: 1024px) and (max-width: 1279px)\" srcset=\"https:\/\/a57.foxnews.com\/static.foxnews.com\/foxnews.com\/content\/uploads\/2025\/10\/931\/523\/manchester-synagogue-attack-hugging-people.jpg?ve=1&amp;tl=1, https:\/\/a57.foxnews.com\/static.foxnews.com\/foxnews.com\/content\/uploads\/2025\/10\/1862\/1046\/manchester-synagogue-attack-hugging-people.jpg?ve=1&amp;tl=1 2x\" height=\"523\" width=\"931\"><source media=\"(min-width: 1280px)\" srcset=\"https:\/\/a57.foxnews.com\/static.foxnews.com\/foxnews.com\/content\/uploads\/2025\/10\/720\/405\/manchester-synagogue-attack-hugging-people.jpg?ve=1&amp;tl=1, https:\/\/a57.foxnews.com\/static.foxnews.com\/foxnews.com\/content\/uploads\/2025\/10\/1440\/810\/manchester-synagogue-attack-hugging-people.jpg?ve=1&amp;tl=1 2x\" height=\"405\" width=\"720\"><img loading=\"lazy\" decoding=\"async\" src=\"https:\/\/a57.foxnews.com\/static.foxnews.com\/foxnews.com\/content\/uploads\/2025\/10\/1200\/675\/manchester-synagogue-attack-hugging-people.jpg?ve=1&amp;tl=1\" alt=\"La gente se abraza despu\u00e9s del ataque a una sinagoga de Manchester\" width=\"1200\" height=\"675\"\/><\/source><\/source><\/source><\/source><\/picture><\/div>\n<div class=\"info\">\n<div class=\"caption\">\n<p><span>Los miembros de la comunidad jud\u00eda se consolan entre s\u00ed cerca de la sinagoga de la Congregaci\u00f3n Hebrea de Heaton Park, en Crumpsall, Manchester, Inglaterra, el jueves 2 de octubre de 2025, despu\u00e9s de que la polic\u00eda inform\u00f3 que dos personas fueron asesinadas.<\/span> <span>(Peter Byrne\/PA a trav\u00e9s de AP)<\/span><\/p>\n<\/div>\n<\/div>\n<\/div>\n<p>Gideon Falter, director ejecutivo de la campa\u00f1a contra el antisemitismo, denunci\u00f3 el ataque y critic\u00f3 la falta de acci\u00f3n de los funcionarios del gobierno y la polic\u00eda antes del incidente mortal.<\/p>\n<p>\u00abEsta es la intifada globalizada. \u00bfQu\u00e9 cre\u00edas que era? &#8216;Globalizar la intifada&#8217; significa jud\u00edos en el terreno en un charco de sangre, muerto fuera de una sinagoga en el d\u00eda m\u00e1s sagrado del a\u00f1o jud\u00edo,\u00bb Falter dijo en un video publicado en X. \u00ab\u00bfD\u00f3nde est\u00e1n nuestras instituciones que se supone que se aseguran de que este lugar sano, tolerante y decente sigue siendo brit\u00e1nico que sabemos y amamos?\u00bb<\/p>\n<p><strong><u>Haga clic aqu\u00ed para obtener la aplicaci\u00f3n Fox News<\/u><\/strong><\/p>\n<p>Las familias de Cravitz y Daulby publicaron tributos a sus seres queridos fallecidos.<\/p>\n<p>\u00abMelvin har\u00eda cualquier cosa para ayudar a cualquiera. Era muy amable, cari\u00f1oso y siempre quiso charlar y conocer a la gente. Estaba dedicado a su esposa, su familia y amaba su comida. Su esposa, su familia, amigos y la comunidad lo extra\u00f1ar\u00e1n mucho\u00bb, dijo la familia de Cravitz.<\/p>\n<p>\u00abAdrian Daulby era un h\u00e9roe y tr\u00e1gicamente perdi\u00f3 la vida en el acto de coraje para salvar a los dem\u00e1s. Era un hermano amado, t\u00edo amoroso de sus cuatro sobrinas y un sobrino y un primo apreciado. La familia est\u00e1 conmocionada por la tr\u00e1gica y repentina muerte de un hombre tan encantador y con la cabeza\u00bb, dijo la familia de Daulby.<\/p>\n<p>La polic\u00eda dijo que Daulby estaba entre los fieles que impidieron que Al Shamie ingresara a la sinagoga.<\/p>\n<p> <!----> <\/p>\n<div class=\"article-meta\">\n<div class=\"author-bio\">\n<p>Rachel Wolf es una escritora de noticias de Fox News Digital y Fox Business.<\/p>\n<\/div>\n<\/div>\n<\/div>\n\n","protected":false},"excerpt":{"rendered":"<p>NUEVO\u00a1Ahora puedes escuchar art\u00edculos de Fox News! El gobierno y la polic\u00eda del Reino Unido instaron a los organizadores de una protesta anti-Israel planificada a cancelar el evento despu\u00e9s del ataque mortal de la sinagoga de esta semana, diciendo que los manifestantes deber\u00edan \u00abrespetar el dolor de los jud\u00edos brit\u00e1nicos\u00bb. \u00abS\u00e9 que las protestas planificadas &hellip;<\/p>\n","protected":false},"author":1,"featured_media":44541,"comment_status":"open","ping_status":"open","sticky":false,"template":"","format":"standard","meta":{"fifu_image_url":"https:\/\/static.foxnews.com\/foxnews.com\/content\/uploads\/2025\/10\/keir-starmer-palestine-action-defend-our-juries-protest-london-oct-2025.jpg","fifu_image_alt":"","footnotes":""},"categories":[13],"tags":[],"class_list":["post-44539","post","type-post","status-publish","format-standard","has-post-thumbnail","","category-mundo"],"_links":{"self":[{"href":"https:\/\/noticiasveraces.com\/index.php?rest_route=\/wp\/v2\/posts\/44539","targetHints":{"allow":["GET"]}}],"collection":[{"href":"https:\/\/noticiasveraces.com\/index.php?rest_route=\/wp\/v2\/posts"}],"about":[{"href":"https:\/\/noticiasveraces.com\/index.php?rest_route=\/wp\/v2\/types\/post"}],"author":[{"embeddable":true,"href":"https:\/\/noticiasveraces.com\/index.php?rest_route=\/wp\/v2\/users\/1"}],"replies":[{"embeddable":true,"href":"https:\/\/noticiasveraces.com\/index.php?rest_route=%2Fwp%2Fv2%2Fcomments&post=44539"}],"version-history":[{"count":0,"href":"https:\/\/noticiasveraces.com\/index.php?rest_route=\/wp\/v2\/posts\/44539\/revisions"}],"wp:featuredmedia":[{"embeddable":true,"href":"https:\/\/noticiasveraces.com\/index.php?rest_route=\/wp\/v2\/media\/44541"}],"wp:attachment":[{"href":"https:\/\/noticiasveraces.com\/index.php?rest_route=%2Fwp%2Fv2%2Fmedia&parent=44539"}],"wp:term":[{"taxonomy":"category","embeddable":true,"href":"https:\/\/noticiasveraces.com\/index.php?rest_route=%2Fwp%2Fv2%2Fcategories&post=44539"},{"taxonomy":"post_tag","embeddable":true,"href":"https:\/\/noticiasveraces.com\/index.php?rest_route=%2Fwp%2Fv2%2Ftags&post=44539"}],"curies":[{"name":"wp","href":"https:\/\/api.w.org\/{rel}","templated":true}]}}