{"id":44525,"date":"2025-10-04T10:11:31","date_gmt":"2025-10-04T14:11:31","guid":{"rendered":"https:\/\/noticiasveraces.com\/?p=44525"},"modified":"2025-10-04T10:11:31","modified_gmt":"2025-10-04T14:11:31","slug":"iran-ejecuta-a-seis-prisioneros-acusados-de-llevar-a-cabo-ataques-mortales-para-israel","status":"publish","type":"post","link":"https:\/\/noticiasveraces.com\/?p=44525","title":{"rendered":"Ir\u00e1n ejecuta a seis prisioneros acusados \u200b\u200bde llevar a cabo ataques mortales para Israel"},"content":{"rendered":"<p> \n<\/p>\n<div>\n<div id=\"beyondwords-wrapper\" class=\"beyondwords-wrapper\">\n<p><span class=\"label-bg\">NUEVO<\/span>\u00a1Ahora puedes escuchar art\u00edculos de Fox News!\n  <\/p>\n<\/div>\n<p class=\"speakable\">Seg\u00fan los informes, Ir\u00e1n ejecut\u00f3 a seis prisioneros el s\u00e1bado que el r\u00e9gimen afirm\u00f3 que llevaron a cabo ataques mortales en el suroeste rico en petr\u00f3leo del pa\u00eds en nombre de Israel, marcando el \u00faltimo aumento en las ejecuciones que los grupos de derechos, seg\u00fan los grupos de derechos, han alcanzado niveles invisibles en d\u00e9cadas.<\/p>\n<p class=\"speakable\">Las seis ejecuciones fueron reportadas por Associated Press, as\u00ed como la agencia de noticias iran\u00ed Mizan. <\/p>\n<p>Un s\u00e9ptimo prisionero, acusado de matar a un cl\u00e9rigo sunita en 2009, junto con otros cr\u00edmenes, fue ejecutado en la provincia de Kurdist\u00e1n. <\/p>\n<p>Las ejecuciones del s\u00e1bado siguen la Guerra de Ir\u00e1n-Israel de 12 d\u00edas en junio, que termin\u00f3 con Teher\u00e1n prometiendo que se dirigir\u00eda a sus enemigos en casa y en el extranjero.<\/p>\n<p><strong>Ir\u00e1n m\u00e1s que dobles las ejecuciones estatales en la primera mitad de 2025<\/strong><\/p>\n<div class=\"image-ct inline\">\n<div class=\"m\"><picture><source media=\"(max-width: 767px)\" srcset=\"https:\/\/a57.foxnews.com\/static.foxnews.com\/foxnews.com\/content\/uploads\/2025\/07\/343\/192\/executions-in-iran.jpg?ve=1&amp;tl=1, https:\/\/a57.foxnews.com\/static.foxnews.com\/foxnews.com\/content\/uploads\/2025\/07\/686\/384\/executions-in-iran.jpg?ve=1&amp;tl=1 2x\" height=\"192\" width=\"343\"><source media=\"(min-width: 768px) and (max-width: 1023px)\" srcset=\"https:\/\/a57.foxnews.com\/static.foxnews.com\/foxnews.com\/content\/uploads\/2025\/07\/672\/378\/executions-in-iran.jpg?ve=1&amp;tl=1, https:\/\/a57.foxnews.com\/static.foxnews.com\/foxnews.com\/content\/uploads\/2025\/07\/1344\/756\/executions-in-iran.jpg?ve=1&amp;tl=1 2x\" height=\"378\" width=\"672\"><source media=\"(min-width: 1024px) and (max-width: 1279px)\" srcset=\"https:\/\/a57.foxnews.com\/static.foxnews.com\/foxnews.com\/content\/uploads\/2025\/07\/931\/523\/executions-in-iran.jpg?ve=1&amp;tl=1, https:\/\/a57.foxnews.com\/static.foxnews.com\/foxnews.com\/content\/uploads\/2025\/07\/1862\/1046\/executions-in-iran.jpg?ve=1&amp;tl=1 2x\" height=\"523\" width=\"931\"><source media=\"(min-width: 1280px)\" srcset=\"https:\/\/a57.foxnews.com\/static.foxnews.com\/foxnews.com\/content\/uploads\/2025\/07\/720\/405\/executions-in-iran.jpg?ve=1&amp;tl=1, https:\/\/a57.foxnews.com\/static.foxnews.com\/foxnews.com\/content\/uploads\/2025\/07\/1440\/810\/executions-in-iran.jpg?ve=1&amp;tl=1 2x\" height=\"405\" width=\"720\"><img loading=\"lazy\" decoding=\"async\" src=\"https:\/\/a57.foxnews.com\/static.foxnews.com\/foxnews.com\/content\/uploads\/2025\/07\/1200\/675\/executions-in-iran.jpg?ve=1&amp;tl=1\" alt=\"La mujer llora en el sitio en honor a los ejecutados por Ir\u00e1n.\" width=\"1200\" height=\"675\"\/><\/source><\/source><\/source><\/source><\/picture><\/div>\n<div class=\"info\">\n<div class=\"caption\">\n<p><span>Una mujer coloca flores para las v\u00edctimas de ejecuciones en Ir\u00e1n durante un rally en Par\u00eds, Francia, el 13 de mayo de 2025. <\/span> <span>(Siavosh Hosseini\/SOPA Images\/LighTrocket a trav\u00e9s de Getty Images)<\/span><\/p>\n<\/div>\n<\/div>\n<\/div>\n<p>Seg\u00fan Amnist\u00eda Internacional, las autoridades iran\u00edes han ejecutado a m\u00e1s de 1,000 personas hasta ahora en 2025, la cifra anual m\u00e1s alta registrada por el grupo en al menos 15 a\u00f1os.<\/p>\n<p>Ir\u00e1n dijo que los seis hombres vinculados a Israel mataron a los agentes de polic\u00eda y a las fuerzas de seguridad, as\u00ed como a los bombardeos orquestados dirigidos a sitios alrededor de Khorramshahr en la inquietante provincia de Khuzestan de Ir\u00e1n. La televisi\u00f3n estatal iran\u00ed emiti\u00f3 im\u00e1genes de uno de los hombres que hablaban sobre los ataques, diciendo que era la primera vez que los detalles se hac\u00edan p\u00fablicos.<\/p>\n<p>Un grupo kurdo llamado La Organizaci\u00f3n de Derechos Humanos de Hengaw dijo que los seis eran prisioneros pol\u00edticos \u00e1rabes que hab\u00edan sido arrestados durante las protestas de 2019. Hengaw dijo que Ir\u00e1n los acus\u00f3 de tener v\u00ednculos con el movimiento de lucha \u00e1rabe para la liberaci\u00f3n de Ahvaz, un grupo separatista culpado por los bombardeos de tuber\u00edas y otros ataques en la regi\u00f3n.<\/p>\n<p>El grupo insisti\u00f3 en que los hombres fueron torturados y obligados a dar confesiones televisadas bajo coacci\u00f3n.<\/p>\n<div class=\"image-ct inline\">\n<div class=\"m\"><picture><source media=\"(max-width: 767px)\" srcset=\"https:\/\/a57.foxnews.com\/static.foxnews.com\/foxnews.com\/content\/uploads\/2025\/09\/343\/192\/khamenei-iran-getty.jpg?ve=1&amp;tl=1, https:\/\/a57.foxnews.com\/static.foxnews.com\/foxnews.com\/content\/uploads\/2025\/09\/686\/384\/khamenei-iran-getty.jpg?ve=1&amp;tl=1 2x\" height=\"192\" width=\"343\"><source media=\"(min-width: 768px) and (max-width: 1023px)\" srcset=\"https:\/\/a57.foxnews.com\/static.foxnews.com\/foxnews.com\/content\/uploads\/2025\/09\/672\/378\/khamenei-iran-getty.jpg?ve=1&amp;tl=1, https:\/\/a57.foxnews.com\/static.foxnews.com\/foxnews.com\/content\/uploads\/2025\/09\/1344\/756\/khamenei-iran-getty.jpg?ve=1&amp;tl=1 2x\" height=\"378\" width=\"672\"><source media=\"(min-width: 1024px) and (max-width: 1279px)\" srcset=\"https:\/\/a57.foxnews.com\/static.foxnews.com\/foxnews.com\/content\/uploads\/2025\/09\/931\/523\/khamenei-iran-getty.jpg?ve=1&amp;tl=1, https:\/\/a57.foxnews.com\/static.foxnews.com\/foxnews.com\/content\/uploads\/2025\/09\/1862\/1046\/khamenei-iran-getty.jpg?ve=1&amp;tl=1 2x\" height=\"523\" width=\"931\"><source media=\"(min-width: 1280px)\" srcset=\"https:\/\/a57.foxnews.com\/static.foxnews.com\/foxnews.com\/content\/uploads\/2025\/09\/720\/405\/khamenei-iran-getty.jpg?ve=1&amp;tl=1, https:\/\/a57.foxnews.com\/static.foxnews.com\/foxnews.com\/content\/uploads\/2025\/09\/1440\/810\/khamenei-iran-getty.jpg?ve=1&amp;tl=1 2x\" height=\"405\" width=\"720\"><img loading=\"lazy\" decoding=\"async\" src=\"https:\/\/a57.foxnews.com\/static.foxnews.com\/foxnews.com\/content\/uploads\/2025\/09\/1200\/675\/khamenei-iran-getty.jpg?ve=1&amp;tl=1\" alt=\"L\u00edder Supremo de Ir\u00e1n, Ayatol\u00e1 Ali Khamenei\" width=\"1200\" height=\"675\"\/><\/source><\/source><\/source><\/source><\/picture><\/div>\n<div class=\"info\">\n<div class=\"caption\">\n<p><span>El l\u00edder supremo de Ir\u00e1n, el ayatol\u00e1 Ali Khamenei, en la foto sentado junto a un alto funcionario militar en Ir\u00e1n.<\/span> <span>(Getty Images)<\/span><\/p>\n<\/div>\n<\/div>\n<\/div>\n<p><strong>Ir\u00e1n aumenta las ejecuciones estatales en medio de conversaciones nucleares con nosotros<\/strong><\/p>\n<p>El s\u00e9ptimo prisionero, Saman Mohammadi Khiyareh, un kurdo, fue condenado por el asesinato de Mamousta Sheikh al-Islam en 2009, un cl\u00e9rigo sunita progubernamental en la ciudad kurda de Sanandaj.<\/p>\n<p>Los activistas han cuestionado el caso de Khiyareh, se\u00f1alando que solo ten\u00eda 15 o 16 a\u00f1os en el momento del asesinato, fue arrestado a los 19 y fue retenido durante m\u00e1s de una d\u00e9cada antes de su ejecuci\u00f3n. Su condena, dijeron, depend\u00eda de las confesiones extra\u00eddas bajo tortura: una pr\u00e1ctica activistas acusa a los tribunales iran\u00edes de usar regularmente.<\/p>\n<p>El n\u00famero de ejecuciones estatales se ha intensificado dr\u00e1sticamente desde que el presidente Massoud Pezeshkian asumi\u00f3 el cargo en julio de 2024. Al menos 975 personas fueron ejecutadas en 2024, seg\u00fan cifras de las Naciones Unidas. Pezeshkian responde al l\u00edder supremo Ayatol\u00e1 Ali Khamenei, quien posee la m\u00e1xima autoridad en el pa\u00eds.<\/p>\n<div class=\"image-ct inline\">\n<div class=\"m\"><picture><source media=\"(max-width: 767px)\" srcset=\"https:\/\/a57.foxnews.com\/static.foxnews.com\/foxnews.com\/content\/uploads\/2025\/10\/343\/192\/iranian-president-masoud-pezeshkian-.jpg?ve=1&amp;tl=1, https:\/\/a57.foxnews.com\/static.foxnews.com\/foxnews.com\/content\/uploads\/2025\/10\/686\/384\/iranian-president-masoud-pezeshkian-.jpg?ve=1&amp;tl=1 2x\" height=\"192\" width=\"343\"><source media=\"(min-width: 768px) and (max-width: 1023px)\" srcset=\"https:\/\/a57.foxnews.com\/static.foxnews.com\/foxnews.com\/content\/uploads\/2025\/10\/672\/378\/iranian-president-masoud-pezeshkian-.jpg?ve=1&amp;tl=1, https:\/\/a57.foxnews.com\/static.foxnews.com\/foxnews.com\/content\/uploads\/2025\/10\/1344\/756\/iranian-president-masoud-pezeshkian-.jpg?ve=1&amp;tl=1 2x\" height=\"378\" width=\"672\"><source media=\"(min-width: 1024px) and (max-width: 1279px)\" srcset=\"https:\/\/a57.foxnews.com\/static.foxnews.com\/foxnews.com\/content\/uploads\/2025\/10\/931\/523\/iranian-president-masoud-pezeshkian-.jpg?ve=1&amp;tl=1, https:\/\/a57.foxnews.com\/static.foxnews.com\/foxnews.com\/content\/uploads\/2025\/10\/1862\/1046\/iranian-president-masoud-pezeshkian-.jpg?ve=1&amp;tl=1 2x\" height=\"523\" width=\"931\"><source media=\"(min-width: 1280px)\" srcset=\"https:\/\/a57.foxnews.com\/static.foxnews.com\/foxnews.com\/content\/uploads\/2025\/10\/720\/405\/iranian-president-masoud-pezeshkian-.jpg?ve=1&amp;tl=1, https:\/\/a57.foxnews.com\/static.foxnews.com\/foxnews.com\/content\/uploads\/2025\/10\/1440\/810\/iranian-president-masoud-pezeshkian-.jpg?ve=1&amp;tl=1 2x\" height=\"405\" width=\"720\"><img loading=\"lazy\" decoding=\"async\" src=\"https:\/\/a57.foxnews.com\/static.foxnews.com\/foxnews.com\/content\/uploads\/2025\/10\/1200\/675\/iranian-president-masoud-pezeshkian-.jpg?ve=1&amp;tl=1\" alt=\"El presidente iran\u00ed Masoud Pezeshkian habla\" width=\"1200\" height=\"675\"\/><\/source><\/source><\/source><\/source><\/picture><\/div>\n<div class=\"info\">\n<div class=\"caption\">\n<p><span>El presidente iran\u00ed Masoud Pezeshkian habla durante una reuni\u00f3n en Teher\u00e1n. Ir\u00e1n ha enfrentado un escrutinio internacional sobre un aumento en las ejecuciones este a\u00f1o.<\/span> <span>(Presidencia iran\u00ed \/ folleto \/ Anadolu a trav\u00e9s de Getty Images)<\/span><\/p>\n<\/div>\n<\/div>\n<\/div>\n<p><strong>Haga clic aqu\u00ed para obtener la aplicaci\u00f3n Fox News<\/strong><\/p>\n<p>Ir\u00e1n ha estado matando a los prisioneros a un ritmo invisible desde 1988, cuando ejecut\u00f3 miles al final de la guerra de Ir\u00e1n-Iraq.<\/p>\n<p>Los expertos independientes en los derechos humanos de la ONU han sonado la alarma sobre la gran cantidad de ejecuciones, calific\u00e1ndolo de \u00abuna escalada dram\u00e1tica que viola la ley internacional de derechos humanos\u00bb, seg\u00fan un reciente comunicado de prensa de la Oficina del Alto Comisionado de los Derechos Humanos.<\/p>\n<p>\u00abCon un promedio de m\u00e1s de nueve problemas por d\u00eda en las \u00faltimas semanas, Ir\u00e1n parece estar realizando ejecuciones a una escala industrial que desaf\u00eda todos los est\u00e1ndares aceptados de protecci\u00f3n contra los derechos humanos\u00bb, dijo el cuerpo.<\/p>\n<p><i>Associated Press y Reuters contribuyeron a este informe<\/i><\/p>\n<p> <!----> <\/p>\n<div class=\"article-meta\">\n<div class=\"author-bio\">\n<p>Michael Dorgan es escritor de Fox News Digital y Fox Business.<\/p>\n<p>Puede enviar consejos a Michael.dorgan@fox.com y seguirlo en Twitter @M_Dorgan.<\/p>\n<\/div>\n<\/div>\n<\/div>\n\n","protected":false},"excerpt":{"rendered":"<p>NUEVO\u00a1Ahora puedes escuchar art\u00edculos de Fox News! Seg\u00fan los informes, Ir\u00e1n ejecut\u00f3 a seis prisioneros el s\u00e1bado que el r\u00e9gimen afirm\u00f3 que llevaron a cabo ataques mortales en el suroeste rico en petr\u00f3leo del pa\u00eds en nombre de Israel, marcando el \u00faltimo aumento en las ejecuciones que los grupos de derechos, seg\u00fan los grupos de &hellip;<\/p>\n","protected":false},"author":1,"featured_media":44527,"comment_status":"open","ping_status":"open","sticky":false,"template":"","format":"standard","meta":{"fifu_image_url":"https:\/\/static.foxnews.com\/foxnews.com\/content\/uploads\/2025\/07\/executions-in-iran.jpg","fifu_image_alt":"","footnotes":""},"categories":[13],"tags":[],"class_list":["post-44525","post","type-post","status-publish","format-standard","has-post-thumbnail","","category-mundo"],"_links":{"self":[{"href":"https:\/\/noticiasveraces.com\/index.php?rest_route=\/wp\/v2\/posts\/44525","targetHints":{"allow":["GET"]}}],"collection":[{"href":"https:\/\/noticiasveraces.com\/index.php?rest_route=\/wp\/v2\/posts"}],"about":[{"href":"https:\/\/noticiasveraces.com\/index.php?rest_route=\/wp\/v2\/types\/post"}],"author":[{"embeddable":true,"href":"https:\/\/noticiasveraces.com\/index.php?rest_route=\/wp\/v2\/users\/1"}],"replies":[{"embeddable":true,"href":"https:\/\/noticiasveraces.com\/index.php?rest_route=%2Fwp%2Fv2%2Fcomments&post=44525"}],"version-history":[{"count":0,"href":"https:\/\/noticiasveraces.com\/index.php?rest_route=\/wp\/v2\/posts\/44525\/revisions"}],"wp:featuredmedia":[{"embeddable":true,"href":"https:\/\/noticiasveraces.com\/index.php?rest_route=\/wp\/v2\/media\/44527"}],"wp:attachment":[{"href":"https:\/\/noticiasveraces.com\/index.php?rest_route=%2Fwp%2Fv2%2Fmedia&parent=44525"}],"wp:term":[{"taxonomy":"category","embeddable":true,"href":"https:\/\/noticiasveraces.com\/index.php?rest_route=%2Fwp%2Fv2%2Fcategories&post=44525"},{"taxonomy":"post_tag","embeddable":true,"href":"https:\/\/noticiasveraces.com\/index.php?rest_route=%2Fwp%2Fv2%2Ftags&post=44525"}],"curies":[{"name":"wp","href":"https:\/\/api.w.org\/{rel}","templated":true}]}}