{"id":44523,"date":"2025-10-04T10:10:10","date_gmt":"2025-10-04T14:10:10","guid":{"rendered":"https:\/\/noticiasveraces.com\/?p=44523"},"modified":"2025-10-04T10:10:10","modified_gmt":"2025-10-04T14:10:10","slug":"el-desafio-de-ser-pioneros-universitarios-estudiad-que-la-vida-va-muy-rapido-educacion","status":"publish","type":"post","link":"https:\/\/noticiasveraces.com\/?p=44523","title":{"rendered":"El desaf\u00edo de ser pioneros universitarios: \u201cEstudiad, que la vida va muy r\u00e1pido\u201d | Educaci\u00f3n"},"content":{"rendered":"<p> \n<\/p>\n<div data-dtm-region=\"articulo_cuerpo\">\n<p class=\"\">Carla Villanueva asegura que, en Bachillerato, era \u201cla rara de las mates y f\u00edsica\u201d y so\u00f1aba con estudiar Ciencia de Datos en la Universidad Polit\u00e9cnica de Valencia. Est\u00e1 por cumplir 18 a\u00f1os y adem\u00e1s, su meta. Como Villanueva, miles de estudiantes han arrancado este curso sus carreras universitarias y, tambi\u00e9n como ella, algunos son la primera persona de su familia en ir a la universidad. \u201cDesde peque\u00f1as mi madre nos ha dicho: \u2018Estudiad, que la vida va muy r\u00e1pido\u2019\u201d, rememora. Entre los que se abren paso este nuevo ciclo est\u00e1n los 12 beneficiarios de las becas Jes\u00fas Serra de la Fundaci\u00f3n Occident, que han sido elegidos de entre 100 candidatos de toda Espa\u00f1a por su trayectoria acad\u00e9mica y por ser la primera generaci\u00f3n de su familia en ir a la universidad, o las primeras mujeres en cursar una carrera de Ciencia, Tecnolog\u00eda, Ingenier\u00eda o Matem\u00e1ticas. <\/p>\n<p class=\"\">Villanueva ha estado este viernes en Madrid para el acto de la entrega formal de las becas, junto a los otros becados y los padres, hermanos y amigos que han podido acompa\u00f1arlos. Las ayudas cubren el costo de la matr\u00edcula, materiales y clases de refuerzo. Adem\u00e1s, incluyen un programa de mentor\u00eda para los seleccionados, que son de 10 autonom\u00edas diferentes y se formar\u00e1n en nueve universidades distintas. <\/p>\n<p class=\"\">Maite, la madre de la estudiante, recuerda el clima de la casa cuando esperaban la respuesta de la solicitud: \u201cPas\u00f3 tanto tiempo que ella lo ten\u00eda descartado, pero yo no\u201d. Emocionada por la selecci\u00f3n de su hija, manifiesta: \u201cEsta beca es una oportunidad, si est\u00e1s en esta beca es porque no tienes suficientes recursos, estar aqu\u00ed te garantiza que vas a poder terminarlo\u201d. <\/p>\n<figure class=\"a_m a_m-h \"><span class=\"_db a_m_w _pr lb_btn\"><img decoding=\"auto\" class=\"_re lazyload a_m-h\" height=\"265\" srcset=\"https:\/\/imagenes.elpais.com\/resizer\/v2\/MFTQWPODRRB37PNKPTRCP67TOM.jpg?auth=6362c88508e205aaf0df5d028534a34d061f61d59a041f9b989dd5b758b94ad5&amp;width=414 414w,https:\/\/imagenes.elpais.com\/resizer\/v2\/MFTQWPODRRB37PNKPTRCP67TOM.jpg?auth=6362c88508e205aaf0df5d028534a34d061f61d59a041f9b989dd5b758b94ad5&amp;width=828 640w,https:\/\/imagenes.elpais.com\/resizer\/v2\/MFTQWPODRRB37PNKPTRCP67TOM.jpg?auth=6362c88508e205aaf0df5d028534a34d061f61d59a041f9b989dd5b758b94ad5&amp;width=980 1000w,https:\/\/imagenes.elpais.com\/resizer\/v2\/MFTQWPODRRB37PNKPTRCP67TOM.jpg?auth=6362c88508e205aaf0df5d028534a34d061f61d59a041f9b989dd5b758b94ad5&amp;width=1960 1960w\" width=\"414\" sizes=\"auto, (min-width:1199px) 1155px,(min-width:1001px) calc(100vw - 44px),(min-width:768px) 767px, 100vw\" src=\"https:\/\/imagenes.elpais.com\/resizer\/v2\/MFTQWPODRRB37PNKPTRCP67TOM.jpg?auth=6362c88508e205aaf0df5d028534a34d061f61d59a041f9b989dd5b758b94ad5&amp;width=414\" loading=\"lazy\"\/><svg aria-hidden=\"true\" class=\"icon_multimedia_ampliar | _pa a_m_i a_m_i-a _dn\" viewbox=\"0 0 40 40\"><use xlink:href=\"#svg-ampliar\"\/><\/svg><\/span><figcaption class=\"a_m_p\" aria-hidden=\"true\"><span>La estudiante Carla Villanueva, en la sede de Occident, en Madrid, este viernes 3 de octubre de 2025.<\/span><span class=\"a_m_m\">Santi Burgos<\/span><\/figcaption><\/figure>\n<p class=\"\">Solo el 19% de los j\u00f3venes que son pioneros universitarios en sus respectivas familias completan la formaci\u00f3n, frente al 72% de los hijos de graduados, seg\u00fan el informe <i>Educaci\u00f3n de un vistazo 2024<\/i> de la OCDE. Los becados de Jes\u00fas Serra tienen en com\u00fan el apoyo de su gente, que es de enorme influencia en las trayectorias educativas. <\/p>\n<p class=\"\">Para Luc\u00eda P\u00e9rez, que acaba de cumplir 18 y est\u00e1 cursando un grado en Bioqu\u00edmica y Biolog\u00eda Molecular en la Universidad del Pa\u00eds Vasco, su padre fue clave para lograr la ayuda mientras ella se preparaba para los ex\u00e1menes. Joaqu\u00edn sonr\u00ede con orgullo al hablar del logro de su hija y asegura que \u201cha sido una recompensa al trabajo que lleva haciendo desde que empez\u00f3, con pico y pala\u201d. <\/p>\n<p class=\"\">P\u00e9rez se ha mudado de San Pedro del Pinatar, en la costa de Murcia, a una residencia de estudiantes y todo es nuevo. \u201cHe pasado de no tener ni autob\u00fas a una ciudad, entonces el cambio es bastante notorio\u201d, se r\u00ede. Ya est\u00e1 haciendo pr\u00e1cticas en el laboratorio y se imagina dedic\u00e1ndose al \u00e1rea sanitaria y de investigaci\u00f3n. Comparte con el resto de los becados la dedicaci\u00f3n y un rendimiento sobresaliente en los ex\u00e1menes para poder lograr una plaza. El promedio de los becados es de 8,67. P\u00e9rez recuerda: \u201cPara asegurarme poder entrar en la carrera que eligiese me apliqu\u00e9 mucho y ello conllev\u00f3 estr\u00e9s y reducir bastante mi vida social, dedicarme exclusivamente a estudiar\u201d. <\/p>\n<figure class=\"a_m a_m-h \"><span class=\"_db a_m_w _pr lb_btn\"><img decoding=\"auto\" class=\"_re lazyload a_m-h\" height=\"276\" srcset=\"https:\/\/imagenes.elpais.com\/resizer\/v2\/RAGLWXJMEBDI3NRJHW5GDXX76Y.jpg?auth=2cdcf84fc801f8ccf425f69c197774eda1d42cba82c28caf47a98bda3e9c5ce9&amp;width=414 414w,https:\/\/imagenes.elpais.com\/resizer\/v2\/RAGLWXJMEBDI3NRJHW5GDXX76Y.jpg?auth=2cdcf84fc801f8ccf425f69c197774eda1d42cba82c28caf47a98bda3e9c5ce9&amp;width=828 640w,https:\/\/imagenes.elpais.com\/resizer\/v2\/RAGLWXJMEBDI3NRJHW5GDXX76Y.jpg?auth=2cdcf84fc801f8ccf425f69c197774eda1d42cba82c28caf47a98bda3e9c5ce9&amp;width=980 1000w,https:\/\/imagenes.elpais.com\/resizer\/v2\/RAGLWXJMEBDI3NRJHW5GDXX76Y.jpg?auth=2cdcf84fc801f8ccf425f69c197774eda1d42cba82c28caf47a98bda3e9c5ce9&amp;width=1960 1960w\" width=\"414\" sizes=\"auto, (min-width:1199px) 1155px,(min-width:1001px) calc(100vw - 44px),(min-width:768px) 767px, 100vw\" src=\"https:\/\/imagenes.elpais.com\/resizer\/v2\/RAGLWXJMEBDI3NRJHW5GDXX76Y.jpg?auth=2cdcf84fc801f8ccf425f69c197774eda1d42cba82c28caf47a98bda3e9c5ce9&amp;width=414\" loading=\"lazy\"\/><svg aria-hidden=\"true\" class=\"icon_multimedia_ampliar | _pa a_m_i a_m_i-a _dn\" viewbox=\"0 0 40 40\"><use xlink:href=\"#svg-ampliar\"\/><\/svg><\/span><figcaption class=\"a_m_p\" aria-hidden=\"true\"><span>La estudiante Luc\u00eda P\u00e9rez, en la sede de Occident, en Madrid, este viernes 3 de octubre de 2025.<\/span><span class=\"a_m_m\">Santi Burgos<\/span><\/figcaption><\/figure>\n<p class=\"\">Los esfuerzos de estos j\u00f3venes se han recompensado, aunque, como muchos otros alumnos, tem\u00edan que las buenas notas no fueran garant\u00eda de entrar a la facultad que quisieran, en un contexto en el que las universidades p\u00fablicas no tienen suficientes recursos para poder ofrecer m\u00e1s plazas y atender a la demanda. \u201cEstamos dejando fuera a personas que creen en la universidad como lugar de oportunidades. Es una realidad\u201d, lament\u00f3 hace unas semanas Eva Alc\u00f3n, la presidenta de la conferencia de rectores (CRUE) y rectora de la p\u00fablica Jaume I, en una entrevista en este peri\u00f3dico. <\/p>\n<p class=\"\">Joel Buend\u00eda, de 21 a\u00f1os, se mud\u00f3 de Zaragoza a para empezar su grado de Gen\u00e9tica en la universidad privada Francisco de Vitoria, en Madrid. Buend\u00eda afirma: \u201cTengo una familia muy trabajadora y no es algo malo, al rev\u00e9s, es lo que me ha permitido decir: \u2018Vale, tengo que trabajar para conseguir esto y ganarme la vida por m\u00ed mismo\u2019\u201d. Para costearse los gastos y el piso compartido en la capital, enlaza trabajos cortos. El m\u00e1s curioso ha sido ser \u201cmodelo de coraz\u00f3n\u201d, en el Congreso Internacional de Cardiolog\u00eda. <\/p>\n<p class=\"\">Le hicieron ecocardiogramas para exponer su coraz\u00f3n a tiempo real frente a los m\u00e9dicos y explicar c\u00f3mo funciona una maquinaria nueva. Tiene claro que ha acertado en lo que ha escogido, le interesa aprender sobre \u201clo primero de todo, el nivel molecular\u201d y las distintas ramas como agro tecnolog\u00eda, embriolog\u00eda o la medicina que analiza la gen\u00e9tica para, ya no solo tratar, sino tambi\u00e9n prevenir a las personas de las posibles enfermedades que puedan tener.<\/p>\n<figure class=\"a_m a_m-h \"><span class=\"_db a_m_w _pr lb_btn\"><img decoding=\"auto\" class=\"_re lazyload a_m-h\" height=\"276\" srcset=\"https:\/\/imagenes.elpais.com\/resizer\/v2\/DO5PGVBQXZGIDBU3LYJSVUB7LQ.jpg?auth=b836b7ce956cb1f0712f7f896dbd0fde0205ee345e0900b5fb6836293137fb56&amp;width=414 414w,https:\/\/imagenes.elpais.com\/resizer\/v2\/DO5PGVBQXZGIDBU3LYJSVUB7LQ.jpg?auth=b836b7ce956cb1f0712f7f896dbd0fde0205ee345e0900b5fb6836293137fb56&amp;width=828 640w,https:\/\/imagenes.elpais.com\/resizer\/v2\/DO5PGVBQXZGIDBU3LYJSVUB7LQ.jpg?auth=b836b7ce956cb1f0712f7f896dbd0fde0205ee345e0900b5fb6836293137fb56&amp;width=980 1000w,https:\/\/imagenes.elpais.com\/resizer\/v2\/DO5PGVBQXZGIDBU3LYJSVUB7LQ.jpg?auth=b836b7ce956cb1f0712f7f896dbd0fde0205ee345e0900b5fb6836293137fb56&amp;width=1960 1960w\" width=\"414\" sizes=\"auto, (min-width:1199px) 1155px,(min-width:1001px) calc(100vw - 44px),(min-width:768px) 767px, 100vw\" src=\"https:\/\/imagenes.elpais.com\/resizer\/v2\/DO5PGVBQXZGIDBU3LYJSVUB7LQ.jpg?auth=b836b7ce956cb1f0712f7f896dbd0fde0205ee345e0900b5fb6836293137fb56&amp;width=414\" loading=\"lazy\"\/><svg aria-hidden=\"true\" class=\"icon_multimedia_ampliar | _pa a_m_i a_m_i-a _dn\" viewbox=\"0 0 40 40\"><use xlink:href=\"#svg-ampliar\"\/><\/svg><\/span><figcaption class=\"a_m_p\" aria-hidden=\"true\"><span>El estudiante Joel Buend\u00eda, en la sede de Occident, en Madrid, este viernes 3 de octubre de 2025.<\/span><span class=\"a_m_m\">Santi Burgos<\/span><\/figcaption><\/figure>\n<p class=\"\">Buend\u00eda es uno de los \u00fanicos dos hombres seleccionados. Una de las v\u00edas para aplicar era ser la primera mujer en una carrera STEM; la otra, ser la primera generaci\u00f3n de universitarios, de estas, el 67,5% que aplicaron fueron chicas. Una de ellas es Mar\u00eda P\u00e9rez, de 17 a\u00f1os, que est\u00e1 siguiendo la vocaci\u00f3n que tiene clara hace a\u00f1os de formarse para ser maestra. Se qued\u00f3 en su casa en Salamanca para hacer un doble grado en Educaci\u00f3n Primaria e Infantil. <\/p>\n<p class=\"\">Adem\u00e1s de a sus padres y a sus abuelos maternos, le debe la motivaci\u00f3n a Rosa, una maestra que la marc\u00f3. En segundo de Bachillerato consigui\u00f3 la matr\u00edcula de honor y recuerda: \u201cMis profesores me dijeron: \u2018Con la matr\u00edcula te puedes pagar la universidad\u2019\u201d. Su madre, Ana Cristina, revela que ahora, al igual que para su hija, para ella y su marido Florentino, \u201ctodo es nuevo\u201d y lo viven con emoci\u00f3n.<\/p>\n<figure class=\"a_m a_m-h \"><span class=\"_db a_m_w _pr lb_btn\"><img decoding=\"auto\" class=\"_re lazyload a_m-h\" height=\"276\" srcset=\"https:\/\/imagenes.elpais.com\/resizer\/v2\/6CLNBWCRS5EIJFFUSJPQXGRQYQ.jpg?auth=a3d935645187f7f237e9cd6f2d4b0c7ae25c27079df7e2d315f782e71fbe79ca&amp;width=414 414w,https:\/\/imagenes.elpais.com\/resizer\/v2\/6CLNBWCRS5EIJFFUSJPQXGRQYQ.jpg?auth=a3d935645187f7f237e9cd6f2d4b0c7ae25c27079df7e2d315f782e71fbe79ca&amp;width=828 640w,https:\/\/imagenes.elpais.com\/resizer\/v2\/6CLNBWCRS5EIJFFUSJPQXGRQYQ.jpg?auth=a3d935645187f7f237e9cd6f2d4b0c7ae25c27079df7e2d315f782e71fbe79ca&amp;width=980 1000w,https:\/\/imagenes.elpais.com\/resizer\/v2\/6CLNBWCRS5EIJFFUSJPQXGRQYQ.jpg?auth=a3d935645187f7f237e9cd6f2d4b0c7ae25c27079df7e2d315f782e71fbe79ca&amp;width=1960 1960w\" width=\"414\" sizes=\"auto, (min-width:1199px) 1155px,(min-width:1001px) calc(100vw - 44px),(min-width:768px) 767px, 100vw\" src=\"https:\/\/imagenes.elpais.com\/resizer\/v2\/6CLNBWCRS5EIJFFUSJPQXGRQYQ.jpg?auth=a3d935645187f7f237e9cd6f2d4b0c7ae25c27079df7e2d315f782e71fbe79ca&amp;width=414\" loading=\"lazy\"\/><svg aria-hidden=\"true\" class=\"icon_multimedia_ampliar | _pa a_m_i a_m_i-a _dn\" viewbox=\"0 0 40 40\"><use xlink:href=\"#svg-ampliar\"\/><\/svg><\/span><figcaption class=\"a_m_p\" aria-hidden=\"true\"><span>La estudiante Mar\u00eda P\u00e9rez, en la sede de Occident, en Madrid, este viernes 3 de octubre de 2025.<\/span><span class=\"a_m_m\">Santi Burgos<\/span><\/figcaption><\/figure>\n<p class=\"\">Seg\u00fan un an\u00e1lisis de Funcas, del pasado a\u00f1o, sobre los resultados de las pruebas PISA 2022, \u201cel apoyo familiar presenta diferencias significativas que pueden ahondar a\u00fan m\u00e1s la desigualdad de oportunidades y recursos en la educaci\u00f3n a la que se enfrenan los estudiantes de los hogares m\u00e1s desfavorecidos\u201d. Este acompa\u00f1amiento a veces solo es cenar juntos, o preguntarle al estudiante qu\u00e9 ha hecho ese d\u00eda en el instituto. <\/p>\n<p class=\"\">Min Guan confiesa que sus padres le piden que aproveche la universidad, pero que no se ponga mucha presi\u00f3n, que vaya tranquila. Tiene 18 a\u00f1os y es la segunda vez que se muda. Ha viajado de Lanzarote (Canarias) a Madrid para cursar un doble grado en Matem\u00e1ticas e Ingenier\u00eda Inform\u00e1tica en la Universidad Complutense, pero en quinto de Primaria se mud\u00f3 por primera vez, desde Fujian (China). \u201cEl primer d\u00eda que pis\u00e9 el territorio espa\u00f1ol no sab\u00eda qu\u00e9 significaba la palabra hola y ni c\u00f3mo saludar a la gente, pero confiaba en que todo se logra con esfuerzo\u201d. <\/p>\n<p class=\"\">Seg\u00fan el informe de la OCDE, los espa\u00f1oles con estudios superiores ganan un 49% m\u00e1s que aquellos que con nivel formativo medio y un 76% m\u00e1s que los de que han terminado, como m\u00e1ximo, la secundaria obligatoria. A Guan le interesa la inteligencia artificial y la rob\u00f3tica, que cree que es lo que m\u00e1s est\u00e1 cambiando en la actualidad, y a largo plazo le gustar\u00eda montar una empresa propia.<\/p>\n<figure class=\"a_m a_m-h \"><span class=\"_db a_m_w _pr lb_btn\"><img decoding=\"auto\" class=\"_re lazyload a_m-h\" height=\"276\" srcset=\"https:\/\/imagenes.elpais.com\/resizer\/v2\/7HCTZDIVMNBFBLLSROVXLYXOKM.jpg?auth=68082c0c10e85bf033b9034397da4bc68ae7e97aec184b95d3664e1794697609&amp;width=414 414w,https:\/\/imagenes.elpais.com\/resizer\/v2\/7HCTZDIVMNBFBLLSROVXLYXOKM.jpg?auth=68082c0c10e85bf033b9034397da4bc68ae7e97aec184b95d3664e1794697609&amp;width=828 640w,https:\/\/imagenes.elpais.com\/resizer\/v2\/7HCTZDIVMNBFBLLSROVXLYXOKM.jpg?auth=68082c0c10e85bf033b9034397da4bc68ae7e97aec184b95d3664e1794697609&amp;width=980 1000w,https:\/\/imagenes.elpais.com\/resizer\/v2\/7HCTZDIVMNBFBLLSROVXLYXOKM.jpg?auth=68082c0c10e85bf033b9034397da4bc68ae7e97aec184b95d3664e1794697609&amp;width=1960 1960w\" width=\"414\" sizes=\"auto, (min-width:1199px) 1155px,(min-width:1001px) calc(100vw - 44px),(min-width:768px) 767px, 100vw\" src=\"https:\/\/imagenes.elpais.com\/resizer\/v2\/7HCTZDIVMNBFBLLSROVXLYXOKM.jpg?auth=68082c0c10e85bf033b9034397da4bc68ae7e97aec184b95d3664e1794697609&amp;width=414\" loading=\"lazy\"\/><svg aria-hidden=\"true\" class=\"icon_multimedia_ampliar | _pa a_m_i a_m_i-a _dn\" viewbox=\"0 0 40 40\"><use xlink:href=\"#svg-ampliar\"\/><\/svg><\/span><figcaption class=\"a_m_p\" aria-hidden=\"true\"><span>La estudiante Min Guan, en la sede de Occident, en Madrid, este viernes 3 de octubre de 2025.<\/span><span class=\"a_m_m\">Santi Burgos<\/span><\/figcaption><\/figure>\n<\/div>\n\n","protected":false},"excerpt":{"rendered":"<p>Carla Villanueva asegura que, en Bachillerato, era \u201cla rara de las mates y f\u00edsica\u201d y so\u00f1aba con estudiar Ciencia de Datos en la Universidad Polit\u00e9cnica de Valencia. Est\u00e1 por cumplir 18 a\u00f1os y adem\u00e1s, su meta. Como Villanueva, miles de estudiantes han arrancado este curso sus carreras universitarias y, tambi\u00e9n como ella, algunos son la &hellip;<\/p>\n","protected":false},"author":1,"featured_media":44524,"comment_status":"open","ping_status":"open","sticky":false,"template":"","format":"standard","meta":{"fifu_image_url":"https:\/\/imagenes.elpais.com\/resizer\/v2\/KLGFNR43LND7BH5WZ6OR6WHYXA.jpg?auth=eaf2d2ab694e8086523b90adca960b6e675229f7e11654e707524f374a57ebd4&width=1200","fifu_image_alt":"","footnotes":""},"categories":[11],"tags":[],"class_list":["post-44523","post","type-post","status-publish","format-standard","has-post-thumbnail","","category-viaje"],"_links":{"self":[{"href":"https:\/\/noticiasveraces.com\/index.php?rest_route=\/wp\/v2\/posts\/44523","targetHints":{"allow":["GET"]}}],"collection":[{"href":"https:\/\/noticiasveraces.com\/index.php?rest_route=\/wp\/v2\/posts"}],"about":[{"href":"https:\/\/noticiasveraces.com\/index.php?rest_route=\/wp\/v2\/types\/post"}],"author":[{"embeddable":true,"href":"https:\/\/noticiasveraces.com\/index.php?rest_route=\/wp\/v2\/users\/1"}],"replies":[{"embeddable":true,"href":"https:\/\/noticiasveraces.com\/index.php?rest_route=%2Fwp%2Fv2%2Fcomments&post=44523"}],"version-history":[{"count":0,"href":"https:\/\/noticiasveraces.com\/index.php?rest_route=\/wp\/v2\/posts\/44523\/revisions"}],"wp:featuredmedia":[{"embeddable":true,"href":"https:\/\/noticiasveraces.com\/index.php?rest_route=\/wp\/v2\/media\/44524"}],"wp:attachment":[{"href":"https:\/\/noticiasveraces.com\/index.php?rest_route=%2Fwp%2Fv2%2Fmedia&parent=44523"}],"wp:term":[{"taxonomy":"category","embeddable":true,"href":"https:\/\/noticiasveraces.com\/index.php?rest_route=%2Fwp%2Fv2%2Fcategories&post=44523"},{"taxonomy":"post_tag","embeddable":true,"href":"https:\/\/noticiasveraces.com\/index.php?rest_route=%2Fwp%2Fv2%2Ftags&post=44523"}],"curies":[{"name":"wp","href":"https:\/\/api.w.org\/{rel}","templated":true}]}}