{"id":44465,"date":"2025-10-03T17:46:03","date_gmt":"2025-10-03T21:46:03","guid":{"rendered":"https:\/\/noticiasveraces.com\/?p=44465"},"modified":"2025-10-03T17:46:03","modified_gmt":"2025-10-03T21:46:03","slug":"iran-esta-a-punto-de-explotar-el-vacio-de-potencia-a-medida-que-nosotros-reduce-la-presencia-de-medio-oriente","status":"publish","type":"post","link":"https:\/\/noticiasveraces.com\/?p=44465","title":{"rendered":"Ir\u00e1n est\u00e1 a punto de explotar el vac\u00edo de potencia a medida que nosotros reduce la presencia de Medio Oriente"},"content":{"rendered":"<p> \n<\/p>\n<div>\n<div id=\"beyondwords-wrapper\" class=\"beyondwords-wrapper\">\n<p><span class=\"label-bg\">NUEVO<\/span>\u00a1Ahora puedes escuchar art\u00edculos de Fox News!\n  <\/p>\n<\/div>\n<p class=\"speakable\">Solo seis meses despu\u00e9s de que la administraci\u00f3n Trump dijera que comenzar\u00eda a reducir las fuerzas estadounidenses en Siria, Estados Unidos confirm\u00f3 esta semana que tambi\u00e9n comenzar\u00e1 a reducir el n\u00famero de fuerzas estadounidenses en Iraq bajo un acuerdo alcanzado por la Administraci\u00f3n Biden: un movimiento que los expertos en seguridad advierten podr\u00edan beneficiar a Ir\u00e1n y su \u00abimperio sombra\u00bb.  <\/p>\n<p class=\"speakable\">Solo seis meses despu\u00e9s de que la administraci\u00f3n Trump anunciara planes para reducir las fuerzas estadounidenses en Siria, la administraci\u00f3n Biden confirm\u00f3 esta semana que tambi\u00e9n reducir\u00e1 los niveles de tropas en Iraq bajo un nuevo acuerdo: un movimiento de seguridad que los expertos en seguridad advierten podr\u00edan fortalecer a Ir\u00e1n y su \u00abimperio de sombras\u00bb.<\/p>\n<p>Los cambios han surgido en medio de una reducci\u00f3n percibida en la amenaza de la red terrorista ISIS y un creciente deseo de los Estados Unidos de terminar \u00abguerras para siempre\u00bb.<\/p>\n<p><strong>US &#8216;Ups the Ante&#8217;, designa grupos respaldados por Ir\u00e1n en las organizaciones terroristas de Irak<\/strong><\/p>\n<p>Pero una presencia reducida de los Estados Unidos tanto en Iraq como en Siria tiene expertos en seguridad profundamente preocupados por el vac\u00edo de poder que crear\u00e1 en ambos pa\u00edses y la amenaza inmediata que plantea Ir\u00e1n. <\/p>\n<p>Durante d\u00e9cadas, Ir\u00e1n ha ampliado su influencia tanto en Irak como en Siria, y ha establecido una presencia compleja y altamente integrada en la regi\u00f3n militar, pol\u00edtica, econ\u00f3mica y social, lo que dificulta la desviaci\u00f3n o frustrado de su influencia incluso en medio de un cambio de r\u00e9gimen en Siria. <\/p>\n<div class=\"image-ct inline\">\n<div class=\"m\"><picture><source media=\"(max-width: 767px)\" srcset=\"https:\/\/a57.foxnews.com\/static.foxnews.com\/foxnews.com\/content\/uploads\/2024\/12\/343\/192\/syria-damascus-2.jpg?ve=1&amp;tl=1, https:\/\/a57.foxnews.com\/static.foxnews.com\/foxnews.com\/content\/uploads\/2024\/12\/686\/384\/syria-damascus-2.jpg?ve=1&amp;tl=1 2x\" height=\"192\" width=\"343\"><source media=\"(min-width: 768px) and (max-width: 1023px)\" srcset=\"https:\/\/a57.foxnews.com\/static.foxnews.com\/foxnews.com\/content\/uploads\/2024\/12\/672\/378\/syria-damascus-2.jpg?ve=1&amp;tl=1, https:\/\/a57.foxnews.com\/static.foxnews.com\/foxnews.com\/content\/uploads\/2024\/12\/1344\/756\/syria-damascus-2.jpg?ve=1&amp;tl=1 2x\" height=\"378\" width=\"672\"><source media=\"(min-width: 1024px) and (max-width: 1279px)\" srcset=\"https:\/\/a57.foxnews.com\/static.foxnews.com\/foxnews.com\/content\/uploads\/2024\/12\/931\/523\/syria-damascus-2.jpg?ve=1&amp;tl=1, https:\/\/a57.foxnews.com\/static.foxnews.com\/foxnews.com\/content\/uploads\/2024\/12\/1862\/1046\/syria-damascus-2.jpg?ve=1&amp;tl=1 2x\" height=\"523\" width=\"931\"><source media=\"(min-width: 1280px)\" srcset=\"https:\/\/a57.foxnews.com\/static.foxnews.com\/foxnews.com\/content\/uploads\/2024\/12\/720\/405\/syria-damascus-2.jpg?ve=1&amp;tl=1, https:\/\/a57.foxnews.com\/static.foxnews.com\/foxnews.com\/content\/uploads\/2024\/12\/1440\/810\/syria-damascus-2.jpg?ve=1&amp;tl=1 2x\" height=\"405\" width=\"720\"><img loading=\"lazy\" decoding=\"async\" src=\"https:\/\/a57.foxnews.com\/static.foxnews.com\/foxnews.com\/content\/uploads\/2024\/12\/1200\/675\/syria-damascus-2.jpg?ve=1&amp;tl=1\" alt=\"La gente celebra en Damasco despu\u00e9s de la ca\u00edda del r\u00e9gimen de Assad\" width=\"1200\" height=\"675\"\/><\/source><\/source><\/source><\/source><\/picture><\/div>\n<div class=\"info\">\n<div class=\"caption\">\n<p><span>La gente agita las armas en el aire mientras se re\u00fanen para celebrar la ca\u00edda del r\u00e9gimen sirio en la plaza omeya el 8 de diciembre en Damasco, Siria. <\/span> <span>(Ali Haj Suleiman\/Getty Images)<\/span><\/p>\n<\/div>\n<\/div>\n<\/div>\n<p>\u00abLa relaci\u00f3n entre el revolucionario isl\u00e1mico Ir\u00e1n y Siria se remonta a los a\u00f1os 80. No es algo que acaba de comenzar con el advenimiento de la Guerra Civil siria\u00bb, dijo Gregg Roman, director ejecutivo del Foro de Medio Oriente, a Fox News Digital. \u00abTomaron 40 a\u00f1os de relaciones y finalmente lo convirtieron en una empresa\u00bb.<\/p>\n<p>Ir\u00e1n ha utilizado fuerzas militantes chi\u00edtas no solo de Siria, sino tambi\u00e9n de Irak, Afganist\u00e1n y L\u00edbano, para construir una \u00abinfraestructura militar paralela\u00bb en coordinaci\u00f3n con el Cuerpo de la Guardia Revolucionaria Isl\u00e1mica (IRGC) que ha transformado Siria en una \u00abbase operativa iran\u00ed en adelante\u00bb.<\/p>\n<p>Seg\u00fan un informe de investigaci\u00f3n compilado por el Foro de Medio Oriente, utilizando fuentes en el terreno integradas en instalaciones militares iran\u00edes en Siria desde 2018, Ir\u00e1n no solo ha construido t\u00faneles subterr\u00e1neos y dep\u00f3sitos de armas para su disposici\u00f3n. Teher\u00e1n se ha incrustado profundamente en la vida cotidiana de los sirios a trav\u00e9s de un sistema integrado que ha combinado deberes militares con programas civiles.<\/p>\n<p>Su estructura de comando tambi\u00e9n trasciende las fronteras tradicionales-estado-naci\u00f3n al integrar los comandantes iran\u00edes, libaneses e iraqu\u00edes.<\/p>\n<p>Mientras que Ir\u00e1n ahora enfrenta la oposici\u00f3n en Siria despu\u00e9s del colapso del r\u00e9gimen de Bashar al-Assad con la adquisici\u00f3n de diciembre de 2024 por la organizaci\u00f3n paramilitar sunita Hay&#8217;at Tahrir al-Sham (HST), una vez considerado por los Estados Unidos como una organizaci\u00f3n terrorista que se deriva de Al Qaeda, tiene el potencial de aprovechar que la falta de una falta de Syria, tambi\u00e9n compleja, tambi\u00e9n una organizaci\u00f3n de Syria, y tambi\u00e9n una organizaci\u00f3n de Syria, y tambi\u00e9n una organizaci\u00f3n de Syria, y tambi\u00e9n una organizaci\u00f3n de Syria. Din\u00e1mica donde Israel, Turqu\u00eda y Rusia compiten por una mayor influencia en la naci\u00f3n.<\/p>\n<div class=\"image-ct inline\">\n<div class=\"m\"><picture><source media=\"(max-width: 767px)\" srcset=\"https:\/\/a57.foxnews.com\/static.foxnews.com\/foxnews.com\/content\/uploads\/2025\/10\/343\/192\/iran-back-militas-in-iraq.jpg?ve=1&amp;tl=1, https:\/\/a57.foxnews.com\/static.foxnews.com\/foxnews.com\/content\/uploads\/2025\/10\/686\/384\/iran-back-militas-in-iraq.jpg?ve=1&amp;tl=1 2x\" height=\"192\" width=\"343\"><source media=\"(min-width: 768px) and (max-width: 1023px)\" srcset=\"https:\/\/a57.foxnews.com\/static.foxnews.com\/foxnews.com\/content\/uploads\/2025\/10\/672\/378\/iran-back-militas-in-iraq.jpg?ve=1&amp;tl=1, https:\/\/a57.foxnews.com\/static.foxnews.com\/foxnews.com\/content\/uploads\/2025\/10\/1344\/756\/iran-back-militas-in-iraq.jpg?ve=1&amp;tl=1 2x\" height=\"378\" width=\"672\"><source media=\"(min-width: 1024px) and (max-width: 1279px)\" srcset=\"https:\/\/a57.foxnews.com\/static.foxnews.com\/foxnews.com\/content\/uploads\/2025\/10\/931\/523\/iran-back-militas-in-iraq.jpg?ve=1&amp;tl=1, https:\/\/a57.foxnews.com\/static.foxnews.com\/foxnews.com\/content\/uploads\/2025\/10\/1862\/1046\/iran-back-militas-in-iraq.jpg?ve=1&amp;tl=1 2x\" height=\"523\" width=\"931\"><source media=\"(min-width: 1280px)\" srcset=\"https:\/\/a57.foxnews.com\/static.foxnews.com\/foxnews.com\/content\/uploads\/2025\/10\/720\/405\/iran-back-militas-in-iraq.jpg?ve=1&amp;tl=1, https:\/\/a57.foxnews.com\/static.foxnews.com\/foxnews.com\/content\/uploads\/2025\/10\/1440\/810\/iran-back-militas-in-iraq.jpg?ve=1&amp;tl=1 2x\" height=\"405\" width=\"720\"><img loading=\"lazy\" decoding=\"async\" src=\"https:\/\/a57.foxnews.com\/static.foxnews.com\/foxnews.com\/content\/uploads\/2025\/10\/1200\/675\/iran-back-militas-in-iraq.jpg?ve=1&amp;tl=1\" alt=\"Ir\u00e1n respald\u00f3 a militantes en Irak\" width=\"1200\" height=\"675\"\/><\/source><\/source><\/source><\/source><\/picture><\/div>\n<div class=\"info\">\n<div class=\"caption\">\n<p><span>Los combatientes chi\u00edtas enmascarados con respaldo de Ir\u00e1n sostienen sus armas en Al Hadidiya de Iraq, al sur de Tikrit, en camino a la ciudad de Al-Alam controlada por el Estado Isl\u00e1mico, donde se est\u00e1n preparando para lanzar una ofensiva el 6 de marzo de 2015. <\/span> <span>(Reuters\/Thaier al-Sudani)<\/span><\/p>\n<\/div>\n<\/div>\n<\/div>\n<p><strong>El presidente iraqu\u00ed dice que la naci\u00f3n es \u00ab100% segura\u00bb en medio de ISIS persistente, las preocupaciones de la milicia<\/strong><\/p>\n<p>Roman se\u00f1al\u00f3 que si HST, en coordinaci\u00f3n con los kurdos en el noreste o el druso en el suroeste, no puede crear un \u00abbaluarte\u00bb contra la influencia iran\u00ed, entonces Teher\u00e1n podr\u00eda estar bien posicionado para expandir su inter\u00e9s regional bajo su \u00abimperio sombra\u00bb. <\/p>\n<p>\u00abQuiz\u00e1s lo m\u00e1s preocupante es el precedente establecido por el \u00e9xito de Ir\u00e1n en la construcci\u00f3n de este imperio de sombras\u00bb, encontr\u00f3 el informe. \u00abLa capacidad de construir infraestructura militar paralela, operar independientemente del control del gobierno anfitri\u00f3n y mantener capacidades estrat\u00e9gicas a pesar del escrutinio internacional proporciona una plantilla que podr\u00eda replicarse en otras partes de la regi\u00f3n\u00bb.<\/p>\n<p>Aunque su estrategia puede ser ligeramente diferente, Ir\u00e1n ha utilizado repetidamente las aspiradoras de potencia para extender su alcance y contrarrestar la influencia, como se ve en Afganist\u00e1n, donde respald\u00f3 a los talibanes y en Irak, donde comenz\u00f3 a respaldar a los grupos de milicias chi\u00edtas que luchan contra los Estados Unidos desde 2003. <\/p>\n<p>\u00abLos iran\u00edes tienen una estrategia en Irak, y es efectivo\u00bb, dijo Bill Roggio, analista experto de terrorismo y editor senior de la Fundaci\u00f3n para la Defensa de las Democracias \u00ab, Long War Journal\u00bb, a Fox News Digital. \u00abEst\u00e1n usando medios militares, pol\u00edticos y econ\u00f3micos para lograr sus objetivos, y su proximidad al Irak realmente les ayuda a lograr eso\u00bb.<\/p>\n<p>Roggio dijo que hay cientos de miles de militantes respaldados por Ir\u00e1n en Irak que son en gran medida parte de las fuerzas de movilizaci\u00f3n populares, que fueron fuertemente influyentes en la lucha contra el ISI y son parte de las fuerzas armadas iraqu\u00edes bajo el mando del Primer Ministro, pero que tambi\u00e9n est\u00e1n fuertemente influenciadas por Teher\u00e1n. <\/p>\n<div class=\"image-ct inline\">\n<div class=\"m\"><picture><source media=\"(max-width: 767px)\" srcset=\"https:\/\/a57.foxnews.com\/static.foxnews.com\/foxnews.com\/content\/uploads\/2025\/09\/343\/192\/popular-mobilization-forces.jpg?ve=1&amp;tl=1, https:\/\/a57.foxnews.com\/static.foxnews.com\/foxnews.com\/content\/uploads\/2025\/09\/686\/384\/popular-mobilization-forces.jpg?ve=1&amp;tl=1 2x\" height=\"192\" width=\"343\"><source media=\"(min-width: 768px) and (max-width: 1023px)\" srcset=\"https:\/\/a57.foxnews.com\/static.foxnews.com\/foxnews.com\/content\/uploads\/2025\/09\/672\/378\/popular-mobilization-forces.jpg?ve=1&amp;tl=1, https:\/\/a57.foxnews.com\/static.foxnews.com\/foxnews.com\/content\/uploads\/2025\/09\/1344\/756\/popular-mobilization-forces.jpg?ve=1&amp;tl=1 2x\" height=\"378\" width=\"672\"><source media=\"(min-width: 1024px) and (max-width: 1279px)\" srcset=\"https:\/\/a57.foxnews.com\/static.foxnews.com\/foxnews.com\/content\/uploads\/2025\/09\/931\/523\/popular-mobilization-forces.jpg?ve=1&amp;tl=1, https:\/\/a57.foxnews.com\/static.foxnews.com\/foxnews.com\/content\/uploads\/2025\/09\/1862\/1046\/popular-mobilization-forces.jpg?ve=1&amp;tl=1 2x\" height=\"523\" width=\"931\"><source media=\"(min-width: 1280px)\" srcset=\"https:\/\/a57.foxnews.com\/static.foxnews.com\/foxnews.com\/content\/uploads\/2025\/09\/720\/405\/popular-mobilization-forces.jpg?ve=1&amp;tl=1, https:\/\/a57.foxnews.com\/static.foxnews.com\/foxnews.com\/content\/uploads\/2025\/09\/1440\/810\/popular-mobilization-forces.jpg?ve=1&amp;tl=1 2x\" height=\"405\" width=\"720\"><img loading=\"lazy\" decoding=\"async\" src=\"https:\/\/a57.foxnews.com\/static.foxnews.com\/foxnews.com\/content\/uploads\/2025\/09\/1200\/675\/popular-mobilization-forces.jpg?ve=1&amp;tl=1\" alt=\"Fuerzas populares de movilizaci\u00f3n de Iraq\" width=\"1200\" height=\"675\"\/><\/source><\/source><\/source><\/source><\/picture><\/div>\n<div class=\"info\">\n<div class=\"caption\">\n<p><span>Las fuerzas de movilizaci\u00f3n populares de Iraq, dominadas por milicias chi\u00edtas respaldadas por Ir\u00e1n, tienen una bandera islamista despu\u00e9s de que las fuerzas iraqu\u00ed retomaron la ciudad del norte de ISIS a principios de mes del 5 de abril de 2015 en Tikrit, Irak.<\/span> <span>(Mohammed Sawaf\/AFP a trav\u00e9s de Getty Images)<\/span><\/p>\n<\/div>\n<\/div>\n<\/div>\n<p><strong>El presidente de Ir\u00e1n nos acusa de &#8216;traici\u00f3n grave&#8217; con ataques nucleares en el discurso de la UNGA<\/strong><\/p>\n<p>\u00abEjercen una influencia significativa en el gobierno iraqu\u00ed. Ocupan un bloque grande y dominante en el parlamento iraqu\u00ed. Y estas milicias tambi\u00e9n tienen poder econ\u00f3mico\u00bb, dijo Roggio. \u00abIr\u00e1n construy\u00f3 estas fuerzas de la milicia en la misma l\u00ednea que Hezbol\u00e1, y esencialmente quieren que se conviertan en el Cuerpo de la Guardia Revolucionaria Isl\u00e1mica en Ir\u00e1n\u00bb.<\/p>\n<p>Tanto Roman como Roggio expresaron su preocupaci\u00f3n por la retirada de las tropas estadounidenses de la regi\u00f3n y, m\u00e1s significativamente, la eliminaci\u00f3n de la influencia estadounidense en un momento en que Ir\u00e1n est\u00e1 buscando en gran medida a Washington y sus intereses. <\/p>\n<p>\u00abNo hemos aprendido las lecciones de Afganist\u00e1n e incluso las lecciones de Irak\u00bb, dijo Roggio. \u00abNo me importa si tenemos 100 o 100,000 tropas en Afganist\u00e1n o en cualquier otro lugar. \u00bfTenemos las tropas adecuadas para lograr la misi\u00f3n que les pusimos? <\/p>\n<p>\u00abHablamos de un n\u00famero de tropas &#8230; realmente no estamos hablando de cu\u00e1l es nuestra misi\u00f3n en Irak? \u00bfEs una misi\u00f3n contraisis? <\/p>\n<p>\u00ab\u00bfY tenemos la mezcla correcta de influencia militar y diplom\u00e1tica y pol\u00edtica y econ\u00f3mica en Irak para lograr esos objetivos? No creo que lo hagamos\u00bb.<\/p>\n<div class=\"image-ct inline\">\n<div class=\"m\"><picture><source media=\"(max-width: 767px)\" srcset=\"https:\/\/a57.foxnews.com\/static.foxnews.com\/foxnews.com\/content\/uploads\/2024\/01\/343\/192\/us-troops-syria.jpg?ve=1&amp;tl=1, https:\/\/a57.foxnews.com\/static.foxnews.com\/foxnews.com\/content\/uploads\/2024\/01\/686\/384\/us-troops-syria.jpg?ve=1&amp;tl=1 2x\" height=\"192\" width=\"343\"><source media=\"(min-width: 768px) and (max-width: 1023px)\" srcset=\"https:\/\/a57.foxnews.com\/static.foxnews.com\/foxnews.com\/content\/uploads\/2024\/01\/672\/378\/us-troops-syria.jpg?ve=1&amp;tl=1, https:\/\/a57.foxnews.com\/static.foxnews.com\/foxnews.com\/content\/uploads\/2024\/01\/1344\/756\/us-troops-syria.jpg?ve=1&amp;tl=1 2x\" height=\"378\" width=\"672\"><source media=\"(min-width: 1024px) and (max-width: 1279px)\" srcset=\"https:\/\/a57.foxnews.com\/static.foxnews.com\/foxnews.com\/content\/uploads\/2024\/01\/931\/523\/us-troops-syria.jpg?ve=1&amp;tl=1, https:\/\/a57.foxnews.com\/static.foxnews.com\/foxnews.com\/content\/uploads\/2024\/01\/1862\/1046\/us-troops-syria.jpg?ve=1&amp;tl=1 2x\" height=\"523\" width=\"931\"><source media=\"(min-width: 1280px)\" srcset=\"https:\/\/a57.foxnews.com\/static.foxnews.com\/foxnews.com\/content\/uploads\/2024\/01\/720\/405\/us-troops-syria.jpg?ve=1&amp;tl=1, https:\/\/a57.foxnews.com\/static.foxnews.com\/foxnews.com\/content\/uploads\/2024\/01\/1440\/810\/us-troops-syria.jpg?ve=1&amp;tl=1 2x\" height=\"405\" width=\"720\"><img loading=\"lazy\" decoding=\"async\" src=\"https:\/\/a57.foxnews.com\/static.foxnews.com\/foxnews.com\/content\/uploads\/2024\/01\/1200\/675\/us-troops-syria.jpg?ve=1&amp;tl=1\" alt=\"Foto de las tropas estadounidenses en Siria entrenando el YPG\/SDF\" width=\"1200\" height=\"675\"\/><\/source><\/source><\/source><\/source><\/picture><\/div>\n<div class=\"info\">\n<div class=\"caption\">\n<p><span>Las fuerzas estadounidenses brindan entrenamiento militar a los miembros del YPG\/SDF, que Turqu\u00eda considera una extensi\u00f3n de PKK en Siria, en el distrito de Qamisli en la provincia de Al-Hasakah, Siria, 18 de agosto de 2023. <\/span> <span>(Agencia Hedil Amir\/Anadolu a trav\u00e9s de Getty Images)<\/span><\/p>\n<\/div>\n<\/div>\n<\/div>\n<p><strong>Haga clic aqu\u00ed para obtener la aplicaci\u00f3n Fox News<\/strong><\/p>\n<p>Ambos expertos se\u00f1alaron que Estados Unidos tiene una larga historia de no tomar Ir\u00e1n y la amenaza que plantea lo suficientemente en serio, un problema que ha abarcado d\u00e9cadas entre las administraciones republicanas y dem\u00f3cratas. <\/p>\n<p>\u00abLos iran\u00edes son pacientes. Est\u00e1n operando en los plazos de d\u00e9cadas y generaciones. Y no somos pacientes. Operamos en los plazos y los ciclos electorales de dos y cuatro a\u00f1os\u00bb, dijo Roggio. \u00abEn \u00faltima instancia, Ir\u00e1n est\u00e1 buscando expulsar a los Estados Unidos de la regi\u00f3n y expandir su influencia en los pa\u00edses vecinos, ya sea Afganist\u00e1n, ya sea Iraq, ya sea los estados del Golfo.<\/p>\n<p>\u00abEl objetivo final es sacar a los Estados Unidos para que pueda expandir su influencia\u00bb.<\/p>\n<p> <!----> <\/p>\n<div class=\"article-meta\">\n<div class=\"author-bio\">\n<p>Caitlin McFall es reportero de Fox News Digital Cubting Politics, US y World News.<\/p>\n<\/div>\n<\/div>\n<\/div>\n\n","protected":false},"excerpt":{"rendered":"<p>NUEVO\u00a1Ahora puedes escuchar art\u00edculos de Fox News! Solo seis meses despu\u00e9s de que la administraci\u00f3n Trump dijera que comenzar\u00eda a reducir las fuerzas estadounidenses en Siria, Estados Unidos confirm\u00f3 esta semana que tambi\u00e9n comenzar\u00e1 a reducir el n\u00famero de fuerzas estadounidenses en Iraq bajo un acuerdo alcanzado por la Administraci\u00f3n Biden: un movimiento que los &hellip;<\/p>\n","protected":false},"author":1,"featured_media":44467,"comment_status":"open","ping_status":"open","sticky":false,"template":"","format":"standard","meta":{"fifu_image_url":"https:\/\/static.foxnews.com\/foxnews.com\/content\/uploads\/2025\/10\/iran-back-militas-in-iraq.jpg","fifu_image_alt":"","footnotes":""},"categories":[13],"tags":[],"class_list":["post-44465","post","type-post","status-publish","format-standard","has-post-thumbnail","","category-mundo"],"_links":{"self":[{"href":"https:\/\/noticiasveraces.com\/index.php?rest_route=\/wp\/v2\/posts\/44465","targetHints":{"allow":["GET"]}}],"collection":[{"href":"https:\/\/noticiasveraces.com\/index.php?rest_route=\/wp\/v2\/posts"}],"about":[{"href":"https:\/\/noticiasveraces.com\/index.php?rest_route=\/wp\/v2\/types\/post"}],"author":[{"embeddable":true,"href":"https:\/\/noticiasveraces.com\/index.php?rest_route=\/wp\/v2\/users\/1"}],"replies":[{"embeddable":true,"href":"https:\/\/noticiasveraces.com\/index.php?rest_route=%2Fwp%2Fv2%2Fcomments&post=44465"}],"version-history":[{"count":0,"href":"https:\/\/noticiasveraces.com\/index.php?rest_route=\/wp\/v2\/posts\/44465\/revisions"}],"wp:featuredmedia":[{"embeddable":true,"href":"https:\/\/noticiasveraces.com\/index.php?rest_route=\/wp\/v2\/media\/44467"}],"wp:attachment":[{"href":"https:\/\/noticiasveraces.com\/index.php?rest_route=%2Fwp%2Fv2%2Fmedia&parent=44465"}],"wp:term":[{"taxonomy":"category","embeddable":true,"href":"https:\/\/noticiasveraces.com\/index.php?rest_route=%2Fwp%2Fv2%2Fcategories&post=44465"},{"taxonomy":"post_tag","embeddable":true,"href":"https:\/\/noticiasveraces.com\/index.php?rest_route=%2Fwp%2Fv2%2Ftags&post=44465"}],"curies":[{"name":"wp","href":"https:\/\/api.w.org\/{rel}","templated":true}]}}