{"id":44450,"date":"2025-10-03T15:34:53","date_gmt":"2025-10-03T19:34:53","guid":{"rendered":"https:\/\/noticiasveraces.com\/?p=44450"},"modified":"2025-10-03T15:34:53","modified_gmt":"2025-10-03T19:34:53","slug":"colombia-en-un-punto-de-inflexion-la-onu-insta-a-proteger-los-avances-del-proceso-de-paz","status":"publish","type":"post","link":"https:\/\/noticiasveraces.com\/?p=44450","title":{"rendered":"Colombia en un punto de inflexi\u00f3n: la ONU insta a proteger los avances del proceso de paz"},"content":{"rendered":"<p> \n<\/p>\n<div>\n<p>Durante su primera intervenci\u00f3n ante el Consejo de Seguridad como representante especial designado del Secretario General para Colombia, Miroslav Jen\u010da reafirm\u00f3 el compromiso firme de la Organizaci\u00f3n con el proceso de paz colombiano y expres\u00f3 su disposici\u00f3n a asumir sus nuevas funciones en Bogot\u00e1 a finales de este mes.<\/p>\n<p>Jen\u010da agradeci\u00f3 al Gobierno de Colombia su colaboraci\u00f3n sostenida con la Misi\u00f3n de Verificaci\u00f3n y subray\u00f3 la importancia del papel del Consejo en los logros alcanzados hasta la fecha. En su intervenci\u00f3n, destac\u00f3 que la implementaci\u00f3n integral del Acuerdo Final de Paz (qu\u00e9 se firm\u00f3 en 2016) sigue siendo el <strong>pilar central para consolidar una paz<\/strong> duradera en el pa\u00eds.<\/p>\n<p>En una visita preparatoria a Colombia realizada en septiembre, el representante especial sostuvo reuniones con una amplia gama de actores, incluidos miembros del Gobierno, excombatientes del partido Comunes, representantes de comunidades ind\u00edgenas y afrocolombianas, as\u00ed como l\u00edderes de la sociedad civil.<\/p>\n<p>Se\u00f1al\u00f3 avances en temas clave como la reforma rural, la reintegraci\u00f3n y la justicia transicional, aunque advirti\u00f3 sobre los retos persistentes, en particular en materia de seguridad y financiaci\u00f3n.<\/p>\n<div class=\"context-un_news_full_width_credit_caption type-entermedia_image media media--type-entermedia-image media--view-mode-un-news-full-width-credit-caption\">\n<div class=\"field field--name-thumbnail field--type-image field--label-hidden field__item\"><img decoding=\"async\" src=\"https:\/\/global.unitednations.entermediadb.net\/assets\/mediadb\/services\/module\/asset\/downloads\/preset\/Libraries\/Production%20Library\/03-10-2025-UN-Photo-Miroslav-Jenca.jpg\/image1170x530cropped.jpg\" alt=\"El representante especial designado del Secretario General para Colombia, Miroslav Jen\u010da, interviene en la reuni\u00f3n del Consejo de Seguridad sobre la situaci\u00f3n en Colombia.\" title=\"El representante especial designado del Secretario General para Colombia, Miroslav Jen\u010da, interviene en la reuni\u00f3n del Consejo de Seguridad sobre la situaci\u00f3n en Colombia.\" loading=\"lazy\" width=\"1170\" height=\"530\"\/>\n<\/div>\n<p>El representante especial designado del Secretario General para Colombia, Miroslav Jen\u010da, interviene en la reuni\u00f3n del Consejo de Seguridad sobre la situaci\u00f3n en Colombia.<\/p>\n<\/div>\n<h2>Primeras sentencias restaurativas<\/h2>\n<p>Jen\u010da celebr\u00f3 la emisi\u00f3n de las primeras sentencias restaurativas por parte de la Jurisdicci\u00f3n Especial para la Paz (JEP), calific\u00e1ndolas como un hito hist\u00f3rico en la b\u00fasqueda de verdad, justicia y reparaci\u00f3n.<\/p>\n<p>\u201cEl conflicto caus\u00f3 un sufrimiento inconmensurable a las v\u00edctimas y sus familias. El proceso de justicia transicional est\u00e1 dando lugar a condenas sin precedentes y a la <strong>aceptaci\u00f3n de la responsabilidad<\/strong> por parte de quienes cometieron delitos graves, al tiempo que involucra a las v\u00edctimas en el proceso y les ofrece reparaci\u00f3n mediante medidas restaurativas que deben llevar a cabo los autores\u201d, declar\u00f3 el representante especial.<\/p>\n<p>Dichas acciones incluyen la b\u00fasqueda de personas desaparecidas durante el conflicto, la remoci\u00f3n de minas y actividades de reducci\u00f3n de riesgos, y la construcci\u00f3n de monumentos conmemorativos e infraestructura comunitaria.<\/p>\n<p>En este contexto, inst\u00f3 al Estado a facilitar de inmediato las condiciones necesarias para la implementaci\u00f3n efectiva.<\/p>\n<p>Asimismo, expres\u00f3 su preocupaci\u00f3n por el aumento de la violencia en ciertas regiones y la necesidad de garantizar elecciones seguras y transparentes. Recalc\u00f3 que <strong>la inseguridad es el mayor riesgo para la sostenibilidad del proceso de paz<\/strong>.<\/p>\n<h2>Un caso excepcional<\/h2>\n<p>Finalmente, el representante especial reafirm\u00f3 la disposici\u00f3n de la Misi\u00f3n de Verificaci\u00f3n para continuar adapt\u00e1ndose a las necesidades cambiantes del proceso, destacando la confianza que genera su presencia en las zonas m\u00e1s afectadas por el conflicto.<\/p>\n<p>Jen\u010da concluy\u00f3 que Colombia es un \u201ccaso excepcional\u201d en el que el Consejo ha podido responder con asistencia espec\u00edfica a un proceso de paz impulsado por el propio pa\u00eds. \u201cSe trata de circunstancias favorables para que las Naciones Unidas sigan realizando una contribuci\u00f3n positiva y focalizada\u201d, apunt\u00f3. <\/p>\n<div class=\"context-un_news_full_width_credit_caption type-entermedia_image media media--type-entermedia-image media--view-mode-un-news-full-width-credit-caption\">\n<div class=\"field field--name-thumbnail field--type-image field--label-hidden field__item\"><img decoding=\"async\" src=\"https:\/\/global.unitednations.entermediadb.net\/assets\/mediadb\/services\/module\/asset\/downloads\/preset\/Libraries\/Production%20Library\/03-10-2025-UN-Photo-SC-wideview.jpg\/image1170x530cropped.jpg\" alt=\"Una vista panor\u00e1mica de la reuni\u00f3n del Consejo de Seguridad sobre la Misi\u00f3n de Verificaci\u00f3n de las Naciones Unidas en Colombia.\" title=\"Una vista panor\u00e1mica de la reuni\u00f3n del Consejo de Seguridad sobre la Misi\u00f3n de Verificaci\u00f3n de las Naciones Unidas en Colombia.\" loading=\"lazy\" width=\"1170\" height=\"530\"\/>\n<\/div>\n<p>Una vista panor\u00e1mica de la reuni\u00f3n del Consejo de Seguridad sobre la Misi\u00f3n de Verificaci\u00f3n de las Naciones Unidas en Colombia.<\/p>\n<\/div>\n<h2>Colombia reafirma su compromiso con una paz inclusiva<\/h2>\n<p>La embajadora Leonor Zalabata, representante permanente de Colombia ante las Naciones Unidas, reafirm\u00f3 el compromiso del Gobierno con la implementaci\u00f3n integral del Acuerdo de Paz de 2016. Hablando como mujer, ind\u00edgena Arhuaca y defensora de derechos humanos, resalt\u00f3 que la paz en Colombia es un proyecto pluri\u00e9tnico y multicultural.<\/p>\n<p>Zalabata present\u00f3 avances concretos del Gobierno del presidente Gustavo Petro, como la formalizaci\u00f3n de m\u00e1s de tres millones de hect\u00e1reas rurales, la titulaci\u00f3n de resguardos ind\u00edgenas y consejos comunitarios afrodescendientes, el <strong>apoyo a m\u00e1s de 11.000 excombatientes<\/strong> en proceso de reincorporaci\u00f3n, y el fortalecimiento del Sistema Integral de Seguridad.<\/p>\n<p>Tambi\u00e9n destac\u00f3 la emisi\u00f3n de las primeras sentencias por parte de la Jurisdicci\u00f3n Especial para la Paz, y la implementaci\u00f3n del Programa de Sustituci\u00f3n de Cultivos Il\u00edcitos, con <strong>m\u00e1s de 11.000 familias vinculadas<\/strong>.<\/p>\n<p>A pesar de los avances, advirti\u00f3 sobre <strong>desaf\u00edos persistentes como la violencia contra l\u00edderes sociales y las brechas sociales<\/strong>. Por ello, subray\u00f3 la importancia de renovar el mandato de la Misi\u00f3n de Verificaci\u00f3n de la ONU, se\u00f1alando que la paz en Colombia no es solo un prop\u00f3sito nacional, sino un bien p\u00fablico global.<\/p>\n<h2>Estados Unidos examinar\u00e1 el mandato de la misi\u00f3n<\/h2>\n<p>El representante de Estados Unidos critic\u00f3 las pol\u00edticas del presidente Gustavo Petro en materia de seguridad y paz, y cuestion\u00f3 la Misi\u00f3n de Verificaci\u00f3n, alegando que su mandato se ha ampliado \u201cpara reflejar prioridades pol\u00edticas excesivas\u201d, como la justicia transnacional y el apoyo a los grupos \u00e9tnicos minoritarios.<\/p>\n<p>\u00ab<strong>Estados Unidos est\u00e1 examinando detenidamente el mandato de esta misi\u00f3n<\/strong> y si merece seguir contando con el apoyo del Consejo de Seguridad de las Naciones Unidas\u201d, declar\u00f3 Mike Waltz.<\/p>\n<\/div>\n\n","protected":false},"excerpt":{"rendered":"<p>Durante su primera intervenci\u00f3n ante el Consejo de Seguridad como representante especial designado del Secretario General para Colombia, Miroslav Jen\u010da reafirm\u00f3 el compromiso firme de la Organizaci\u00f3n con el proceso de paz colombiano y expres\u00f3 su disposici\u00f3n a asumir sus nuevas funciones en Bogot\u00e1 a finales de este mes. Jen\u010da agradeci\u00f3 al Gobierno de Colombia &hellip;<\/p>\n","protected":false},"author":1,"featured_media":44452,"comment_status":"open","ping_status":"open","sticky":false,"template":"","format":"standard","meta":{"fifu_image_url":"https:\/\/global.unitednations.entermediadb.net\/assets\/mediadb\/services\/module\/asset\/downloads\/preset\/Libraries\/Production%20Library\/19-11-2021_Unsplash_Bogota-01.jpg\/image770x420cropped.jpg","fifu_image_alt":"","footnotes":""},"categories":[3],"tags":[],"class_list":["post-44450","post","type-post","status-publish","format-standard","has-post-thumbnail","","category-negocio"],"_links":{"self":[{"href":"https:\/\/noticiasveraces.com\/index.php?rest_route=\/wp\/v2\/posts\/44450","targetHints":{"allow":["GET"]}}],"collection":[{"href":"https:\/\/noticiasveraces.com\/index.php?rest_route=\/wp\/v2\/posts"}],"about":[{"href":"https:\/\/noticiasveraces.com\/index.php?rest_route=\/wp\/v2\/types\/post"}],"author":[{"embeddable":true,"href":"https:\/\/noticiasveraces.com\/index.php?rest_route=\/wp\/v2\/users\/1"}],"replies":[{"embeddable":true,"href":"https:\/\/noticiasveraces.com\/index.php?rest_route=%2Fwp%2Fv2%2Fcomments&post=44450"}],"version-history":[{"count":0,"href":"https:\/\/noticiasveraces.com\/index.php?rest_route=\/wp\/v2\/posts\/44450\/revisions"}],"wp:featuredmedia":[{"embeddable":true,"href":"https:\/\/noticiasveraces.com\/index.php?rest_route=\/wp\/v2\/media\/44452"}],"wp:attachment":[{"href":"https:\/\/noticiasveraces.com\/index.php?rest_route=%2Fwp%2Fv2%2Fmedia&parent=44450"}],"wp:term":[{"taxonomy":"category","embeddable":true,"href":"https:\/\/noticiasveraces.com\/index.php?rest_route=%2Fwp%2Fv2%2Fcategories&post=44450"},{"taxonomy":"post_tag","embeddable":true,"href":"https:\/\/noticiasveraces.com\/index.php?rest_route=%2Fwp%2Fv2%2Ftags&post=44450"}],"curies":[{"name":"wp","href":"https:\/\/api.w.org\/{rel}","templated":true}]}}