{"id":44444,"date":"2025-10-03T14:13:29","date_gmt":"2025-10-03T18:13:29","guid":{"rendered":"https:\/\/noticiasveraces.com\/?p=44444"},"modified":"2025-10-03T14:13:29","modified_gmt":"2025-10-03T18:13:29","slug":"organizador-de-cosmeticos-fabulous-70-ahora-menos-de-15","status":"publish","type":"post","link":"https:\/\/noticiasveraces.com\/?p=44444","title":{"rendered":"Organizador de cosm\u00e9ticos &#8216;Fabulous&#8217; \u00a3 70 ahora menos de \u00a3 15"},"content":{"rendered":"<p> \n<\/p>\n<div>\n<p>Los fan\u00e1ticos del cuidado de la piel y el maquillaje que buscan liberar espacio en sus mesas y estantes de ba\u00f1o ahora pueden obtener un organizador de cosm\u00e9ticos con casi un 80% de descuento en Debenhams. <\/p>\n<p data-mce-linkchecker-status=\"valid\">El organizador de Living and Home generalmente se vende por \u00a3 69.99, pero ha sido cortado a lo que los compradores est\u00e1n describiendo como un precio de \u00abganga\u00bb de \u00a3 14.43, informa el espejo.<\/p>\n<p data-mce-linkchecker-status=\"valid\">Este pr\u00e1ctico organizador tiene un gabinete y dos cajones, lo que lo hace perfecto para almacenar botellas, pinceles y macetas. El compartimento superior es lo suficientemente alto como para albergar botellas m\u00e1s altas, mientras que los cajones son espaciosos y pueden adaptarse a todo, desde el cuidado de la piel y el maquillaje hasta los accesorios y los cepillos para el cabello. <\/p>\n<p data-mce-linkchecker-status=\"valid\">El contenedor viene en verde esmeralda con detalles de oro, y est\u00e1 hecho de pl\u00e1stico grueso y acr\u00edlico que promete ser \u00abresistente a los ara\u00f1azos\u00bb. La cubierta tambi\u00e9n se cierra completamente, asegurando que todo dentro permanezca libre de polvo, y hay un mango para llevar.<\/p>\n<\/div>\n<div>\n<p>Los compradores en l\u00ednea est\u00e1n entusiasmados con el organizador, y uno dice que es \u00abfant\u00e1stico para el precio de ganga\u00bb y \u00abse ve encantador en mi tocador\u00bb. <\/p>\n<p>\u00ab\u00a1Tan bueno!\u00bb escribi\u00f3 otro: \u00abMe encanta la altura de la portada, se adapta c\u00f3modamente a todo mi cuidado de la piel\u00bb.<\/p>\n<p>Un tercer comprador dijo que pens\u00f3 que \u00abesta es una forma encantadora de almacenar cosm\u00e9ticos, ya que toma botellas altas en el nivel superior y tiene dos cajones para almacenamiento adicional. Es atractivo y f\u00e1cil de usar, as\u00ed como es estable\u00bb. <\/p>\n<p>Es posible que este organizador no sea adecuado para las personas que prefieren todos sus productos que se muestren en un estante o tocador de ba\u00f1o, y aquellos con espacio de mostrador limitado pueden necesitar verificar sus dimensiones antes de comprar, mide W25cm x D18.5cm x H37cm.<\/p>\n<p>Pero seg\u00fan otra revisi\u00f3n, \u00abes perfecto para mantener lo esencial en un solo lugar\u00bb.<\/p>\n<\/div>\n<div>\n<p>Muchos compradores compran m\u00faltiplos de este organizador de maquillaje para dar como regalos, y uno dice que \u00abcompraron varios de estos para llenar los regalos de Navidad\u00bb.<\/p>\n<p>\u00abUn buen trato\u00bb, dijo otro, \u00abcompr\u00e9 tres como regalos de Navidad\u00bb.<\/p>\n<p>Un tercero escribi\u00f3: \u00abHar\u00e1n buenos regalos de Navidad. \u00a1Muy \u00fatil! Buena calidad\u00bb.<\/p>\n<\/div>\n\n","protected":false},"excerpt":{"rendered":"<p>Los fan\u00e1ticos del cuidado de la piel y el maquillaje que buscan liberar espacio en sus mesas y estantes de ba\u00f1o ahora pueden obtener un organizador de cosm\u00e9ticos con casi un 80% de descuento en Debenhams. El organizador de Living and Home generalmente se vende por \u00a3 69.99, pero ha sido cortado a lo que &hellip;<\/p>\n","protected":false},"author":1,"featured_media":44445,"comment_status":"open","ping_status":"open","sticky":false,"template":"","format":"standard","meta":{"fifu_image_url":"https:\/\/cdn.images.express.co.uk\/img\/dynamic\/12\/1200x630\/6468105.jpg","fifu_image_alt":"","footnotes":""},"categories":[763],"tags":[],"class_list":["post-44444","post","type-post","status-publish","format-standard","has-post-thumbnail","","category-estilo-de-vida"],"_links":{"self":[{"href":"https:\/\/noticiasveraces.com\/index.php?rest_route=\/wp\/v2\/posts\/44444","targetHints":{"allow":["GET"]}}],"collection":[{"href":"https:\/\/noticiasveraces.com\/index.php?rest_route=\/wp\/v2\/posts"}],"about":[{"href":"https:\/\/noticiasveraces.com\/index.php?rest_route=\/wp\/v2\/types\/post"}],"author":[{"embeddable":true,"href":"https:\/\/noticiasveraces.com\/index.php?rest_route=\/wp\/v2\/users\/1"}],"replies":[{"embeddable":true,"href":"https:\/\/noticiasveraces.com\/index.php?rest_route=%2Fwp%2Fv2%2Fcomments&post=44444"}],"version-history":[{"count":0,"href":"https:\/\/noticiasveraces.com\/index.php?rest_route=\/wp\/v2\/posts\/44444\/revisions"}],"wp:featuredmedia":[{"embeddable":true,"href":"https:\/\/noticiasveraces.com\/index.php?rest_route=\/wp\/v2\/media\/44445"}],"wp:attachment":[{"href":"https:\/\/noticiasveraces.com\/index.php?rest_route=%2Fwp%2Fv2%2Fmedia&parent=44444"}],"wp:term":[{"taxonomy":"category","embeddable":true,"href":"https:\/\/noticiasveraces.com\/index.php?rest_route=%2Fwp%2Fv2%2Fcategories&post=44444"},{"taxonomy":"post_tag","embeddable":true,"href":"https:\/\/noticiasveraces.com\/index.php?rest_route=%2Fwp%2Fv2%2Ftags&post=44444"}],"curies":[{"name":"wp","href":"https:\/\/api.w.org\/{rel}","templated":true}]}}