{"id":44442,"date":"2025-10-03T13:04:32","date_gmt":"2025-10-03T17:04:32","guid":{"rendered":"https:\/\/noticiasveraces.com\/?p=44442"},"modified":"2025-10-03T13:04:32","modified_gmt":"2025-10-03T17:04:32","slug":"traicion-cambiaria-su-pais-para-jugar-el-mundial-2026-con-su-clasico-rival-curiosidades-de-futbol","status":"publish","type":"post","link":"https:\/\/noticiasveraces.com\/?p=44442","title":{"rendered":"\u00bfTraici\u00f3n? Cambiar\u00eda su pa\u00eds para jugar el Mundial 2026 con su cl\u00e1sico rival | Curiosidades de f\u00fatbol"},"content":{"rendered":"<p> \n<\/p>\n<div id=\"cuerpoArticulo\">\n<p class=\"texto intro cnx-companion-firstparagraph\" id=\"pnull-m194-193-195\">Mientras los ojos est\u00e1n puestos en el Mundial Sub-20 y en un mexicano revelaci\u00f3n, en dos pa\u00edses de Sudam\u00e9rica est\u00e1 a punto de darse algo que muchos considerar\u00edan traici\u00f3n. Es que el portero argentino del Flamengo, <b>Agust\u00edn Rossi, inici\u00f3 los tr\u00e1mites para ser ciudadano brasile\u00f1o y, de esa manera, podr\u00e1 ser convocado para la Selecci\u00f3n de Brasil en el Mundial 2026.<\/b><\/p>\n<p class=\"texto contenido-parrafo-articulo cnx-companion-paragraph\" id=\"pnull-m206-2-207\">Seg\u00fan indica la prensa brasile\u00f1a, el ex guardametas de Boca Juniors <b>inici\u00f3 el proceso de ciudadan\u00eda brasile\u00f1a<\/b>lo que abrir\u00eda la puerta para ser citado por Carlo Ancelotti (que tiene un sueldazo) en la Verdeamarela en un futuro cercano. Sus n\u00fameros lo avalan y es posible que se d\u00e9.<\/p>\n<div class=\"fotografia caja-articulo\" id=\"pnull-m309-3-310\">\n<div class=\"imagen-cuerpo-bk\">\n<figure itemscope=\"\" itemtype=\"https:\/\/schema.org\/ImageObject\" itemprop=\"image\" class=\"foto-galeria-articulo imagen-articulo foto-texto-articulo-galeria\" id=\"m314-313-315\"><img decoding=\"async\" src=\"data:image\/png;base64,iVBORw0KGgoAAAANSUhEUgAAAAEAAAABCAQAAAC1HAwCAAAAC0lEQVR42mP8\/x0AAvsB+DlKarAAAAAASUVORK5CYII=\" style=\" display: inline;\" alt=\"Agust\u00edn Rossi\" data-original=\"\/files\/article_content\/uploads\/2023\/01\/20\/63cb23b503306.jpeg\"\/><meta itemprop=\"width\" content=\"600\"\/><meta itemprop=\"height\" content=\"450\"\/> <meta itemprop=\"url\" content=\"https:\/\/www.futbolred.com\/files\/article_content\/uploads\/2023\/01\/20\/63cb23b503306.jpeg\"\/><\/figure>\n<\/div><\/div>\n<p><span class=\"articulo-subtitulo subtitulo2 espacio-contenido cnx-companion-subtitle\" id=\"pnull-m253-3-254\" style=\"width: auto;\">\u00bfQu\u00e9 tan f\u00e1cil es que Agust\u00edn Rossi juegue el Mundial 2026 con Brasil?<br \/><\/span><\/p>\n<p class=\"texto contenido-parrafo-articulo cnx-companion-paragraph\" id=\"pnull-m261-4-262\"><b>Los n\u00fameros avalan a Rossi: En el Brasileirao jug\u00f3 los 24 partidos y recibi\u00f3 solo 12 goles<\/b>siendo una de las vallas menos vencidas de Brasil. En la Copa Libertadores 2025 tambi\u00e9n fue clave su presencia: frente a Estudiantes de La Plata se visti\u00f3 de h\u00e9roe con paradas claves y dos penales atajados  que aseguraron la clasificaci\u00f3n de Flamengo a semifinales.<\/p>\n<p class=\"texto contenido-parrafo-articulo cnx-companion-paragraph\" id=\"pnull-m269-5-270\">De todas maneras, no se descubre nada cuando se dice que<b> el arco de Brasil cuenta con una enorme competencia, pues ya se destacan Alisson Becker, Ederson y Weverton<\/b>. De todos modos, podr\u00eda ser considerado por Ancelotti.<\/p>\n<p><span class=\"articulo-subtitulo subtitulo2 espacio-contenido cnx-companion-subtitle\" id=\"pnull-m277-6-278\" style=\"width: auto;\">La historia de Agust\u00edn Rossi con la Selecci\u00f3n Argentina<br \/><\/span><\/p>\n<p class=\"texto contenido-parrafo-articulo cnx-companion-paragraph\" id=\"pnull-m285-7-286\">Rossi no ataj\u00f3 en ning\u00fan partido con la Selecci\u00f3n Argentina Mayor pero s\u00ed lo hizo con las juveniles.<b> Particip\u00f3 del Sudamericano Sub-20 de 2015 <\/b>(fue campe\u00f3n). Tambi\u00e9n estuvo en la <b>Copa Mundial Sub-20<\/b> de ese a\u00f1o, disputada en Nueva Zelanda (eliminados en Primera Fase).<\/p>\n<div class=\"fotografia caja-articulo\" id=\"pnull-m368-9-369\">\n<div class=\"imagen-cuerpo-bk\">\n<figure itemscope=\"\" itemtype=\"https:\/\/schema.org\/ImageObject\" itemprop=\"image\" class=\"foto-galeria-articulo imagen-articulo foto-texto-articulo-galeria\" id=\"m373-372-374\"><img decoding=\"async\" src=\"data:image\/png;base64,iVBORw0KGgoAAAANSUhEUgAAAAEAAAABCAQAAAC1HAwCAAAAC0lEQVR42mP8\/x0AAvsB+DlKarAAAAAASUVORK5CYII=\" style=\" display: inline;\" alt=\"Boca Juniors Vs River Plate\" data-original=\"\/files\/article_content\/uploads\/2018\/11\/11\/5be88f09949c0.jpeg\"\/><meta itemprop=\"width\" content=\"600\"\/><meta itemprop=\"height\" content=\"450\"\/> <meta itemprop=\"url\" content=\"https:\/\/www.futbolred.com\/files\/article_content\/uploads\/2018\/11\/11\/5be88f09949c0.jpeg\"\/><\/figure>\n<\/div>\n<div class=\"figcaption-cuerpo-bk credito-image-bk\"><figcaption class=\"foto-info\">\n<div class=\"titulo-foto-bk\">\n<p class=\"titulo pie-de-foto\" id=\"m380-1-381\">Agust\u00edn Rossi, ex arquero de Boca<\/p>\n<\/div>\n<p class=\"credito\">\n                            <span class=\"linea pre_credito\">Foto:<\/span><\/p>\n<p>                        <span class=\"autor\" id=\"m386-2-387\">Gorjeo<\/span><\/p>\n<\/figcaption><\/div>\n<\/p><\/div>\n<p class=\"texto contenido-parrafo-articulo cnx-companion-paragraph\" id=\"pnull-m293-8-294\"><b>Con la Absoluta del combinado albiceleste no jug\u00f3 nunca pese a ser convocado en septiembre de 2021 por Lionel Scaloni<\/b>. Estuvo en el banco de suplentes en la victoria 3 a 0 ante Bolivia, pero no ingres\u00f3. En octubre de 2022 form\u00f3 parte de la lista preliminar de convocados para el Mundial de Qatar 2022.\u200b Finalmente no fue parte de los 26 convocados finales.<\/p>\n<p class=\"texto contenido-parrafo-articulo cnx-companion-paragraph\" id=\"pnull-m301-9-302\">De este modo, si logra terminar correctamente la ciudadan\u00eda brasile\u00f1a, Carlo Ancelotti lo considera seriamente como uno de los posibles convocados para el Mundial 2026 con la Selecci\u00f3n Brasil. Seg\u00fan el sitio <i>Globo Eporte<\/i>,<b> Flamengo har\u00e1 lo posible para que pueda convertirse en ciudadano brasile\u00f1o y, as\u00ed, poder ser convocado por el pentacampe\u00f3n<\/b>.<\/p>\n<\/div>\n\n","protected":false},"excerpt":{"rendered":"<p>Mientras los ojos est\u00e1n puestos en el Mundial Sub-20 y en un mexicano revelaci\u00f3n, en dos pa\u00edses de Sudam\u00e9rica est\u00e1 a punto de darse algo que muchos considerar\u00edan traici\u00f3n. Es que el portero argentino del Flamengo, Agust\u00edn Rossi, inici\u00f3 los tr\u00e1mites para ser ciudadano brasile\u00f1o y, de esa manera, podr\u00e1 ser convocado para la Selecci\u00f3n &hellip;<\/p>\n","protected":false},"author":1,"featured_media":44443,"comment_status":"open","ping_status":"open","sticky":false,"template":"","format":"standard","meta":{"fifu_image_url":"https:\/\/www.futbolred.com\/files\/og_thumbnail\/uploads\/2025\/10\/02\/68deb0ba253c0.jpeg","fifu_image_alt":"","footnotes":""},"categories":[6],"tags":[],"class_list":["post-44442","post","type-post","status-publish","format-standard","has-post-thumbnail","","category-deportes"],"_links":{"self":[{"href":"https:\/\/noticiasveraces.com\/index.php?rest_route=\/wp\/v2\/posts\/44442","targetHints":{"allow":["GET"]}}],"collection":[{"href":"https:\/\/noticiasveraces.com\/index.php?rest_route=\/wp\/v2\/posts"}],"about":[{"href":"https:\/\/noticiasveraces.com\/index.php?rest_route=\/wp\/v2\/types\/post"}],"author":[{"embeddable":true,"href":"https:\/\/noticiasveraces.com\/index.php?rest_route=\/wp\/v2\/users\/1"}],"replies":[{"embeddable":true,"href":"https:\/\/noticiasveraces.com\/index.php?rest_route=%2Fwp%2Fv2%2Fcomments&post=44442"}],"version-history":[{"count":0,"href":"https:\/\/noticiasveraces.com\/index.php?rest_route=\/wp\/v2\/posts\/44442\/revisions"}],"wp:featuredmedia":[{"embeddable":true,"href":"https:\/\/noticiasveraces.com\/index.php?rest_route=\/wp\/v2\/media\/44443"}],"wp:attachment":[{"href":"https:\/\/noticiasveraces.com\/index.php?rest_route=%2Fwp%2Fv2%2Fmedia&parent=44442"}],"wp:term":[{"taxonomy":"category","embeddable":true,"href":"https:\/\/noticiasveraces.com\/index.php?rest_route=%2Fwp%2Fv2%2Fcategories&post=44442"},{"taxonomy":"post_tag","embeddable":true,"href":"https:\/\/noticiasveraces.com\/index.php?rest_route=%2Fwp%2Fv2%2Ftags&post=44442"}],"curies":[{"name":"wp","href":"https:\/\/api.w.org\/{rel}","templated":true}]}}