{"id":44424,"date":"2025-10-03T09:14:35","date_gmt":"2025-10-03T13:14:35","guid":{"rendered":"https:\/\/noticiasveraces.com\/?p=44424"},"modified":"2025-10-03T09:14:35","modified_gmt":"2025-10-03T13:14:35","slug":"el-aborto-un-derecho-como-pieza-historica-de-la-lucha-entre-partidos-sociedad","status":"publish","type":"post","link":"https:\/\/noticiasveraces.com\/?p=44424","title":{"rendered":"El aborto: un derecho como pieza hist\u00f3rica de la lucha entre partidos | Sociedad"},"content":{"rendered":"<p> \n<br \/><img decoding=\"async\" src=\"https:\/\/imagenes.elpais.com\/resizer\/v2\/M2XHD6WEUFP5RFBBPRKXJAHEDQ.jpg?auth=51dcdb19460b96eca70c28ec7fb9d9cefe6564fb788efc84a57cb7b2092c1763\" \/><\/p>\n<div data-dtm-region=\"articulo_cuerpo\">\n<p class=\"\">La ma\u00f1ana de este viernes, el presidente del Gobierno, Pedro S\u00e1nchez, anunci\u00f3 que llevar\u00e1 al Congreso una propuesta para incluir el aborto en la Constituci\u00f3n y blindar as\u00ed este derecho reconocido en Espa\u00f1a como tal desde 1985, pero sujeto, sin embargo, a los vaivenes pol\u00edticos en las \u00faltimas cuatro d\u00e9cadas. Cada vez que la derecha ha tenido oportunidad, y poder, ha intentado recortarlo. No solo en Espa\u00f1a. <\/p>\n<p class=\"\">Pa\u00edses de todo el mundo se enfrentan en los \u00faltimos a\u00f1os al freno de algo esencial para la autonom\u00eda de las mujeres en un juego de espejos geopol\u00edtico en el que las decisiones de unos territorios movilizan a otros. 2022 fue un momento clave, Estados Unidos acab\u00f3 con la protecci\u00f3n constitucional de este derecho; el 8 de marzo del pasado a\u00f1o Francia lo blind\u00f3 en su carta magna, con apoyos desde todo el arco parlamentario.<\/p>\n<p class=\"\">Derecha y ultraderecha avanzan en todos los continentes y entre sus primeras decisiones est\u00e1, siempre, limitar las libertades de las mujeres. Ahora, el anuncio de S\u00e1nchez responde tambi\u00e9n a un paso m\u00e1s del PP y Vox en Madrid. Esta semana, el partido de ultraderecha present\u00f3 una iniciativa para obligar a los empleados municipales a explicar a las mujeres que fuesen a informarse para interrumpir el embarazo de un s\u00edndrome posaborto que organizaciones m\u00e9dicas y especialistas de la comunidad cient\u00edfica no avalan. <\/p>\n<p class=\"\">El PP aprob\u00f3 esa iniciativa, pero, ante el revuelo social, medi\u00e1tico y pol\u00edtico, se desdijo en 24 horas. Desde la direcci\u00f3n han reconocido que \u201ces un error abrir este mel\u00f3n\u201d. Uno que no es la primera vez que abren, y que ya les supuso un coste pol\u00edtico. Desde 1985, la derecha espa\u00f1ola ha ido cambiando y, tambi\u00e9n, diversific\u00e1ndose; mientras que dentro de los populares existen desde hace a\u00f1os posiciones que van desde las proaborto a las ultracatolicistas, la llegada de la ultraderecha les ha hecho cambiar el paso. <\/p>\n<p class=\"\">Antes, el PP luchaba solo por un voto de centro, ahora necesitan tambi\u00e9n dar esa pelea por la derecha. Y a su derecha Vox despliega desde su llegada todo el abanico propio del antifeminismo que marca su posici\u00f3n pol\u00edtica. La cuesti\u00f3n es que, a la vez, el contexto, el social, tambi\u00e9n es otro. La ultraderecha ha cogido auge, en parte, como reacci\u00f3n a la evoluci\u00f3n y avance del movimiento feminista de los \u00faltimos a\u00f1os. <\/p>\n<p class=\"\">El lugar de los populares, por tanto, es ya un equilibrio dif\u00edcil que constata este \u00faltimo movimiento de desmarque por parte del PP nacional del PP madrile\u00f1o. \u201cAlmeida no midi\u00f3 bien la pol\u00e9mica que se abr\u00eda con esto\u201d, ha dicho en estas \u00faltimas 24 horas uno de sus dirigentes.<\/p>\n<p class=\"\">No es la primera vez que el Partido Popular tiene que dar marcha atr\u00e1s en esta cuesti\u00f3n. La cronolog\u00eda de este derecho ha estado sujeta desde que se aprob\u00f3 a los tirones de esa parte del hemiciclo. En 1985, la derecha se resisti\u00f3 a la conquista, limitada, que supuso la despenalizaci\u00f3n del aborto en tres supuestos: si hab\u00eda riesgo para la salud f\u00edsica o mental de la madre, en casos de violaci\u00f3n y si exist\u00edan malformaciones f\u00edsicas o ps\u00edquicas en el feto. <\/p>\n<p class=\"\">En 2010 se aprob\u00f3, tambi\u00e9n con los votos en contra del PP, la Ley Org\u00e1nica de Salud Sexual y Reproductiva y de Interrupci\u00f3n Voluntaria del Embarazo: las mujeres ya pod\u00edan decidir de forma libre durante las primeras 14 semanas. Recurrieron la norma. Y solo tres a\u00f1os despu\u00e9s intentaron volver a 1985. Quer\u00edan que el aborto solo fuera posible en casos de violaci\u00f3n o de grave peligro para la vida o la salud de la mujer. <\/p>\n<p class=\"\">No pudieron. Un movimiento extenso y rapid\u00edsimo de las mujeres no solo fren\u00f3 el anteproyecto de ley que intentaba impulsar el PP, entonces en el Gobierno, sino que acab\u00f3 provocando la dimisi\u00f3n del ministro de Justicia, Alberto Ruiz-Gallard\u00f3n. Quiz\u00e1s fue ah\u00ed cuando los populares se dieron cuenta de que la concepci\u00f3n del aborto, m\u00e1s all\u00e1 de las ideolog\u00edas, supon\u00eda ya un consenso, como derecho, entre la ciudadan\u00eda. Y la propuesta no avanz\u00f3, pero s\u00ed acabaron cercen\u00e1ndolo en la medida en que pudieron.<\/p>\n<p class=\"\">Una reforma de la ley de 2010 fij\u00f3 que las mujeres de 16 y 17 a\u00f1os ya no pod\u00edan interrumpir el embarazo sin autorizaci\u00f3n de madres, padres o tutores. Y cuando lleg\u00f3 2023 y el Gobierno de coalici\u00f3n de PSOE y Unidas Podemos aprob\u00f3 la \u00faltima modificaci\u00f3n \u2015que devolvi\u00f3 a las menores su derecho a decidir y ampli\u00f3 las garant\u00edas\u2015, ellos volvieron a votar no. Solo que entonces sumaban ya a su bancada el apoyo de Vox \u2015y el ya extinto Ciudadanos\u2015, y eso les ha ido dando margen a medida que la ultraderecha entraba en las instituciones de m\u00faltiples comunidades aut\u00f3nomas, que son, al final, quienes tienen las competencias para hacer este derecho efectivo.<\/p>\n<p class=\"\">Ante la evoluci\u00f3n de esa parte del arco pol\u00edtico \u2015en Espa\u00f1a y en otras democracias europeas y americanas\u2015, la izquierda tambi\u00e9n ha ido movi\u00e9ndose. Despu\u00e9s de que Francia consagrase el derecho en su Constituci\u00f3n, Sumar, ahora principal socio de Gobierno del PSOE, propuso seguirle los pasos. \u201cAbrir el debate social [que] no es un debate de partido, sino de pa\u00eds y de sociedad\u201d, dijo en marzo del pasado a\u00f1o la portavoz adjunta, Aina Vidal. <\/p>\n<p class=\"\">No tuvo el apoyo de los socialistas. La ministra de Igualdad, Ana Redondo, dijo aquel d\u00eda que no se daban los consensos necesarios. Sin embargo, solo unos meses despu\u00e9s, en su ponencia para el 41\u00ba Congreso, se comprometieron a blindar tanto el aborto como el matrimonio igualitario en la Constituci\u00f3n. En febrero de este 2025, Sumar present\u00f3 su propuesta y la envi\u00f3 a los grupos parlamentarios. Ahora, de la que ha informado S\u00e1nchez da tambi\u00e9n ese paso. <\/p>\n<p class=\"\">El ciclo electoral comienza la pr\u00f3xima primavera, con las elecciones en Castilla y Le\u00f3n, y ser\u00e1 entonces cuando probablemente el aborto vuelva a aparecer como pieza electoral. La cuesti\u00f3n, sin embargo, no es solo si la izquierda conseguir\u00e1 blindarlo antes de que acabe la legislatura, sino si ser\u00e1 posible que este derecho sea, por fin, real. <\/p>\n<p class=\"\">\u201cLa ley, aunque imprescindible, no basta. A pesar de los avances conseguidos, persisten barreras que siguen limitando el ejercicio efectivo de este derecho. La objeci\u00f3n de conciencia regulada por ley, pero con un desarrollo y aplicaci\u00f3n muy heterog\u00e9neo en las distintas comunidades aut\u00f3nomas, las diferencias territoriales en los itinerarios de acceso y en los m\u00e9todos disponibles, la insuficiencia de recursos en la sanidad p\u00fablica y la persistencia del estigma social son solo algunas de las trabas que contin\u00faan condicionando la libertad de las mujeres\u201d. Esto es parte de la introducci\u00f3n que escribi\u00f3 la directora del Instituto de las Mujeres, Cristina Hern\u00e1ndez, al estudio <i>El aborto en Espa\u00f1a: barreras y retos para garantizar el derecho a la interrupci\u00f3n voluntaria del embarazo<\/i>de la Fundaci\u00f3n Mujeres J\u00f3venes. <\/p>\n<p class=\"\">Obst\u00e1culos que siguen existiendo y que de no desaparecer, hacen que ese derecho no est\u00e9 garantizado, que no sea efectivo. Y es un derecho que, seg\u00fan tambi\u00e9n esa introducci\u00f3n, \u201cno es una concesi\u00f3n: es la expresi\u00f3n m\u00e1s clara de la libertad, la igualdad y la dignidad de las mujeres\u201d. <\/p>\n<\/div>\n\n","protected":false},"excerpt":{"rendered":"<p>La ma\u00f1ana de este viernes, el presidente del Gobierno, Pedro S\u00e1nchez, anunci\u00f3 que llevar\u00e1 al Congreso una propuesta para incluir el aborto en la Constituci\u00f3n y blindar as\u00ed este derecho reconocido en Espa\u00f1a como tal desde 1985, pero sujeto, sin embargo, a los vaivenes pol\u00edticos en las \u00faltimas cuatro d\u00e9cadas. Cada vez que la derecha &hellip;<\/p>\n","protected":false},"author":1,"featured_media":44426,"comment_status":"open","ping_status":"open","sticky":false,"template":"","format":"standard","meta":{"fifu_image_url":"https:\/\/imagenes.elpais.com\/resizer\/v2\/M2XHD6WEUFP5RFBBPRKXJAHEDQ.jpg?auth=51dcdb19460b96eca70c28ec7fb9d9cefe6564fb788efc84a57cb7b2092c1763&width=1200","fifu_image_alt":"","footnotes":""},"categories":[11],"tags":[],"class_list":["post-44424","post","type-post","status-publish","format-standard","has-post-thumbnail","","category-viaje"],"_links":{"self":[{"href":"https:\/\/noticiasveraces.com\/index.php?rest_route=\/wp\/v2\/posts\/44424","targetHints":{"allow":["GET"]}}],"collection":[{"href":"https:\/\/noticiasveraces.com\/index.php?rest_route=\/wp\/v2\/posts"}],"about":[{"href":"https:\/\/noticiasveraces.com\/index.php?rest_route=\/wp\/v2\/types\/post"}],"author":[{"embeddable":true,"href":"https:\/\/noticiasveraces.com\/index.php?rest_route=\/wp\/v2\/users\/1"}],"replies":[{"embeddable":true,"href":"https:\/\/noticiasveraces.com\/index.php?rest_route=%2Fwp%2Fv2%2Fcomments&post=44424"}],"version-history":[{"count":0,"href":"https:\/\/noticiasveraces.com\/index.php?rest_route=\/wp\/v2\/posts\/44424\/revisions"}],"wp:featuredmedia":[{"embeddable":true,"href":"https:\/\/noticiasveraces.com\/index.php?rest_route=\/wp\/v2\/media\/44426"}],"wp:attachment":[{"href":"https:\/\/noticiasveraces.com\/index.php?rest_route=%2Fwp%2Fv2%2Fmedia&parent=44424"}],"wp:term":[{"taxonomy":"category","embeddable":true,"href":"https:\/\/noticiasveraces.com\/index.php?rest_route=%2Fwp%2Fv2%2Fcategories&post=44424"},{"taxonomy":"post_tag","embeddable":true,"href":"https:\/\/noticiasveraces.com\/index.php?rest_route=%2Fwp%2Fv2%2Ftags&post=44424"}],"curies":[{"name":"wp","href":"https:\/\/api.w.org\/{rel}","templated":true}]}}