{"id":44421,"date":"2025-10-03T08:21:20","date_gmt":"2025-10-03T12:21:20","guid":{"rendered":"https:\/\/noticiasveraces.com\/?p=44421"},"modified":"2025-10-03T08:21:20","modified_gmt":"2025-10-03T12:21:20","slug":"el-diplomatico-de-la-onu-de-israel-explota-la-huelga-antes-del-discurso-de-netanyahu-como-escenificado","status":"publish","type":"post","link":"https:\/\/noticiasveraces.com\/?p=44421","title":{"rendered":"El diplom\u00e1tico de la ONU de Israel explota la huelga antes del discurso de Netanyahu como &#8216;escenificado&#8217;"},"content":{"rendered":"<p> \n<\/p>\n<div>\n<div id=\"beyondwords-wrapper\" class=\"beyondwords-wrapper\">\n<p><span class=\"label-bg\">NUEVO<\/span>\u00a1Ahora puedes escuchar art\u00edculos de Fox News!\n  <\/p>\n<\/div>\n<p class=\"speakable\">El principal diplom\u00e1tico de Israel en las Naciones Unidas desestim\u00f3 a los delegados que salieron ante el discurso del primer ministro Benjamin Netanyahu y lanz\u00f3 el cuerpo internacional por celebrar conversaciones clave en el Medio Oriente durante unas vacaciones jud\u00edas, dejando la delegaci\u00f3n de Jerusal\u00e9n sin representaci\u00f3n.<\/p>\n<p class=\"speakable\">\u00abEra una huelga escenificada. La mayor\u00eda de las personas no eran diplom\u00e1ticos. Eran empleados de misiones hostiles\u00bb, dijo a Fox News Digital a Fox Digital. <\/p>\n<p>Se\u00f1al\u00f3 que Netanyahu fue el primer orador del d\u00eda, lo que significa que los diplom\u00e1ticos que salieron del pasillo llegaron solo para participar en la huelga. <\/p>\n<p>\u00abLes dije: &#8216;Sal y no vuelvas&#8217;, y lo dec\u00eda en serio. Si no pueden escuchar las palabras del primer ministro que representa a Israel y al pueblo jud\u00edo, no creo que tengan un lugar en este sal\u00f3n\u00bb, dijo.<\/p>\n<p><strong>Los delegados de la ONU salen de la direcci\u00f3n de Netanyahu despu\u00e9s de animar el l\u00edder palestino D\u00eda antes<\/strong><\/p>\n<p>Danon agreg\u00f3 que la mayor\u00eda de las delegaciones se quedaron en la habitaci\u00f3n y respetaban tanto Netanyahu como el estado de Israel.<\/p>\n<p>Netanyahu puede haber estado hablando con un p\u00fablico m\u00e1s peque\u00f1o dentro del sal\u00f3n, pero su direcci\u00f3n se transmiti\u00f3 en oradores en Gaza y en los tel\u00e9fonos celulares de los Gazans, algo que el primer ministro revel\u00f3 en el escenario. Danon dijo que el primer ministro a menudo considerar\u00eda c\u00f3mo llevar el mensaje y la \u00abidea brillante\u00bb de transmitirlo para que los palestinos pudieran escuchar que su discurso era una extensi\u00f3n de eso.<\/p>\n<p>Danon le dijo a Fox News Digital que la direcci\u00f3n de Netanyahu no estaba dirigida a los l\u00edderes de Hamas, quienes, argument\u00f3, \u00abno le importa\u00bb y solo entend\u00eda el lenguaje de los tanques y los aviones. En cambio, dijo, el mensaje estaba destinado a la gente de Gaza y para los rehenes que han estado languideciendo en el enclave durante casi dos a\u00f1os.<\/p>\n<p>Danon tambi\u00e9n lament\u00f3 que las conversaciones clave de la ONU programada en el Medio Oriente durante las vacaciones jud\u00edas de Rosh Hashan\u00e1.<\/p>\n<p>\u00abTuvieron una discusi\u00f3n sobre el Medio Oriente, sobre Israel, sin Israel. Creo que muestra la hipocres\u00eda de las Naciones Unidas\u00bb, dijo Danon a Fox News Digital. \u00abAlgunos l\u00edderes se preocupan m\u00e1s por escucharse a s\u00ed mismos en lugar de recompensar un di\u00e1logo\u00bb.<\/p>\n<div class=\"image-ct inline\">\n<div class=\"m\"><picture><source media=\"(max-width: 767px)\" srcset=\"https:\/\/a57.foxnews.com\/static.foxnews.com\/foxnews.com\/content\/uploads\/2025\/09\/343\/192\/un-delegates-storm-out-netanyahu-sept-26-2025.jpg?ve=1&amp;tl=1, https:\/\/a57.foxnews.com\/static.foxnews.com\/foxnews.com\/content\/uploads\/2025\/09\/686\/384\/un-delegates-storm-out-netanyahu-sept-26-2025.jpg?ve=1&amp;tl=1 2x\" height=\"192\" width=\"343\"><source media=\"(min-width: 768px) and (max-width: 1023px)\" srcset=\"https:\/\/a57.foxnews.com\/static.foxnews.com\/foxnews.com\/content\/uploads\/2025\/09\/672\/378\/un-delegates-storm-out-netanyahu-sept-26-2025.jpg?ve=1&amp;tl=1, https:\/\/a57.foxnews.com\/static.foxnews.com\/foxnews.com\/content\/uploads\/2025\/09\/1344\/756\/un-delegates-storm-out-netanyahu-sept-26-2025.jpg?ve=1&amp;tl=1 2x\" height=\"378\" width=\"672\"><source media=\"(min-width: 1024px) and (max-width: 1279px)\" srcset=\"https:\/\/a57.foxnews.com\/static.foxnews.com\/foxnews.com\/content\/uploads\/2025\/09\/931\/523\/un-delegates-storm-out-netanyahu-sept-26-2025.jpg?ve=1&amp;tl=1, https:\/\/a57.foxnews.com\/static.foxnews.com\/foxnews.com\/content\/uploads\/2025\/09\/1862\/1046\/un-delegates-storm-out-netanyahu-sept-26-2025.jpg?ve=1&amp;tl=1 2x\" height=\"523\" width=\"931\"><source media=\"(min-width: 1280px)\" srcset=\"https:\/\/a57.foxnews.com\/static.foxnews.com\/foxnews.com\/content\/uploads\/2025\/09\/720\/405\/un-delegates-storm-out-netanyahu-sept-26-2025.jpg?ve=1&amp;tl=1, https:\/\/a57.foxnews.com\/static.foxnews.com\/foxnews.com\/content\/uploads\/2025\/09\/1440\/810\/un-delegates-storm-out-netanyahu-sept-26-2025.jpg?ve=1&amp;tl=1 2x\" height=\"405\" width=\"720\"><img loading=\"lazy\" decoding=\"async\" src=\"https:\/\/a57.foxnews.com\/static.foxnews.com\/foxnews.com\/content\/uploads\/2025\/09\/1200\/675\/un-delegates-storm-out-netanyahu-sept-26-2025.jpg?ve=1&amp;tl=1\" alt=\"Los delegados salen por delante del discurso de Netanyahu\" width=\"1200\" height=\"675\"\/><\/source><\/source><\/source><\/source><\/picture><\/div>\n<div class=\"info\">\n<div class=\"caption\">\n<p><span>Las delegaciones salen cuando el primer ministro israel\u00ed Benjamin Netanyahu se dirige a la 80a Asamblea General de las Naciones Unidas (UNGA) en la sede de la ONU en la ciudad de Nueva York el 26 de septiembre de 2025.<\/span> <span>(Shannon Stapleton\/Reuters)<\/span><\/p>\n<\/div>\n<\/div>\n<\/div>\n<p><strong><u>Israel llama a un impulso de la ONU para la estadidad Palestina una &#8216;farsa&#8217;, advierte de las &#8216;consecuencias&#8217; para los movimientos de reconocimiento<\/u><\/strong><\/p>\n<p>Danon dijo que habl\u00f3 con el jefe del Consejo de Seguridad de la ONU sobre la reprogramaci\u00f3n de la discusi\u00f3n, pero no tuvo \u00e9xito en cambiar la fecha. No est\u00e1 claro qu\u00e9 delegaci\u00f3n estaba al frente del consejo, ya que gira mensualmente.<\/p>\n<p>Si bien Israel no pudo participar en conversaciones durante Rosh Hashan\u00e1, el A\u00f1o Nuevo jud\u00edo, sigui\u00f3 siendo uno de los temas centrales de la 80\u00aa sesi\u00f3n de la Asamblea General de la ONU. Israel tambi\u00e9n enfrent\u00f3 presi\u00f3n fuera de las discusiones oficiales de la ONU, y varias delegaciones se movieron para reconocer a un estado palestino.<\/p>\n<p>Danon desestim\u00f3 las declaraciones de Francia, Australia, el Reino Unido y Canad\u00e1 que reconoce la estadidad palestina como \u00abvac\u00eda\u00bb.<\/p>\n<p>\u00abHablamos con muchas delegaciones. Sin nombrar nombres, tuvimos \u00e9xitos que algunos pa\u00edses no se unieron a este circo, esas declaraciones vac\u00edas, y estamos agradecidos por eso\u00bb, dijo Danon. Agreg\u00f3 que cree que \u00aben general, todo el mundo sabe que no va a ninguna parte\u00bb.<\/p>\n<p><strong>Netanyahu transmite el mensaje de las Naciones Unidas en Gaza acusando a los l\u00edderes mundiales de apaciguar el \u00abmal\u00bb<\/strong><\/p>\n<p>Cuando se le pregunt\u00f3 por qu\u00e9 algunas delegaciones ten\u00edan tanta intenci\u00f3n de reconocimiento, lo atribuy\u00f3 a los l\u00edderes que necesitaban victorias dom\u00e9sticas y usaron el conflicto de Medio Oriente para galvanizar a los partidarios.<\/p>\n<p>\u00abCreo que tienen intereses internos. Tomemos, por ejemplo, al presidente Macron. Tiene tantos problemas y problemas internos con la econom\u00eda, con inmigraci\u00f3n, con el Parlamento. Por lo tanto, es m\u00e1s f\u00e1cil para \u00e9l venir a la ONU y fingir que realmente est\u00e1 liderando algo. Sabe mejor que eso\u00bb, dijo Danon.<\/p>\n<div class=\"image-ct inline\">\n<div class=\"m\"><picture><source media=\"(max-width: 767px)\" srcset=\"https:\/\/a57.foxnews.com\/static.foxnews.com\/foxnews.com\/content\/uploads\/2025\/09\/343\/192\/trump-netanyahu-3.png?ve=1&amp;tl=1, https:\/\/a57.foxnews.com\/static.foxnews.com\/foxnews.com\/content\/uploads\/2025\/09\/686\/384\/trump-netanyahu-3.png?ve=1&amp;tl=1 2x\" height=\"192\" width=\"343\"><source media=\"(min-width: 768px) and (max-width: 1023px)\" srcset=\"https:\/\/a57.foxnews.com\/static.foxnews.com\/foxnews.com\/content\/uploads\/2025\/09\/672\/378\/trump-netanyahu-3.png?ve=1&amp;tl=1, https:\/\/a57.foxnews.com\/static.foxnews.com\/foxnews.com\/content\/uploads\/2025\/09\/1344\/756\/trump-netanyahu-3.png?ve=1&amp;tl=1 2x\" height=\"378\" width=\"672\"><source media=\"(min-width: 1024px) and (max-width: 1279px)\" srcset=\"https:\/\/a57.foxnews.com\/static.foxnews.com\/foxnews.com\/content\/uploads\/2025\/09\/931\/523\/trump-netanyahu-3.png?ve=1&amp;tl=1, https:\/\/a57.foxnews.com\/static.foxnews.com\/foxnews.com\/content\/uploads\/2025\/09\/1862\/1046\/trump-netanyahu-3.png?ve=1&amp;tl=1 2x\" height=\"523\" width=\"931\"><source media=\"(min-width: 1280px)\" srcset=\"https:\/\/a57.foxnews.com\/static.foxnews.com\/foxnews.com\/content\/uploads\/2025\/09\/720\/405\/trump-netanyahu-3.png?ve=1&amp;tl=1, https:\/\/a57.foxnews.com\/static.foxnews.com\/foxnews.com\/content\/uploads\/2025\/09\/1440\/810\/trump-netanyahu-3.png?ve=1&amp;tl=1 2x\" height=\"405\" width=\"720\"><img loading=\"lazy\" decoding=\"async\" src=\"https:\/\/a57.foxnews.com\/static.foxnews.com\/foxnews.com\/content\/uploads\/2025\/09\/1200\/675\/trump-netanyahu-3.png?ve=1&amp;tl=1\" alt=\"Trump y Netanyahu en la conferencia de prensa conjunta\" width=\"1200\" height=\"675\"\/><\/source><\/source><\/source><\/source><\/picture><\/div>\n<div class=\"info\">\n<div class=\"caption\">\n<p><span>El presidente Donald Trump recibi\u00f3 al primer ministro israel\u00ed Netanyahu en la Casa Blanca mientras la pareja buscaba llegar a un acuerdo de paz en la Guerra de Gaza.<\/span> <span>(Gana McNamee\/Getty Images)<\/span><\/p>\n<\/div>\n<\/div>\n<\/div>\n<p><strong><u>Haga clic aqu\u00ed para obtener la aplicaci\u00f3n Fox News<\/u><\/strong> <\/p>\n<p>El lunes, despu\u00e9s de reunirse con el presidente Donald Trump en la Casa Blanca, Netanyahu acept\u00f3 un acuerdo de Gaza respaldado por los Estados Unidos para poner fin a la guerra de casi dos a\u00f1os. El presidente franc\u00e9s, Emmanuel Macron, quien reconoci\u00f3 un estado palestino la semana pasada, dijo que acogi\u00f3 con benepl\u00e1cito el plan y esperaba que Israel \u00abparticipara resueltamente sobre esta base\u00bb. Agreg\u00f3 que \u00abHamas no tiene m\u00e1s remedio que lanzar inmediatamente a todos los rehenes y seguir este plan\u00bb.<\/p>\n<p>Queda por ver si Hamas aceptar\u00e1 el trato y, si lo hace, si se adhirir\u00e1 a los t\u00e9rminos.<\/p>\n<p> <!----> <\/p>\n<div class=\"article-meta\">\n<div class=\"author-bio\">\n<p>Rachel Wolf es una escritora de noticias de Fox News Digital y Fox Business.<\/p>\n<\/div>\n<\/div>\n<\/div>\n\n","protected":false},"excerpt":{"rendered":"<p>NUEVO\u00a1Ahora puedes escuchar art\u00edculos de Fox News! El principal diplom\u00e1tico de Israel en las Naciones Unidas desestim\u00f3 a los delegados que salieron ante el discurso del primer ministro Benjamin Netanyahu y lanz\u00f3 el cuerpo internacional por celebrar conversaciones clave en el Medio Oriente durante unas vacaciones jud\u00edas, dejando la delegaci\u00f3n de Jerusal\u00e9n sin representaci\u00f3n. \u00abEra &hellip;<\/p>\n","protected":false},"author":1,"featured_media":44423,"comment_status":"open","ping_status":"open","sticky":false,"template":"","format":"standard","meta":{"fifu_image_url":"https:\/\/static.foxnews.com\/foxnews.com\/content\/uploads\/2025\/09\/danny-danon-un-sept-2025.jpg","fifu_image_alt":"","footnotes":""},"categories":[13],"tags":[],"class_list":["post-44421","post","type-post","status-publish","format-standard","has-post-thumbnail","","category-mundo"],"_links":{"self":[{"href":"https:\/\/noticiasveraces.com\/index.php?rest_route=\/wp\/v2\/posts\/44421","targetHints":{"allow":["GET"]}}],"collection":[{"href":"https:\/\/noticiasveraces.com\/index.php?rest_route=\/wp\/v2\/posts"}],"about":[{"href":"https:\/\/noticiasveraces.com\/index.php?rest_route=\/wp\/v2\/types\/post"}],"author":[{"embeddable":true,"href":"https:\/\/noticiasveraces.com\/index.php?rest_route=\/wp\/v2\/users\/1"}],"replies":[{"embeddable":true,"href":"https:\/\/noticiasveraces.com\/index.php?rest_route=%2Fwp%2Fv2%2Fcomments&post=44421"}],"version-history":[{"count":0,"href":"https:\/\/noticiasveraces.com\/index.php?rest_route=\/wp\/v2\/posts\/44421\/revisions"}],"wp:featuredmedia":[{"embeddable":true,"href":"https:\/\/noticiasveraces.com\/index.php?rest_route=\/wp\/v2\/media\/44423"}],"wp:attachment":[{"href":"https:\/\/noticiasveraces.com\/index.php?rest_route=%2Fwp%2Fv2%2Fmedia&parent=44421"}],"wp:term":[{"taxonomy":"category","embeddable":true,"href":"https:\/\/noticiasveraces.com\/index.php?rest_route=%2Fwp%2Fv2%2Fcategories&post=44421"},{"taxonomy":"post_tag","embeddable":true,"href":"https:\/\/noticiasveraces.com\/index.php?rest_route=%2Fwp%2Fv2%2Ftags&post=44421"}],"curies":[{"name":"wp","href":"https:\/\/api.w.org\/{rel}","templated":true}]}}