{"id":44415,"date":"2025-10-03T05:55:10","date_gmt":"2025-10-03T09:55:10","guid":{"rendered":"https:\/\/noticiasveraces.com\/?p=44415"},"modified":"2025-10-03T05:55:10","modified_gmt":"2025-10-03T09:55:10","slug":"javier-fernandez-el-cantante-del-gol-confirmo-su-salida-de-rcn-motivos-curiosidades-de-futbol","status":"publish","type":"post","link":"https:\/\/noticiasveraces.com\/?p=44415","title":{"rendered":"Javier Fern\u00e1ndez &#8216;El Cantante del Gol&#8217; confirm\u00f3 su salida de RCN: motivos | Curiosidades de f\u00fatbol"},"content":{"rendered":"<p> \n<br \/><img decoding=\"async\" src=\"https:\/\/www.futbolred.com\/files\/article_graphic\/files\/crop\/uploads\/2023\/11\/27\/65650f196e993.r_1311548.0-0-702-351.jpeg\" \/><\/p>\n<div id=\"cuerpoArticulo\">\n<p class=\"texto intro cnx-companion-firstparagraph\" id=\"p256256-m443-442-444\">Es un hecho. <b>Javier Fern\u00e1ndez Franco <\/b>popularmente conocido como <b>\u2018El Cantante del Gol\u2019<\/b> confirm\u00f3 su salida del canal RCN donde ha estado por varios a\u00f1os narrando los partidos de la <b>Selecci\u00f3n Colombia.  <\/b><\/p>\n<p>El reconocido narrador y periodista habl\u00f3 de su salida y asegur\u00f3 que se debe a que quiere tomar otro rumbo en su vida profesional.  <\/p>\n<p>\u201cVoy a tomar un rumbo diferente, un ejercicio distinto, un prop\u00f3sito pa\u00eds, quiero ayudar al deporte de Colombia\u201d, dijo en di\u00e1logo con el diario El Universal de Cartagena.<\/p>\n<p class=\"texto contenido-parrafo-articulo cnx-companion-paragraph\" id=\"p256256-m519-3-520\">Despu\u00e9s, Fern\u00e1ndez sobre su salida de RCN asegur\u00f3 que fue duro competir contra el Gol Caracol quien siempre tuvo n\u00fameros muy altos en rating en los partidos de la Selecci\u00f3n.  <\/p>\n<p>\u201cSer segundo de dos, eres \u00faltimo (RCN), en las transmisiones de RCN me tocaba luchar contra un monstruo que yo ayud\u00e9 a crear (Gol Caracol). En RCN en los partidos de la Selecci\u00f3n Colombia alcanzamos altos puntajes, RCN nunca pens\u00f3 alcanzar esos puntajes conmigo, pero lastimosamente no sigo\u201d, asegur\u00f3 el narrador. <\/p>\n<p>Por su parte, \u2018El Cantante del Gol\u2019 confirm\u00f3 que tiene otras ofertas: \u201cTengo ofertas para trabajar en los Estados Unidos, pero me quiero quedar en Colombia\u201d. <\/p>\n<p>Vale se\u00f1alar que Javier Fern\u00e1ndez Franco lleg\u00f3 a RCN en 2019 donde estuvo a la par con Win Sports, pero luego meses despu\u00e9s dej\u00f3 las transmisiones del f\u00fatbol colombiano para centrarse en las de la Selecci\u00f3n. Ante esta salida, lo m\u00e1s probable es que los partidos de la Selecci\u00f3n sean narrados por Eduardo Luis L\u00f3pez quien recientemente ha tenido roces justamente con Fern\u00e1ndez Franco.<\/p>\n<\/div>\n\n","protected":false},"excerpt":{"rendered":"<p>Es un hecho. Javier Fern\u00e1ndez Franco popularmente conocido como \u2018El Cantante del Gol\u2019 confirm\u00f3 su salida del canal RCN donde ha estado por varios a\u00f1os narrando los partidos de la Selecci\u00f3n Colombia. El reconocido narrador y periodista habl\u00f3 de su salida y asegur\u00f3 que se debe a que quiere tomar otro rumbo en su vida &hellip;<\/p>\n","protected":false},"author":1,"featured_media":44417,"comment_status":"open","ping_status":"open","sticky":false,"template":"","format":"standard","meta":{"fifu_image_url":"https:\/\/www.futbolred.com\/files\/og_thumbnail\/uploads\/2023\/11\/27\/65650f196e993.jpeg","fifu_image_alt":"","footnotes":""},"categories":[6],"tags":[],"class_list":["post-44415","post","type-post","status-publish","format-standard","has-post-thumbnail","","category-deportes"],"_links":{"self":[{"href":"https:\/\/noticiasveraces.com\/index.php?rest_route=\/wp\/v2\/posts\/44415","targetHints":{"allow":["GET"]}}],"collection":[{"href":"https:\/\/noticiasveraces.com\/index.php?rest_route=\/wp\/v2\/posts"}],"about":[{"href":"https:\/\/noticiasveraces.com\/index.php?rest_route=\/wp\/v2\/types\/post"}],"author":[{"embeddable":true,"href":"https:\/\/noticiasveraces.com\/index.php?rest_route=\/wp\/v2\/users\/1"}],"replies":[{"embeddable":true,"href":"https:\/\/noticiasveraces.com\/index.php?rest_route=%2Fwp%2Fv2%2Fcomments&post=44415"}],"version-history":[{"count":0,"href":"https:\/\/noticiasveraces.com\/index.php?rest_route=\/wp\/v2\/posts\/44415\/revisions"}],"wp:featuredmedia":[{"embeddable":true,"href":"https:\/\/noticiasveraces.com\/index.php?rest_route=\/wp\/v2\/media\/44417"}],"wp:attachment":[{"href":"https:\/\/noticiasveraces.com\/index.php?rest_route=%2Fwp%2Fv2%2Fmedia&parent=44415"}],"wp:term":[{"taxonomy":"category","embeddable":true,"href":"https:\/\/noticiasveraces.com\/index.php?rest_route=%2Fwp%2Fv2%2Fcategories&post=44415"},{"taxonomy":"post_tag","embeddable":true,"href":"https:\/\/noticiasveraces.com\/index.php?rest_route=%2Fwp%2Fv2%2Ftags&post=44415"}],"curies":[{"name":"wp","href":"https:\/\/api.w.org\/{rel}","templated":true}]}}