{"id":44361,"date":"2025-10-02T17:29:10","date_gmt":"2025-10-02T21:29:10","guid":{"rendered":"https:\/\/noticiasveraces.com\/?p=44361"},"modified":"2025-10-02T17:29:10","modified_gmt":"2025-10-02T21:29:10","slug":"el-ataque-de-la-sinagoga-del-reino-unido-contra-yom-kippur-mata-2-aumenta-los-miedos-antisemitismo","status":"publish","type":"post","link":"https:\/\/noticiasveraces.com\/?p=44361","title":{"rendered":"El ataque de la sinagoga del Reino Unido contra Yom Kippur mata 2, aumenta los miedos antisemitismo"},"content":{"rendered":"<p> \n<\/p>\n<div>\n<div id=\"beyondwords-wrapper\" class=\"beyondwords-wrapper\">\n<p><span class=\"label-bg\">NUEVO<\/span>\u00a1Ahora puedes escuchar art\u00edculos de Fox News!\n  <\/p>\n<\/div>\n<p class=\"speakable\">La persistente amenaza del antisemitismo fue subrayada el jueves despu\u00e9s de que al menos dos personas fueron asesinadas en un ataque de sinagoga del Reino Unido. La violencia se desarroll\u00f3 cuando millones de jud\u00edos marcaron a Yom Kippur, el d\u00eda m\u00e1s sagrado en su fe, y a medida que los esfuerzos globales continuaron liberando a 46 rehenes israel\u00edes en poder de Hamas.<\/p>\n<p class=\"speakable\">Detalles del asaltante, que atac\u00f3 a la congregaci\u00f3n hebrea de Heaton Park en la ciudad noreste de Manchester en la nororeste de Inglaterra al embestir su autom\u00f3vil en peatones antes de apu\u00f1alar al menos una persona, sigue siendo desconocido.<\/p>\n<p>La polic\u00eda brit\u00e1nica dispar\u00f3 y mat\u00f3 al sospechoso, y las autoridades declararon que el ataque es un incidente terrorista.<\/p>\n<p>\u00abLos ataques como el de hoy en el Reino Unido se est\u00e1n normalizando lamentablemente\u00bb, dijo Jonathan Ruhe, director de pol\u00edtica exterior del Instituto Jud\u00edo de Seguridad Nacional de Am\u00e9rica, a Fox News Digital.<\/p>\n<p><strong>Ataque terrorista del Reino Unido fuera de la sinagoga llena en Yom Kippur Deja 2 muertos, 4 heridos, seg\u00fan la polic\u00eda<\/strong><\/p>\n<div class=\"image-ct inline\">\n<div class=\"m\"><picture><source media=\"(max-width: 767px)\" srcset=\"https:\/\/a57.foxnews.com\/static.foxnews.com\/foxnews.com\/content\/uploads\/2025\/10\/343\/192\/attack-manchester.jpg?ve=1&amp;tl=1, https:\/\/a57.foxnews.com\/static.foxnews.com\/foxnews.com\/content\/uploads\/2025\/10\/686\/384\/attack-manchester.jpg?ve=1&amp;tl=1 2x\" height=\"192\" width=\"343\"><source media=\"(min-width: 768px) and (max-width: 1023px)\" srcset=\"https:\/\/a57.foxnews.com\/static.foxnews.com\/foxnews.com\/content\/uploads\/2025\/10\/672\/378\/attack-manchester.jpg?ve=1&amp;tl=1, https:\/\/a57.foxnews.com\/static.foxnews.com\/foxnews.com\/content\/uploads\/2025\/10\/1344\/756\/attack-manchester.jpg?ve=1&amp;tl=1 2x\" height=\"378\" width=\"672\"><source media=\"(min-width: 1024px) and (max-width: 1279px)\" srcset=\"https:\/\/a57.foxnews.com\/static.foxnews.com\/foxnews.com\/content\/uploads\/2025\/10\/931\/523\/attack-manchester.jpg?ve=1&amp;tl=1, https:\/\/a57.foxnews.com\/static.foxnews.com\/foxnews.com\/content\/uploads\/2025\/10\/1862\/1046\/attack-manchester.jpg?ve=1&amp;tl=1 2x\" height=\"523\" width=\"931\"><source media=\"(min-width: 1280px)\" srcset=\"https:\/\/a57.foxnews.com\/static.foxnews.com\/foxnews.com\/content\/uploads\/2025\/10\/720\/405\/attack-manchester.jpg?ve=1&amp;tl=1, https:\/\/a57.foxnews.com\/static.foxnews.com\/foxnews.com\/content\/uploads\/2025\/10\/1440\/810\/attack-manchester.jpg?ve=1&amp;tl=1 2x\" height=\"405\" width=\"720\"><img loading=\"lazy\" decoding=\"async\" src=\"https:\/\/a57.foxnews.com\/static.foxnews.com\/foxnews.com\/content\/uploads\/2025\/10\/1200\/675\/attack-manchester.jpg?ve=1&amp;tl=1\" alt=\"Ataque antisemita Reino Unido\" width=\"1200\" height=\"675\"\/><\/source><\/source><\/source><\/source><\/picture><\/div>\n<div class=\"info\">\n<div class=\"caption\">\n<p><span>El rabino Daniel Walker, tercero desde la izquierda, se encuentra con la polic\u00eda armada fuera de la sinagoga de la Congregaci\u00f3n Hebrea de Heaton Park en Manchester el 2 de octubre de 2025, despu\u00e9s del ataque.<\/span> <span>(Paul Currie\/AFP a trav\u00e9s de Getty Images)<\/span><\/p>\n<\/div>\n<\/div>\n<\/div>\n<p>El Community Security Trust (CST), que rastrea los ataques antisem\u00edticos en el Reino Unido, descubri\u00f3 que los \u00abincidentes\u00bb contra la comunidad jud\u00eda en Gran Breta\u00f1a se intensificaron dr\u00e1sticamente despu\u00e9s de los ataques de Hamas contra Israel el 7 de octubre de 2023, y la guerra posterior en la Franja de Gaza que sigui\u00f3 con 4,103 eventos registrados ese a\u00f1o, un altura de todos los tiempos. <\/p>\n<p>Solo en octubre de 2023, el CST inform\u00f3 1.330 casos de antisemitismo, que incluye asalto, da\u00f1o o profanaci\u00f3n, amenazas y comportamiento abusivo contra los jud\u00edos. <\/p>\n<p>Los incidentes reportados en noviembre y diciembre de ese a\u00f1o, con 931 y 477 incidentes respectivamente, hicieron de esos meses los segundos y cuarto mes de los \u00faltimos meses para el antisemitismo en el Reino Unido registrado por el grupo.<\/p>\n<p>El a\u00f1o pasado tambi\u00e9n se informaron otros 3.528 incidentes, m\u00e1s del doble de los 1.652 incidentes reportados el a\u00f1o anterior a los ataques de Hamas del 7 de octubre contra Israel.<\/p>\n<p>CST descubri\u00f3 que el aumento en los ataques estaba vinculado a sentimientos motivados ideol\u00f3gicos o pol\u00edticamente relacionados con el conflicto en curso en la Franja de Gaza. <\/p>\n<p><strong>Trump le da a Hamas \u00abtres o cuatro d\u00edas\u00bb para aceptar un plan o cumplir con un \u00abun final muy triste\u00bb<\/strong><\/p>\n<div class=\"image-ct inline\">\n<div class=\"m\"><picture><source media=\"(max-width: 767px)\" srcset=\"https:\/\/a57.foxnews.com\/static.foxnews.com\/foxnews.com\/content\/uploads\/2025\/10\/343\/192\/uk-protest-for-hostages.jpg?ve=1&amp;tl=1, https:\/\/a57.foxnews.com\/static.foxnews.com\/foxnews.com\/content\/uploads\/2025\/10\/686\/384\/uk-protest-for-hostages.jpg?ve=1&amp;tl=1 2x\" height=\"192\" width=\"343\"><source media=\"(min-width: 768px) and (max-width: 1023px)\" srcset=\"https:\/\/a57.foxnews.com\/static.foxnews.com\/foxnews.com\/content\/uploads\/2025\/10\/672\/378\/uk-protest-for-hostages.jpg?ve=1&amp;tl=1, https:\/\/a57.foxnews.com\/static.foxnews.com\/foxnews.com\/content\/uploads\/2025\/10\/1344\/756\/uk-protest-for-hostages.jpg?ve=1&amp;tl=1 2x\" height=\"378\" width=\"672\"><source media=\"(min-width: 1024px) and (max-width: 1279px)\" srcset=\"https:\/\/a57.foxnews.com\/static.foxnews.com\/foxnews.com\/content\/uploads\/2025\/10\/931\/523\/uk-protest-for-hostages.jpg?ve=1&amp;tl=1, https:\/\/a57.foxnews.com\/static.foxnews.com\/foxnews.com\/content\/uploads\/2025\/10\/1862\/1046\/uk-protest-for-hostages.jpg?ve=1&amp;tl=1 2x\" height=\"523\" width=\"931\"><source media=\"(min-width: 1280px)\" srcset=\"https:\/\/a57.foxnews.com\/static.foxnews.com\/foxnews.com\/content\/uploads\/2025\/10\/720\/405\/uk-protest-for-hostages.jpg?ve=1&amp;tl=1, https:\/\/a57.foxnews.com\/static.foxnews.com\/foxnews.com\/content\/uploads\/2025\/10\/1440\/810\/uk-protest-for-hostages.jpg?ve=1&amp;tl=1 2x\" height=\"405\" width=\"720\"><img loading=\"lazy\" decoding=\"async\" src=\"https:\/\/a57.foxnews.com\/static.foxnews.com\/foxnews.com\/content\/uploads\/2025\/10\/1200\/675\/uk-protest-for-hostages.jpg?ve=1&amp;tl=1\" alt=\"Los brit\u00e1nicos llaman para la devoluci\u00f3n de los rehenes\" width=\"1200\" height=\"675\"\/><\/source><\/source><\/source><\/source><\/picture><\/div>\n<div class=\"info\">\n<div class=\"caption\">\n<p><span>Las personas marchan con pancartas que muestran im\u00e1genes de rehenes israel\u00edes como grupos jud\u00edos del Reino Unido marcan el primer aniversario de los ataques de Hamas del 7 de octubre el 6 de octubre de 2024 en Manchester, Inglaterra.<\/span> <span>(Christopher Furlong\/Getty Images)<\/span><\/p>\n<\/div>\n<\/div>\n<\/div>\n<p>El primer ministro israel\u00ed, Benjamin Netanyahu, acudi\u00f3 a X para ofrecer sus condolencias a las v\u00edctimas del ataque y dijo: \u00abIsrael se aflige con la comunidad jud\u00eda en el Reino Unido despu\u00e9s del ataque terrorista b\u00e1rbaro en Manchester.<\/p>\n<p>\u00abComo advirt\u00ed en la ONU: la debilidad frente al terrorismo solo trae m\u00e1s terrorismo. Solo la fuerza y \u200b\u200bla unidad pueden derrotarlo\u00bb, agreg\u00f3. <\/p>\n<p>Si bien el motivo detr\u00e1s del ataque del jueves sigue siendo desconocido, Ruhe argument\u00f3 que el fracaso de los l\u00edderes europeos en usar \u00absu peso diplom\u00e1tico para apoyar un futuro viable despu\u00e9s de Hamas para los Gazans\u00bb y, en cambio, \u00abcastigar\u00bb a Israel ha contribuido al aumento del sentimiento antisem\u00edtico. <\/p>\n<p>El ataque a la sinagoga de Manchester se produce solo dos semanas despu\u00e9s de que el Reino Unido y otros l\u00edderes europeos acordaron reconocer a un estado palestino despu\u00e9s de negarse durante mucho tiempo a hacerlo. <\/p>\n<p>Pero el antisemitismo tambi\u00e9n est\u00e1 en aumento en los Estados Unidos, lo que Ruhe se\u00f1al\u00f3 que posiblemente sea a\u00fan m\u00e1s preocupante dada la historia de Europa con la combinaci\u00f3n del problema.<\/p>\n<p>Los ataques dirigidos por jud\u00edos en el Reino Unido aumentaron un 282% en la \u00faltima d\u00e9cada, seg\u00fan los datos recopilados por el CST. Pero en los Estados Unidos, los ataques antisem\u00edticos aumentaron en un 893% en el mismo per\u00edodo de 10 a\u00f1os, seg\u00fan la Liga Anti-Defamaci\u00f3n, con unos 9,354 incidentes reportados el a\u00f1o pasado. <\/p>\n<p>\u00abEl surgimiento del antisemitismo abierto y violento en Estados Unidos es m\u00e1s reciente que en gran parte de Europa, pero quiz\u00e1s a\u00fan m\u00e1s preocupante por eso\u00bb, dijo Ruhe. \u00abParte de la soluci\u00f3n son las universidades que cierran las &#8216;protestas del campus de extrema izquierda&#8217; que solo tienen la intimidad de intimidar a los jud\u00edos y a cualquiera que solicite pol\u00edticas menos que pongan fin a la existencia de Israel. <\/p>\n<p>\u00abHa sido muy revelador que tales &#8216;manifestantes&#8217; usan un lenguaje militarizado como &#8216;campamentos&#8217; para describir la presencia y las actividades de su campus\u00bb. <\/p>\n<div class=\"image-ct inline\">\n<div class=\"m\"><picture><source media=\"(max-width: 767px)\" srcset=\"https:\/\/a57.foxnews.com\/static.foxnews.com\/foxnews.com\/content\/uploads\/2025\/10\/343\/192\/trump-anti-semitism.jpg?ve=1&amp;tl=1, https:\/\/a57.foxnews.com\/static.foxnews.com\/foxnews.com\/content\/uploads\/2025\/10\/686\/384\/trump-anti-semitism.jpg?ve=1&amp;tl=1 2x\" height=\"192\" width=\"343\"><source media=\"(min-width: 768px) and (max-width: 1023px)\" srcset=\"https:\/\/a57.foxnews.com\/static.foxnews.com\/foxnews.com\/content\/uploads\/2025\/10\/672\/378\/trump-anti-semitism.jpg?ve=1&amp;tl=1, https:\/\/a57.foxnews.com\/static.foxnews.com\/foxnews.com\/content\/uploads\/2025\/10\/1344\/756\/trump-anti-semitism.jpg?ve=1&amp;tl=1 2x\" height=\"378\" width=\"672\"><source media=\"(min-width: 1024px) and (max-width: 1279px)\" srcset=\"https:\/\/a57.foxnews.com\/static.foxnews.com\/foxnews.com\/content\/uploads\/2025\/10\/931\/523\/trump-anti-semitism.jpg?ve=1&amp;tl=1, https:\/\/a57.foxnews.com\/static.foxnews.com\/foxnews.com\/content\/uploads\/2025\/10\/1862\/1046\/trump-anti-semitism.jpg?ve=1&amp;tl=1 2x\" height=\"523\" width=\"931\"><source media=\"(min-width: 1280px)\" srcset=\"https:\/\/a57.foxnews.com\/static.foxnews.com\/foxnews.com\/content\/uploads\/2025\/10\/720\/405\/trump-anti-semitism.jpg?ve=1&amp;tl=1, https:\/\/a57.foxnews.com\/static.foxnews.com\/foxnews.com\/content\/uploads\/2025\/10\/1440\/810\/trump-anti-semitism.jpg?ve=1&amp;tl=1 2x\" height=\"405\" width=\"720\"><img loading=\"lazy\" decoding=\"async\" src=\"https:\/\/a57.foxnews.com\/static.foxnews.com\/foxnews.com\/content\/uploads\/2025\/10\/1200\/675\/trump-anti-semitism.jpg?ve=1&amp;tl=1\" alt=\"Trump se encuentra frente a las banderas israel\u00edes\" width=\"1200\" height=\"675\"\/><\/source><\/source><\/source><\/source><\/picture><\/div>\n<div class=\"info\">\n<div class=\"caption\">\n<p><span>El ex presidente Donald Trump sube al escenario en un evento antisemitismo de lucha con Miriam Adelson en el Club Nacional de Golf de Trump Bedminster el 15 de agosto de 2024 en Bedminster, NJ<\/span> <span>(Adam Gray\/Getty Images)<\/span><\/p>\n<\/div>\n<\/div>\n<\/div>\n<p><strong>Haga clic aqu\u00ed para obtener la aplicaci\u00f3n Fox News<\/strong><\/p>\n<p>Pero Ruhe se\u00f1al\u00f3 que el antisemitismo es una preocupaci\u00f3n creciente en los extremos del espectro pol\u00edtico, impulsando una narraci\u00f3n tanto en el extremo izquierdo como en el extremo derecho.<\/p>\n<p>\u00abTambi\u00e9n hay una normalizaci\u00f3n algo m\u00e1s sutil del antisemitismo en el extremo derecho, por ejemplo, los principales personas influyentes preguntan si necesitamos m\u00e1s contexto para hablar sobre Adolf Hitler y el nazismo\u00bb, dijo Ruhe. \u00abDebe haber un rechazo m\u00e1s grave y claro de nuestros l\u00edderes pol\u00edticos en narraciones como estas\u00bb.<\/p>\n<p> <!----> <\/p>\n<div class=\"article-meta\">\n<div class=\"author-bio\">\n<p>Caitlin McFall es reportero de Fox News Digital Cubting Politics, US y World News.<\/p>\n<\/div>\n<\/div>\n<\/div>\n\n","protected":false},"excerpt":{"rendered":"<p>NUEVO\u00a1Ahora puedes escuchar art\u00edculos de Fox News! La persistente amenaza del antisemitismo fue subrayada el jueves despu\u00e9s de que al menos dos personas fueron asesinadas en un ataque de sinagoga del Reino Unido. La violencia se desarroll\u00f3 cuando millones de jud\u00edos marcaron a Yom Kippur, el d\u00eda m\u00e1s sagrado en su fe, y a medida &hellip;<\/p>\n","protected":false},"author":1,"featured_media":44363,"comment_status":"open","ping_status":"open","sticky":false,"template":"","format":"standard","meta":{"fifu_image_url":"https:\/\/static.foxnews.com\/foxnews.com\/content\/uploads\/2025\/10\/attack-manchester.jpg","fifu_image_alt":"","footnotes":""},"categories":[13],"tags":[],"class_list":["post-44361","post","type-post","status-publish","format-standard","has-post-thumbnail","","category-mundo"],"_links":{"self":[{"href":"https:\/\/noticiasveraces.com\/index.php?rest_route=\/wp\/v2\/posts\/44361","targetHints":{"allow":["GET"]}}],"collection":[{"href":"https:\/\/noticiasveraces.com\/index.php?rest_route=\/wp\/v2\/posts"}],"about":[{"href":"https:\/\/noticiasveraces.com\/index.php?rest_route=\/wp\/v2\/types\/post"}],"author":[{"embeddable":true,"href":"https:\/\/noticiasveraces.com\/index.php?rest_route=\/wp\/v2\/users\/1"}],"replies":[{"embeddable":true,"href":"https:\/\/noticiasveraces.com\/index.php?rest_route=%2Fwp%2Fv2%2Fcomments&post=44361"}],"version-history":[{"count":0,"href":"https:\/\/noticiasveraces.com\/index.php?rest_route=\/wp\/v2\/posts\/44361\/revisions"}],"wp:featuredmedia":[{"embeddable":true,"href":"https:\/\/noticiasveraces.com\/index.php?rest_route=\/wp\/v2\/media\/44363"}],"wp:attachment":[{"href":"https:\/\/noticiasveraces.com\/index.php?rest_route=%2Fwp%2Fv2%2Fmedia&parent=44361"}],"wp:term":[{"taxonomy":"category","embeddable":true,"href":"https:\/\/noticiasveraces.com\/index.php?rest_route=%2Fwp%2Fv2%2Fcategories&post=44361"},{"taxonomy":"post_tag","embeddable":true,"href":"https:\/\/noticiasveraces.com\/index.php?rest_route=%2Fwp%2Fv2%2Ftags&post=44361"}],"curies":[{"name":"wp","href":"https:\/\/api.w.org\/{rel}","templated":true}]}}