{"id":44334,"date":"2025-10-02T11:08:19","date_gmt":"2025-10-02T15:08:19","guid":{"rendered":"https:\/\/noticiasveraces.com\/?p=44334"},"modified":"2025-10-02T11:08:19","modified_gmt":"2025-10-02T15:08:19","slug":"israel-afirma-que-hamas-se-relaciona-con-global-sumud-flotilla-con-destino-a-gaza-strip","status":"publish","type":"post","link":"https:\/\/noticiasveraces.com\/?p=44334","title":{"rendered":"Israel afirma que Hamas se relaciona con Global Sumud Flotilla con destino a Gaza Strip"},"content":{"rendered":"<p> \n<\/p>\n<div>\n<div id=\"beyondwords-wrapper\" class=\"beyondwords-wrapper\">\n<p><span class=\"label-bg\">NUEVO<\/span>\u00a1Ahora puedes escuchar art\u00edculos de Fox News!\n  <\/p>\n<\/div>\n<p class=\"speakable\">Israel dice que tiene pruebas que vinculan a Hamas con la flotilla Global Sumud con destino a la Franja de Gaza con la activista clim\u00e1tica Greta Thunberg a bordo.<\/p>\n<p class=\"speakable\">El Ministerio de Asuntos Exteriores de Israel public\u00f3 documentos el martes que, seg\u00fan dijo, se encontraron en Gaza y \u00abmuestran un v\u00ednculo directo entre los l\u00edderes de la flotilla y la organizaci\u00f3n terrorista de Hamas\u00bb. En un comunicado que anuncia el lanzamiento de los documentos, el ministerio explic\u00f3 que mientras Hamas supervisa las operaciones en Gaza, se basa en la conferencia popular para que los palestinos en el extranjero (PCPA) act\u00faen en el extranjero.<\/p>\n<p>\u00abLa organizaci\u00f3n opera bajo el pretexto de la cobertura civil y es responsable, en nombre de Hamas, por movilizar acciones contra Israel, incluidas manifestaciones violentas, marchas contra Israel y flotillas de demostraci\u00f3n y provocaci\u00f3n\u00bb, dijo el Ministerio de Asuntos Exteriores de Israel en un comunicado.<\/p>\n<p><strong>La flotilla de Greta Thunberg bombardeada con m\u00fasica ABBA despu\u00e9s de las radios secuestradas: Informe<\/strong><\/p>\n<div class=\"image-ct inline\">\n<div class=\"m\"><picture><source media=\"(max-width: 767px)\" srcset=\"https:\/\/a57.foxnews.com\/static.foxnews.com\/foxnews.com\/content\/uploads\/2025\/09\/343\/192\/hamas-israel-flotilla-documents.jpg?ve=1&amp;tl=1, https:\/\/a57.foxnews.com\/static.foxnews.com\/foxnews.com\/content\/uploads\/2025\/09\/686\/384\/hamas-israel-flotilla-documents.jpg?ve=1&amp;tl=1 2x\" height=\"192\" width=\"343\"><source media=\"(min-width: 768px) and (max-width: 1023px)\" srcset=\"https:\/\/a57.foxnews.com\/static.foxnews.com\/foxnews.com\/content\/uploads\/2025\/09\/672\/378\/hamas-israel-flotilla-documents.jpg?ve=1&amp;tl=1, https:\/\/a57.foxnews.com\/static.foxnews.com\/foxnews.com\/content\/uploads\/2025\/09\/1344\/756\/hamas-israel-flotilla-documents.jpg?ve=1&amp;tl=1 2x\" height=\"378\" width=\"672\"><source media=\"(min-width: 1024px) and (max-width: 1279px)\" srcset=\"https:\/\/a57.foxnews.com\/static.foxnews.com\/foxnews.com\/content\/uploads\/2025\/09\/931\/523\/hamas-israel-flotilla-documents.jpg?ve=1&amp;tl=1, https:\/\/a57.foxnews.com\/static.foxnews.com\/foxnews.com\/content\/uploads\/2025\/09\/1862\/1046\/hamas-israel-flotilla-documents.jpg?ve=1&amp;tl=1 2x\" height=\"523\" width=\"931\"><source media=\"(min-width: 1280px)\" srcset=\"https:\/\/a57.foxnews.com\/static.foxnews.com\/foxnews.com\/content\/uploads\/2025\/09\/720\/405\/hamas-israel-flotilla-documents.jpg?ve=1&amp;tl=1, https:\/\/a57.foxnews.com\/static.foxnews.com\/foxnews.com\/content\/uploads\/2025\/09\/1440\/810\/hamas-israel-flotilla-documents.jpg?ve=1&amp;tl=1 2x\" height=\"405\" width=\"720\"><img loading=\"lazy\" decoding=\"async\" src=\"https:\/\/a57.foxnews.com\/static.foxnews.com\/foxnews.com\/content\/uploads\/2025\/09\/1200\/675\/hamas-israel-flotilla-documents.jpg?ve=1&amp;tl=1\" alt=\"Documentos de Hamas supuestamente encontrados en Gaza\" width=\"1200\" height=\"675\"\/><\/source><\/source><\/source><\/source><\/picture><\/div>\n<div class=\"info\">\n<div class=\"caption\">\n<p><span>Israel dice que esta carta muestra lazos entre Hamas y el liderazgo de la flotilla global Sumud.<\/span> <span>(Ministerio de Asuntos Exteriores de Israel)<\/span><\/p>\n<\/div>\n<\/div>\n<\/div>\n<p>PCPA fue designada como una organizaci\u00f3n terrorista por Israel en 2021 debido a sus lazos con Hamas.<\/p>\n<p>El primero de los documentos oficiales que Israel lanz\u00f3 y tradujo fue una carta de 2021 supuestamente de Ismail Haniyeh, quien se desempe\u00f1\u00f3 como jefe de la Oficina Pol\u00edtica de Hamas hasta su asesinato en 2024. En la carta, Haniyeh respalda el PCPA y \u00abdirectamente y expl\u00edcitamente\u00bb llaman a su presidente por \u00abUnidad\u00bb, seg\u00fan Israel.<\/p>\n<div class=\"image-ct inline\">\n<div class=\"m\"><picture><source media=\"(max-width: 767px)\" srcset=\"https:\/\/a57.foxnews.com\/static.foxnews.com\/foxnews.com\/content\/uploads\/2025\/09\/343\/192\/sumud-flotilla-greta-thunberg.jpg?ve=1&amp;tl=1, https:\/\/a57.foxnews.com\/static.foxnews.com\/foxnews.com\/content\/uploads\/2025\/09\/686\/384\/sumud-flotilla-greta-thunberg.jpg?ve=1&amp;tl=1 2x\" height=\"192\" width=\"343\"><source media=\"(min-width: 768px) and (max-width: 1023px)\" srcset=\"https:\/\/a57.foxnews.com\/static.foxnews.com\/foxnews.com\/content\/uploads\/2025\/09\/672\/378\/sumud-flotilla-greta-thunberg.jpg?ve=1&amp;tl=1, https:\/\/a57.foxnews.com\/static.foxnews.com\/foxnews.com\/content\/uploads\/2025\/09\/1344\/756\/sumud-flotilla-greta-thunberg.jpg?ve=1&amp;tl=1 2x\" height=\"378\" width=\"672\"><source media=\"(min-width: 1024px) and (max-width: 1279px)\" srcset=\"https:\/\/a57.foxnews.com\/static.foxnews.com\/foxnews.com\/content\/uploads\/2025\/09\/931\/523\/sumud-flotilla-greta-thunberg.jpg?ve=1&amp;tl=1, https:\/\/a57.foxnews.com\/static.foxnews.com\/foxnews.com\/content\/uploads\/2025\/09\/1862\/1046\/sumud-flotilla-greta-thunberg.jpg?ve=1&amp;tl=1 2x\" height=\"523\" width=\"931\"><source media=\"(min-width: 1280px)\" srcset=\"https:\/\/a57.foxnews.com\/static.foxnews.com\/foxnews.com\/content\/uploads\/2025\/09\/720\/405\/sumud-flotilla-greta-thunberg.jpg?ve=1&amp;tl=1, https:\/\/a57.foxnews.com\/static.foxnews.com\/foxnews.com\/content\/uploads\/2025\/09\/1440\/810\/sumud-flotilla-greta-thunberg.jpg?ve=1&amp;tl=1 2x\" height=\"405\" width=\"720\"><img loading=\"lazy\" decoding=\"async\" src=\"https:\/\/a57.foxnews.com\/static.foxnews.com\/foxnews.com\/content\/uploads\/2025\/09\/1200\/675\/sumud-flotilla-greta-thunberg.jpg?ve=1&amp;tl=1\" alt=\"Greta Thunberg participando en la flotilla Global Sumud\" width=\"1200\" height=\"675\"\/><\/source><\/source><\/source><\/source><\/picture><\/div>\n<div class=\"info\">\n<div class=\"caption\">\n<p><span>Greta Thunberg y un miembro de la tripulaci\u00f3n flash Signs de su barco, parte de la flotilla global Sumud con el objetivo de llegar a Gaza y romper el bloqueo naval de Israel, mientras navegan en Creta Island, Grecia, el 25 de septiembre de 2025. <\/span> <span>(Stefanos Rapanis\/Reuters)<\/span><\/p>\n<\/div>\n<\/div>\n<\/div>\n<p><strong>Greta Thunberg Flotilla no descargar\u00e1 nada en las playas de Gaza, advierte experto<\/strong><\/p>\n<p>El segundo documento enumera los nombres de los operativos de PCPA, algunos de los cuales Israel dice que son \u00abagentes de Hamas conocidos de alto rango\u00bb. Uno de los nombrados en la lista es Zaher Birawi, quien Israel dice que es el jefe de PCPA en el Reino Unido y es conocido por organizar flotillas de protesta. <\/p>\n<p>The Times of Israel inform\u00f3 que Birawi se desempe\u00f1\u00f3 como portavoz de la flotilla Mavi Marmara de 2010 Turqu\u00eda.<\/p>\n<p>Israel tambi\u00e9n identific\u00f3 a Saif Abu Kashk como una de las personas en la lista y dijo que \u00e9l es el CEO de Cyber \u200b\u200bNeptuno. Seg\u00fan los informes, la compa\u00f1\u00eda cambi\u00f3 su prop\u00f3sito corporativo de bienes ra\u00edces a transferencia mar\u00edtima de personas y bienes, seg\u00fan Euro News, que se\u00f1al\u00f3 que Abu Kashk se hizo cargo de la organizaci\u00f3n d\u00edas antes de la partida del GSF.<\/p>\n<p>Adem\u00e1s de los documentos, Israel lanz\u00f3 varias im\u00e1genes de Birawi con los l\u00edderes de Hamas y una de \u00e9l con Thunberg.<\/p>\n<div class=\"image-ct inline\">\n<div class=\"m\"><picture><source media=\"(max-width: 767px)\" srcset=\"https:\/\/a57.foxnews.com\/static.foxnews.com\/foxnews.com\/content\/uploads\/2025\/09\/343\/192\/zaher-birawi-greta-thunberg-israel-flotilla-gaza.jpg?ve=1&amp;tl=1, https:\/\/a57.foxnews.com\/static.foxnews.com\/foxnews.com\/content\/uploads\/2025\/09\/686\/384\/zaher-birawi-greta-thunberg-israel-flotilla-gaza.jpg?ve=1&amp;tl=1 2x\" height=\"192\" width=\"343\"><source media=\"(min-width: 768px) and (max-width: 1023px)\" srcset=\"https:\/\/a57.foxnews.com\/static.foxnews.com\/foxnews.com\/content\/uploads\/2025\/09\/672\/378\/zaher-birawi-greta-thunberg-israel-flotilla-gaza.jpg?ve=1&amp;tl=1, https:\/\/a57.foxnews.com\/static.foxnews.com\/foxnews.com\/content\/uploads\/2025\/09\/1344\/756\/zaher-birawi-greta-thunberg-israel-flotilla-gaza.jpg?ve=1&amp;tl=1 2x\" height=\"378\" width=\"672\"><source media=\"(min-width: 1024px) and (max-width: 1279px)\" srcset=\"https:\/\/a57.foxnews.com\/static.foxnews.com\/foxnews.com\/content\/uploads\/2025\/09\/931\/523\/zaher-birawi-greta-thunberg-israel-flotilla-gaza.jpg?ve=1&amp;tl=1, https:\/\/a57.foxnews.com\/static.foxnews.com\/foxnews.com\/content\/uploads\/2025\/09\/1862\/1046\/zaher-birawi-greta-thunberg-israel-flotilla-gaza.jpg?ve=1&amp;tl=1 2x\" height=\"523\" width=\"931\"><source media=\"(min-width: 1280px)\" srcset=\"https:\/\/a57.foxnews.com\/static.foxnews.com\/foxnews.com\/content\/uploads\/2025\/09\/720\/405\/zaher-birawi-greta-thunberg-israel-flotilla-gaza.jpg?ve=1&amp;tl=1, https:\/\/a57.foxnews.com\/static.foxnews.com\/foxnews.com\/content\/uploads\/2025\/09\/1440\/810\/zaher-birawi-greta-thunberg-israel-flotilla-gaza.jpg?ve=1&amp;tl=1 2x\" height=\"405\" width=\"720\"><img loading=\"lazy\" decoding=\"async\" src=\"https:\/\/a57.foxnews.com\/static.foxnews.com\/foxnews.com\/content\/uploads\/2025\/09\/1200\/675\/zaher-birawi-greta-thunberg-israel-flotilla-gaza.jpg?ve=1&amp;tl=1\" alt=\"Greta Thunberg con Zaher Birawi\" width=\"1200\" height=\"675\"\/><\/source><\/source><\/source><\/source><\/picture><\/div>\n<div class=\"info\">\n<div class=\"caption\">\n<p><span>Greta Thunberg con Zaher Birawi (segundo desde la izquierda), a quien Israel dice que est\u00e1 vinculado a Hamas.<\/span> <span>(Ministerio de Asuntos Exteriores de Israel)<\/span><\/p>\n<\/div>\n<\/div>\n<\/div>\n<p><strong><u>Haga clic aqu\u00ed para obtener la aplicaci\u00f3n Fox News<\/u><\/strong><\/p>\n<p>Thunberg, que salt\u00f3 a la fama de su activismo clim\u00e1tico cuando era ni\u00f1a, ha negado repetidamente los lazos entre Hamas y las manifestaciones de Flotilla. Sin embargo, junto con los documentos oficiales, Israel descubri\u00f3 im\u00e1genes del activista con Birawi.<\/p>\n<p>\u00abLos documentos mostrados por Israel no demuestran que el financiamiento de Hamas ni el control sobre la flotilla global de Sumud\u00bb, dijo la portavoz de GSF, Maria Elena Delia, seg\u00fan un comunicado publicado a la agencia de noticias ANSA, seg\u00fan Euro News.<\/p>\n<p>El embajador de los Estados Unidos ante Israel Mike Huckabee reaccion\u00f3 a la revelaci\u00f3n de los documentos que dicen: \u00abEsperemos que los medios no caigan en otro truco de propaganda por Hamas Stooges como Greta. Greta, \u00a1deber\u00edas conocer a Betta!\u00bb<\/p>\n<p>Thunberg particip\u00f3 en otro esfuerzo de Flotilla a principios de este a\u00f1o, que termin\u00f3 con su deportada de Israel despu\u00e9s de que las fuerzas navales del pa\u00eds detuvieron al barco.<\/p>\n<p>Fox News Digital contact\u00f3 a GSF para hacer comentarios, pero no recibi\u00f3 inmediatamente una respuesta.<\/p>\n<p> <!----> <\/p>\n<div class=\"article-meta\">\n<div class=\"author-bio\">\n<p>Rachel Wolf es una escritora de noticias de Fox News Digital y Fox Business.<\/p>\n<\/div>\n<\/div>\n<\/div>\n\n","protected":false},"excerpt":{"rendered":"<p>NUEVO\u00a1Ahora puedes escuchar art\u00edculos de Fox News! Israel dice que tiene pruebas que vinculan a Hamas con la flotilla Global Sumud con destino a la Franja de Gaza con la activista clim\u00e1tica Greta Thunberg a bordo. El Ministerio de Asuntos Exteriores de Israel public\u00f3 documentos el martes que, seg\u00fan dijo, se encontraron en Gaza y &hellip;<\/p>\n","protected":false},"author":1,"featured_media":44336,"comment_status":"open","ping_status":"open","sticky":false,"template":"","format":"standard","meta":{"fifu_image_url":"https:\/\/static.foxnews.com\/foxnews.com\/content\/uploads\/2025\/09\/sumud-flotilla-greta-thunberg.jpg","fifu_image_alt":"","footnotes":""},"categories":[13],"tags":[],"class_list":["post-44334","post","type-post","status-publish","format-standard","has-post-thumbnail","","category-mundo"],"_links":{"self":[{"href":"https:\/\/noticiasveraces.com\/index.php?rest_route=\/wp\/v2\/posts\/44334","targetHints":{"allow":["GET"]}}],"collection":[{"href":"https:\/\/noticiasveraces.com\/index.php?rest_route=\/wp\/v2\/posts"}],"about":[{"href":"https:\/\/noticiasveraces.com\/index.php?rest_route=\/wp\/v2\/types\/post"}],"author":[{"embeddable":true,"href":"https:\/\/noticiasveraces.com\/index.php?rest_route=\/wp\/v2\/users\/1"}],"replies":[{"embeddable":true,"href":"https:\/\/noticiasveraces.com\/index.php?rest_route=%2Fwp%2Fv2%2Fcomments&post=44334"}],"version-history":[{"count":0,"href":"https:\/\/noticiasveraces.com\/index.php?rest_route=\/wp\/v2\/posts\/44334\/revisions"}],"wp:featuredmedia":[{"embeddable":true,"href":"https:\/\/noticiasveraces.com\/index.php?rest_route=\/wp\/v2\/media\/44336"}],"wp:attachment":[{"href":"https:\/\/noticiasveraces.com\/index.php?rest_route=%2Fwp%2Fv2%2Fmedia&parent=44334"}],"wp:term":[{"taxonomy":"category","embeddable":true,"href":"https:\/\/noticiasveraces.com\/index.php?rest_route=%2Fwp%2Fv2%2Fcategories&post=44334"},{"taxonomy":"post_tag","embeddable":true,"href":"https:\/\/noticiasveraces.com\/index.php?rest_route=%2Fwp%2Fv2%2Ftags&post=44334"}],"curies":[{"name":"wp","href":"https:\/\/api.w.org\/{rel}","templated":true}]}}