{"id":44317,"date":"2025-10-02T08:55:06","date_gmt":"2025-10-02T12:55:06","guid":{"rendered":"https:\/\/noticiasveraces.com\/?p=44317"},"modified":"2025-10-02T08:55:06","modified_gmt":"2025-10-02T12:55:06","slug":"israel-intercepta-39-vasos-de-gaza-aid-flotilla-detiene-a-greta-thunberg","status":"publish","type":"post","link":"https:\/\/noticiasveraces.com\/?p=44317","title":{"rendered":"Israel intercepta 39 vasos de Gaza Aid Flotilla, detiene a Greta Thunberg"},"content":{"rendered":"<p> \n<\/p>\n<div>\n<div id=\"beyondwords-wrapper\" class=\"beyondwords-wrapper\">\n<p><span class=\"label-bg\">NUEVO<\/span>\u00a1Ahora puedes escuchar art\u00edculos de Fox News!\n  <\/p>\n<\/div>\n<p class=\"speakable\">Las fuerzas navales israel\u00edes interceptaron 39 vasos de una flotilla de ayuda con destino a Gaza el jueves, deteniendo a docenas de activistas, incluida la activista clim\u00e1tica internacional Greta Thunberg y varios legisladores europeos, inform\u00f3 Associated Press.<\/p>\n<p class=\"speakable\">La flotilla global Sumud, que se dirigi\u00f3 a trav\u00e9s del Mediterr\u00e1neo con m\u00e1s de 40 barcos que transportaban a unos 500 activistas, fue el m\u00e1s grande que ha intentado romper el bloqueo del enclave de Israel, seg\u00fan el AP.<\/p>\n<p>Desde entonces, la flotilla se ha reducido a un solo recipiente que todav\u00eda se dirige hacia Gaza. Los organizadores del global Sumud Flotilla dijeron en X que el bote fue rastreado por \u00faltima vez a solo unas pocas millas de la costa de Gaza antes de que se perdiera el contacto. Los activistas le dijeron a la AP que cre\u00edan que el tama\u00f1o de la flotilla dificultar\u00eda que las fuerzas israel\u00edes interceptaran cada buque. <\/p>\n<p>Las fotos y las im\u00e1genes de vigilancia capturaron en el momento en que los soldados israel\u00edes en cascos y gafas de visi\u00f3n nocturna abordaron la flotilla. Una foto del Ministerio de Relaciones Exteriores israel\u00ed mostr\u00f3 a Thunberg, el m\u00e1s destacado de los pasajeros de la flotilla, acompa\u00f1ado por soldados despu\u00e9s de la intercepci\u00f3n. Funcionarios israel\u00edes dijeron que los detenidos incluyeron a Thunberg, al ex alcalde de Barcelona Ada Colau y al miembro del parlamento europeo Rima Hassan, seg\u00fan la AP.<\/p>\n<p><strong><u>Israel afirma que la flotilla de Greta Thunberg que busca romper el bloqueo de Gaza tiene los lazos de Hamas, cita documentos<\/u><\/strong><\/p>\n<div class=\"image-ct inline\">\n<div class=\"m\"><picture><source media=\"(max-width: 767px)\" srcset=\"https:\/\/a57.foxnews.com\/static.foxnews.com\/foxnews.com\/content\/uploads\/2025\/10\/343\/192\/greta-thunberg-israel-gaza-blockade.jpg?ve=1&amp;tl=1, https:\/\/a57.foxnews.com\/static.foxnews.com\/foxnews.com\/content\/uploads\/2025\/10\/686\/384\/greta-thunberg-israel-gaza-blockade.jpg?ve=1&amp;tl=1 2x\" height=\"192\" width=\"343\"><source media=\"(min-width: 768px) and (max-width: 1023px)\" srcset=\"https:\/\/a57.foxnews.com\/static.foxnews.com\/foxnews.com\/content\/uploads\/2025\/10\/672\/378\/greta-thunberg-israel-gaza-blockade.jpg?ve=1&amp;tl=1, https:\/\/a57.foxnews.com\/static.foxnews.com\/foxnews.com\/content\/uploads\/2025\/10\/1344\/756\/greta-thunberg-israel-gaza-blockade.jpg?ve=1&amp;tl=1 2x\" height=\"378\" width=\"672\"><source media=\"(min-width: 1024px) and (max-width: 1279px)\" srcset=\"https:\/\/a57.foxnews.com\/static.foxnews.com\/foxnews.com\/content\/uploads\/2025\/10\/931\/523\/greta-thunberg-israel-gaza-blockade.jpg?ve=1&amp;tl=1, https:\/\/a57.foxnews.com\/static.foxnews.com\/foxnews.com\/content\/uploads\/2025\/10\/1862\/1046\/greta-thunberg-israel-gaza-blockade.jpg?ve=1&amp;tl=1 2x\" height=\"523\" width=\"931\"><source media=\"(min-width: 1280px)\" srcset=\"https:\/\/a57.foxnews.com\/static.foxnews.com\/foxnews.com\/content\/uploads\/2025\/10\/720\/405\/greta-thunberg-israel-gaza-blockade.jpg?ve=1&amp;tl=1, https:\/\/a57.foxnews.com\/static.foxnews.com\/foxnews.com\/content\/uploads\/2025\/10\/1440\/810\/greta-thunberg-israel-gaza-blockade.jpg?ve=1&amp;tl=1 2x\" height=\"405\" width=\"720\"><img loading=\"lazy\" decoding=\"async\" src=\"https:\/\/a57.foxnews.com\/static.foxnews.com\/foxnews.com\/content\/uploads\/2025\/10\/1200\/675\/greta-thunberg-israel-gaza-blockade.jpg?ve=1&amp;tl=1\" alt=\"Greta Thunberg, con una camisa negra y una bufanda Keffiyeh, se sienta cerca de un soldado israel\u00ed en equipo t\u00e1ctico.\" width=\"1200\" height=\"675\"\/><\/source><\/source><\/source><\/source><\/picture><\/div>\n<div class=\"info\">\n<div class=\"caption\">\n<p><span>La activista clim\u00e1tica Greta Thunberg se sienta cerca de un soldado israel\u00ed despu\u00e9s de que las fuerzas navales israel\u00ed interceptaron una flotilla con destino a Gaza.<\/span> <span>(Ministerio de Relaciones Exteriores de Israel)<\/span><\/p>\n<\/div>\n<\/div>\n<\/div>\n<p>El Ministerio de Relaciones Exteriores israel\u00ed dijo en X que los activistas estaban \u00abseguros y en buena salud\u00bb y ser\u00edan transferidos a Israel para ser deportados a Europa.<\/p>\n<p>\u00abLa provocaci\u00f3n de Hamas-Sumud ha terminado\u00bb, dijo el Ministerio de Relaciones Exteriores de Israel en un puesto el jueves X. \u00abNinguno de los yates de provocaci\u00f3n de Hamas-Sumud ha tenido \u00e9xito en su intento de ingresar a una zona de combate activa o violar el bloqueo naval legal. Todos los pasajeros est\u00e1n a salvo y en buena salud. Est\u00e1n llegando a Israel a Israel de manera segura, desde donde ser\u00e1n deportados a Europa\u00bb.<\/p>\n<p>\u00abUna \u00faltima embarcaci\u00f3n de esta provocaci\u00f3n permanece a distancia\u00bb, agreg\u00f3 la publicaci\u00f3n. \u00abSi se acerca, tambi\u00e9n se evitar\u00e1 su intento de ingresar a una zona de combate activa y violar el bloqueo\u00bb.<\/p>\n<p><strong><u>Meloni de Italia dice que Gaza Flotilla arriesga la escalada, podr\u00eda \u00abexplotar\u00bb el posible acuerdo de alto el fuego<\/u><\/strong><\/p>\n<div class=\"image-ct inline\">\n<div class=\"m\"><picture><source media=\"(max-width: 767px)\" srcset=\"https:\/\/a57.foxnews.com\/static.foxnews.com\/foxnews.com\/content\/uploads\/2025\/10\/343\/192\/israel-blockade-2.jpg?ve=1&amp;tl=1, https:\/\/a57.foxnews.com\/static.foxnews.com\/foxnews.com\/content\/uploads\/2025\/10\/686\/384\/israel-blockade-2.jpg?ve=1&amp;tl=1 2x\" height=\"192\" width=\"343\"><source media=\"(min-width: 768px) and (max-width: 1023px)\" srcset=\"https:\/\/a57.foxnews.com\/static.foxnews.com\/foxnews.com\/content\/uploads\/2025\/10\/672\/378\/israel-blockade-2.jpg?ve=1&amp;tl=1, https:\/\/a57.foxnews.com\/static.foxnews.com\/foxnews.com\/content\/uploads\/2025\/10\/1344\/756\/israel-blockade-2.jpg?ve=1&amp;tl=1 2x\" height=\"378\" width=\"672\"><source media=\"(min-width: 1024px) and (max-width: 1279px)\" srcset=\"https:\/\/a57.foxnews.com\/static.foxnews.com\/foxnews.com\/content\/uploads\/2025\/10\/931\/523\/israel-blockade-2.jpg?ve=1&amp;tl=1, https:\/\/a57.foxnews.com\/static.foxnews.com\/foxnews.com\/content\/uploads\/2025\/10\/1862\/1046\/israel-blockade-2.jpg?ve=1&amp;tl=1 2x\" height=\"523\" width=\"931\"><source media=\"(min-width: 1280px)\" srcset=\"https:\/\/a57.foxnews.com\/static.foxnews.com\/foxnews.com\/content\/uploads\/2025\/10\/720\/405\/israel-blockade-2.jpg?ve=1&amp;tl=1, https:\/\/a57.foxnews.com\/static.foxnews.com\/foxnews.com\/content\/uploads\/2025\/10\/1440\/810\/israel-blockade-2.jpg?ve=1&amp;tl=1 2x\" height=\"405\" width=\"720\"><img loading=\"lazy\" decoding=\"async\" src=\"https:\/\/a57.foxnews.com\/static.foxnews.com\/foxnews.com\/content\/uploads\/2025\/10\/1200\/675\/israel-blockade-2.jpg?ve=1&amp;tl=1\" alt=\"M\u00faltiples soldados israel\u00edes en equipo t\u00e1ctico se suben a la cubierta de un velero durante una redada de la ma\u00f1ana.\" width=\"1200\" height=\"675\"\/><\/source><\/source><\/source><\/source><\/picture><\/div>\n<div class=\"info\">\n<div class=\"caption\">\n<p><span>Las fuerzas israel\u00edes asaltaron un buque global de flotilla Sumud el 2 de octubre de 2025, mientras el bote intentaba navegar hacia Gaza.<\/span> <span>(Global Sumud Flotilla a trav\u00e9s de AP)<\/span><\/p>\n<\/div>\n<\/div>\n<\/div>\n<p>La noticia de la intercepci\u00f3n tambi\u00e9n provoc\u00f3 la condena y provoc\u00f3 manifestaciones en ciudades como Roma, N\u00e1poles, Estambul, Atenas y Buenos Aires, dijo la AP. El sindicato m\u00e1s grande de Italia anunci\u00f3 una huelga general de un d\u00eda para el viernes en protesta, mientras que se esperaban m\u00e1s manifestaciones en todo el mundo el jueves, agreg\u00f3 la salida.<\/p>\n<div class=\"image-ct inline\">\n<div class=\"m\"><picture><source media=\"(max-width: 767px)\" srcset=\"https:\/\/a57.foxnews.com\/static.foxnews.com\/foxnews.com\/content\/uploads\/2025\/10\/343\/192\/aid-flotilla-greta-thunberg.jpg?ve=1&amp;tl=1, https:\/\/a57.foxnews.com\/static.foxnews.com\/foxnews.com\/content\/uploads\/2025\/10\/686\/384\/aid-flotilla-greta-thunberg.jpg?ve=1&amp;tl=1 2x\" height=\"192\" width=\"343\"><source media=\"(min-width: 768px) and (max-width: 1023px)\" srcset=\"https:\/\/a57.foxnews.com\/static.foxnews.com\/foxnews.com\/content\/uploads\/2025\/10\/672\/378\/aid-flotilla-greta-thunberg.jpg?ve=1&amp;tl=1, https:\/\/a57.foxnews.com\/static.foxnews.com\/foxnews.com\/content\/uploads\/2025\/10\/1344\/756\/aid-flotilla-greta-thunberg.jpg?ve=1&amp;tl=1 2x\" height=\"378\" width=\"672\"><source media=\"(min-width: 1024px) and (max-width: 1279px)\" srcset=\"https:\/\/a57.foxnews.com\/static.foxnews.com\/foxnews.com\/content\/uploads\/2025\/10\/931\/523\/aid-flotilla-greta-thunberg.jpg?ve=1&amp;tl=1, https:\/\/a57.foxnews.com\/static.foxnews.com\/foxnews.com\/content\/uploads\/2025\/10\/1862\/1046\/aid-flotilla-greta-thunberg.jpg?ve=1&amp;tl=1 2x\" height=\"523\" width=\"931\"><source media=\"(min-width: 1280px)\" srcset=\"https:\/\/a57.foxnews.com\/static.foxnews.com\/foxnews.com\/content\/uploads\/2025\/10\/720\/405\/aid-flotilla-greta-thunberg.jpg?ve=1&amp;tl=1, https:\/\/a57.foxnews.com\/static.foxnews.com\/foxnews.com\/content\/uploads\/2025\/10\/1440\/810\/aid-flotilla-greta-thunberg.jpg?ve=1&amp;tl=1 2x\" height=\"405\" width=\"720\"><img loading=\"lazy\" decoding=\"async\" src=\"https:\/\/a57.foxnews.com\/static.foxnews.com\/foxnews.com\/content\/uploads\/2025\/10\/1200\/675\/aid-flotilla-greta-thunberg.jpg?ve=1&amp;tl=1\" alt=\"Un grupo de activistas pro-palestinos se sientan dentro de un bote, algunos sonrientes y con chalecos salvavidas; Otra foto muestra a Greta Thunberg sentada entre los activistas que usan chalecos salvavidas.\" width=\"1200\" height=\"675\"\/><\/source><\/source><\/source><\/source><\/picture><\/div>\n<div class=\"info\">\n<div class=\"caption\">\n<p><span>Los activistas anti-Israel a bordo de la flotilla global Sumud, incluida la activista clim\u00e1tica Greta Thunberg, antes de que las fuerzas israel\u00edes intercepten los vasos.<\/span> <span>(Ministerio de Relaciones Exteriores israel\u00ed)<\/span><\/p>\n<\/div>\n<\/div>\n<\/div>\n<p><strong><u>Haga clic aqu\u00ed para obtener la aplicaci\u00f3n Fox News<\/u><\/strong><\/p>\n<p>La flotilla es parte de una serie de esfuerzos internacionales para desafiar el bloqueo de Israel, que ha estado vigente desde 2007 despu\u00e9s de que Hamas tom\u00f3 el control de Gaza. Los intentos anteriores de las flotillas activistas de romper el bloqueo han fallado en gran medida y, a veces, provocaron enfrentamientos mortales, incluso durante la redada de Freedilla Gaza Freedom 2010.<\/p>\n<p>Las Fuerzas de Defensa de Israel (IDF) y la Flotilla Global Sumud no respondieron de inmediato a una solicitud de comentarios de Fox News Digital. <\/p>\n<p> <!----> <\/p>\n<div class=\"article-meta\">\n<div class=\"author-bio\">\n<p>Bonny Chu es un asistente de producci\u00f3n digital en Fox News Digital.<\/p>\n<\/div>\n<\/div>\n<\/div>\n\n","protected":false},"excerpt":{"rendered":"<p>NUEVO\u00a1Ahora puedes escuchar art\u00edculos de Fox News! Las fuerzas navales israel\u00edes interceptaron 39 vasos de una flotilla de ayuda con destino a Gaza el jueves, deteniendo a docenas de activistas, incluida la activista clim\u00e1tica internacional Greta Thunberg y varios legisladores europeos, inform\u00f3 Associated Press. La flotilla global Sumud, que se dirigi\u00f3 a trav\u00e9s del Mediterr\u00e1neo &hellip;<\/p>\n","protected":false},"author":1,"featured_media":44319,"comment_status":"open","ping_status":"open","sticky":false,"template":"","format":"standard","meta":{"fifu_image_url":"https:\/\/static.foxnews.com\/foxnews.com\/content\/uploads\/2025\/10\/greta-thunberg-flotilla.jpg","fifu_image_alt":"","footnotes":""},"categories":[13],"tags":[],"class_list":["post-44317","post","type-post","status-publish","format-standard","has-post-thumbnail","","category-mundo"],"_links":{"self":[{"href":"https:\/\/noticiasveraces.com\/index.php?rest_route=\/wp\/v2\/posts\/44317","targetHints":{"allow":["GET"]}}],"collection":[{"href":"https:\/\/noticiasveraces.com\/index.php?rest_route=\/wp\/v2\/posts"}],"about":[{"href":"https:\/\/noticiasveraces.com\/index.php?rest_route=\/wp\/v2\/types\/post"}],"author":[{"embeddable":true,"href":"https:\/\/noticiasveraces.com\/index.php?rest_route=\/wp\/v2\/users\/1"}],"replies":[{"embeddable":true,"href":"https:\/\/noticiasveraces.com\/index.php?rest_route=%2Fwp%2Fv2%2Fcomments&post=44317"}],"version-history":[{"count":0,"href":"https:\/\/noticiasveraces.com\/index.php?rest_route=\/wp\/v2\/posts\/44317\/revisions"}],"wp:featuredmedia":[{"embeddable":true,"href":"https:\/\/noticiasveraces.com\/index.php?rest_route=\/wp\/v2\/media\/44319"}],"wp:attachment":[{"href":"https:\/\/noticiasveraces.com\/index.php?rest_route=%2Fwp%2Fv2%2Fmedia&parent=44317"}],"wp:term":[{"taxonomy":"category","embeddable":true,"href":"https:\/\/noticiasveraces.com\/index.php?rest_route=%2Fwp%2Fv2%2Fcategories&post=44317"},{"taxonomy":"post_tag","embeddable":true,"href":"https:\/\/noticiasveraces.com\/index.php?rest_route=%2Fwp%2Fv2%2Ftags&post=44317"}],"curies":[{"name":"wp","href":"https:\/\/api.w.org\/{rel}","templated":true}]}}