{"id":44220,"date":"2025-09-24T08:26:17","date_gmt":"2025-09-24T12:26:17","guid":{"rendered":"https:\/\/noticiasveraces.com\/?p=44220"},"modified":"2025-09-24T08:26:17","modified_gmt":"2025-09-24T12:26:17","slug":"el-autismo-diagnostica-el-aumento-de-los-expertos-a-medida-que-los-expertos-citan-una-mayor-conciencia-sobre-la-epidemia","status":"publish","type":"post","link":"https:\/\/noticiasveraces.com\/?p=44220","title":{"rendered":"El autismo diagnostica el aumento de los expertos a medida que los expertos citan una mayor conciencia sobre la epidemia"},"content":{"rendered":"<p> \n<\/p>\n<div>\n<div id=\"beyondwords-wrapper\" class=\"beyondwords-wrapper\">\n<p><span class=\"label-bg\">NUEVO<\/span>\u00a1Ahora puedes escuchar art\u00edculos de Fox News!\n  <\/p>\n<\/div>\n<p class=\"speakable\">Los amplios anuncios de autismo del lunes han provocado conversaciones m\u00e1s profundas sobre el trastorno neurol\u00f3gico generalizado.<\/p>\n<p class=\"speakable\">Funcionarios de salud hablaron durante una conferencia de prensa en Washington, DC, sobre posibles causas, orientaci\u00f3n de vacuna y el potencial de que un medicamento contra el c\u00e1ncer se duplique como terapia de autismo.<\/p>\n<p>Los diagn\u00f3sticos de autismo han aumentado constantemente en las \u00faltimas d\u00e9cadas, seg\u00fan los Centros para el Control y la Prevenci\u00f3n de Enfermedades. <\/p>\n<p><strong><u>El espectro autista en adultos ha pasado por alto los s\u00edntomas, los expertos advierten<\/u><\/strong><\/p>\n<p>\u00abEn la d\u00e9cada de 1970, el autismo se consideraba raro, tal vez 1 de cada 5,000 a 10,000 ni\u00f1os\u00bb, dijo Steven Quay, MD, Ph.D., un m\u00e9dico cient\u00edfico y fundador de Atessa Therapeutics en Seattle, Washington, a Fox News Digital.<\/p>\n<p>En el a\u00f1o 2000, se estima que uno de cada 150 ni\u00f1os de 8 a\u00f1os ten\u00eda el trastorno. Para 2010, ese n\u00famero hab\u00eda aumentado a uno en 68, y para 2022, uno de cada 31 ni\u00f1os fue diagnosticado.<\/p>\n<div class=\"image-ct inline\">\n<div class=\"m\"><picture><source media=\"(max-width: 767px)\" srcset=\"https:\/\/a57.foxnews.com\/static.foxnews.com\/foxnews.com\/content\/uploads\/2025\/09\/343\/192\/therapist-boy-with-autism.jpg?ve=1&amp;tl=1, https:\/\/a57.foxnews.com\/static.foxnews.com\/foxnews.com\/content\/uploads\/2025\/09\/686\/384\/therapist-boy-with-autism.jpg?ve=1&amp;tl=1 2x\" height=\"192\" width=\"343\"><source media=\"(min-width: 768px) and (max-width: 1023px)\" srcset=\"https:\/\/a57.foxnews.com\/static.foxnews.com\/foxnews.com\/content\/uploads\/2025\/09\/672\/378\/therapist-boy-with-autism.jpg?ve=1&amp;tl=1, https:\/\/a57.foxnews.com\/static.foxnews.com\/foxnews.com\/content\/uploads\/2025\/09\/1344\/756\/therapist-boy-with-autism.jpg?ve=1&amp;tl=1 2x\" height=\"378\" width=\"672\"><source media=\"(min-width: 1024px) and (max-width: 1279px)\" srcset=\"https:\/\/a57.foxnews.com\/static.foxnews.com\/foxnews.com\/content\/uploads\/2025\/09\/931\/523\/therapist-boy-with-autism.jpg?ve=1&amp;tl=1, https:\/\/a57.foxnews.com\/static.foxnews.com\/foxnews.com\/content\/uploads\/2025\/09\/1862\/1046\/therapist-boy-with-autism.jpg?ve=1&amp;tl=1 2x\" height=\"523\" width=\"931\"><source media=\"(min-width: 1280px)\" srcset=\"https:\/\/a57.foxnews.com\/static.foxnews.com\/foxnews.com\/content\/uploads\/2025\/09\/720\/405\/therapist-boy-with-autism.jpg?ve=1&amp;tl=1, https:\/\/a57.foxnews.com\/static.foxnews.com\/foxnews.com\/content\/uploads\/2025\/09\/1440\/810\/therapist-boy-with-autism.jpg?ve=1&amp;tl=1 2x\" height=\"405\" width=\"720\"><img loading=\"lazy\" decoding=\"async\" src=\"https:\/\/a57.foxnews.com\/static.foxnews.com\/foxnews.com\/content\/uploads\/2025\/09\/1200\/675\/therapist-boy-with-autism.jpg?ve=1&amp;tl=1\" alt=\"Terapeuta con un ni\u00f1o con autismo\" width=\"1200\" height=\"675\"\/><\/source><\/source><\/source><\/source><\/picture><\/div>\n<div class=\"info\">\n<div class=\"caption\">\n<p><span>Los diagn\u00f3sticos de autismo han aumentado constantemente en las \u00faltimas d\u00e9cadas, seg\u00fan los Centros para el Control y la Prevenci\u00f3n de Enfermedades. <\/span> <span>(Istock)<\/span><\/p>\n<\/div>\n<\/div>\n<\/div>\n<p>\u00abEl autismo ya no es una condici\u00f3n poco com\u00fan escondida en los libros de texto psiqui\u00e1tricos\u00bb, dijo Quay. \u00abEs parte del tejido diario de escuelas, cl\u00ednicas y familias en todas partes\u00bb.<\/p>\n<p>El Dr. Aggie Papazyan, un psic\u00f3logo con sede en Los \u00c1ngeles especializado en el trastorno del espectro autista, se\u00f1al\u00f3 que la prevalencia del autismo tambi\u00e9n ha aumentado a nivel mundial.<\/p>\n<p><strong><u>El medicamento contra el c\u00e1ncer podr\u00eda duplicarse como terapia de autismo, y est\u00e1 listo para la aprobaci\u00f3n de la FDA<\/u><\/strong><\/p>\n<p>\u00abEstas tarifas var\u00edan seg\u00fan la regi\u00f3n\u00bb, dijo a Fox News Digital. \u00abEn muchos lugares, especialmente en entornos de mayores ingresos con recursos de diagn\u00f3stico y salud m\u00e1s robustos, las estimaciones de prevalencia han aumentado\u00bb.<\/p>\n<p>Agreg\u00f3: \u00abSin embargo, es importante tener en cuenta que c\u00f3mo se mide el autismo hace una gran diferencia\u00bb.<\/p>\n<h2><strong>Conciencia vs. epidemia<\/strong><\/h2>\n<p>Los CDC han se\u00f1alado que la identificaci\u00f3n mejorada del autismo podr\u00eda ser parte del aumento, pero que otros factores tambi\u00e9n podr\u00edan entrar en juego.<\/p>\n<p>Hace d\u00e9cadas, muchas personas autistas fueron \u00abperdidas, diagnosticadas mal o etiquetadas de manera diferente\u00bb, dijo Papazyan.<\/p>\n<blockquote class=\"pull-quote\">\n<p class=\"quote-text\">\u00abNo parece haber un aumento repentino en la incidencia biol\u00f3gica\u00bb.<\/p>\n<p> <!----><\/p><\/blockquote>\n<p>\u00abCon el tiempo, a medida que la conciencia ha crecido, las definiciones de diagn\u00f3stico se expandieron y la detecci\u00f3n se volvi\u00f3 un poco m\u00e1s rutinaria, por lo que no es una sorpresa ver m\u00e1s diagn\u00f3sticos de autismo\u00bb, dijo.<\/p>\n<p>\u00abLa mayor idea err\u00f3nea es que el aumento de los n\u00fameros significa que el autismo en s\u00ed mismo de repente se est\u00e1 volviendo m\u00e1s com\u00fan\u00bb, continu\u00f3 el experto. \u00abEso da miedo para algunas personas, pero no hay una nueva epidemia de autismo\u00bb. <\/p>\n<div class=\"image-ct inline\">\n<div class=\"m\"><picture><source media=\"(max-width: 767px)\" srcset=\"https:\/\/a57.foxnews.com\/static.foxnews.com\/foxnews.com\/content\/uploads\/2025\/09\/343\/192\/child-with-autism-playing-games.jpg?ve=1&amp;tl=1, https:\/\/a57.foxnews.com\/static.foxnews.com\/foxnews.com\/content\/uploads\/2025\/09\/686\/384\/child-with-autism-playing-games.jpg?ve=1&amp;tl=1 2x\" height=\"192\" width=\"343\"><source media=\"(min-width: 768px) and (max-width: 1023px)\" srcset=\"https:\/\/a57.foxnews.com\/static.foxnews.com\/foxnews.com\/content\/uploads\/2025\/09\/672\/378\/child-with-autism-playing-games.jpg?ve=1&amp;tl=1, https:\/\/a57.foxnews.com\/static.foxnews.com\/foxnews.com\/content\/uploads\/2025\/09\/1344\/756\/child-with-autism-playing-games.jpg?ve=1&amp;tl=1 2x\" height=\"378\" width=\"672\"><source media=\"(min-width: 1024px) and (max-width: 1279px)\" srcset=\"https:\/\/a57.foxnews.com\/static.foxnews.com\/foxnews.com\/content\/uploads\/2025\/09\/931\/523\/child-with-autism-playing-games.jpg?ve=1&amp;tl=1, https:\/\/a57.foxnews.com\/static.foxnews.com\/foxnews.com\/content\/uploads\/2025\/09\/1862\/1046\/child-with-autism-playing-games.jpg?ve=1&amp;tl=1 2x\" height=\"523\" width=\"931\"><source media=\"(min-width: 1280px)\" srcset=\"https:\/\/a57.foxnews.com\/static.foxnews.com\/foxnews.com\/content\/uploads\/2025\/09\/720\/405\/child-with-autism-playing-games.jpg?ve=1&amp;tl=1, https:\/\/a57.foxnews.com\/static.foxnews.com\/foxnews.com\/content\/uploads\/2025\/09\/1440\/810\/child-with-autism-playing-games.jpg?ve=1&amp;tl=1 2x\" height=\"405\" width=\"720\"><img loading=\"lazy\" decoding=\"async\" src=\"https:\/\/a57.foxnews.com\/static.foxnews.com\/foxnews.com\/content\/uploads\/2025\/09\/1200\/675\/child-with-autism-playing-games.jpg?ve=1&amp;tl=1\" alt=\"Chico con autismo jugando juegos\" width=\"1200\" height=\"675\"\/><\/source><\/source><\/source><\/source><\/picture><\/div>\n<div class=\"info\">\n<div class=\"caption\">\n<p><span>Los expertos dicen que se necesita m\u00e1s fondos para programas de intervenci\u00f3n temprana, como terapias de habla, ocupacional y conductual.<\/span> <span>(Istock)<\/span><\/p>\n<\/div>\n<\/div>\n<\/div>\n<p>La mayor parte del aumento, seg\u00fan Papazyan, se debe a una intervenci\u00f3n anterior, criterios de diagn\u00f3stico m\u00e1s amplios y un mejor acceso a los servicios. <\/p>\n<p>\u00abNo parece haber un aumento repentino en la incidencia biol\u00f3gica\u00bb, agreg\u00f3. \u00abTodav\u00eda puede haber un verdadero aumento, pero no es tan dram\u00e1tico como muchas personas quieren pensar\u00bb.<\/p>\n<p><strong><u>Haga clic aqu\u00ed para obtener la aplicaci\u00f3n Fox News<\/u><\/strong><\/p>\n<p>Quay dijo que ser\u00eda \u00abingenuo\u00bb asumir que el aumento se debe solo a una mejor detecci\u00f3n, y dijo que el cambio ambiental tambi\u00e9n juega un papel.<\/p>\n<p>\u00abHace cincuenta a\u00f1os, muchas personas en el espectro estaban mal etiquetadas, a veces tan discapacitadas intelectualmente, a veces como &#8216;exc\u00e9ntricas&#8217; o &#8216;extra\u00f1as&#8217;, pero no creo que esto explique todo el aumento\u00bb, dijo.<\/p>\n<div class=\"image-ct inline\">\n<div class=\"m\"><picture><source media=\"(max-width: 767px)\" srcset=\"https:\/\/a57.foxnews.com\/static.foxnews.com\/foxnews.com\/content\/uploads\/2023\/03\/343\/192\/Autism-Puzzle.jpg?ve=1&amp;tl=1, https:\/\/a57.foxnews.com\/static.foxnews.com\/foxnews.com\/content\/uploads\/2023\/03\/686\/384\/Autism-Puzzle.jpg?ve=1&amp;tl=1 2x\" height=\"192\" width=\"343\"><source media=\"(min-width: 768px) and (max-width: 1023px)\" srcset=\"https:\/\/a57.foxnews.com\/static.foxnews.com\/foxnews.com\/content\/uploads\/2023\/03\/672\/378\/Autism-Puzzle.jpg?ve=1&amp;tl=1, https:\/\/a57.foxnews.com\/static.foxnews.com\/foxnews.com\/content\/uploads\/2023\/03\/1344\/756\/Autism-Puzzle.jpg?ve=1&amp;tl=1 2x\" height=\"378\" width=\"672\"><source media=\"(min-width: 1024px) and (max-width: 1279px)\" srcset=\"https:\/\/a57.foxnews.com\/static.foxnews.com\/foxnews.com\/content\/uploads\/2023\/03\/931\/523\/Autism-Puzzle.jpg?ve=1&amp;tl=1, https:\/\/a57.foxnews.com\/static.foxnews.com\/foxnews.com\/content\/uploads\/2023\/03\/1862\/1046\/Autism-Puzzle.jpg?ve=1&amp;tl=1 2x\" height=\"523\" width=\"931\"><source media=\"(min-width: 1280px)\" srcset=\"https:\/\/a57.foxnews.com\/static.foxnews.com\/foxnews.com\/content\/uploads\/2023\/03\/720\/405\/Autism-Puzzle.jpg?ve=1&amp;tl=1, https:\/\/a57.foxnews.com\/static.foxnews.com\/foxnews.com\/content\/uploads\/2023\/03\/1440\/810\/Autism-Puzzle.jpg?ve=1&amp;tl=1 2x\" height=\"405\" width=\"720\"><img loading=\"lazy\" decoding=\"async\" src=\"https:\/\/a57.foxnews.com\/static.foxnews.com\/foxnews.com\/content\/uploads\/2023\/03\/1200\/675\/Autism-Puzzle.jpg?ve=1&amp;tl=1\" alt=\"Un rompecabezas cerebral\" width=\"1200\" height=\"675\"\/><\/source><\/source><\/source><\/source><\/picture><\/div>\n<div class=\"info\">\n<div class=\"caption\">\n<p><span>Para contrarrestar los diagn\u00f3sticos de autismo en ascenso, los expertos piden aumentar la conciencia y la aceptaci\u00f3n al tiempo que reducen el estigma.<\/span> <span>(Istock)<\/span><\/p>\n<\/div>\n<\/div>\n<\/div>\n<p>\u00abLas influencias ambientales, desde las exposiciones prenatales hasta los cambios en la salud materna hasta los cambios en las experiencias de la primera infancia, probablemente juegan alg\u00fan papel\u00bb.<\/p>\n<h2><strong>&#8216;Necesidad urgente&#8217;<\/strong><\/h2>\n<p>Para contrarrestar los diagn\u00f3sticos de autismo en ascenso, Papazyan est\u00e1 pidiendo una mayor conciencia y aceptaci\u00f3n al tiempo que reduce el estigma, ya que esto afecta c\u00f3mo se asignan los recursos. <\/p>\n<p>\u00abM\u00e1s all\u00e1 de eso, necesitamos expandir los servicios de diagn\u00f3stico y evaluaci\u00f3n, especialmente en comunidades desatendidas, para que las personas sean diagnosticadas adecuadamente y se les d\u00e9 la atenci\u00f3n que necesitan\u00bb, dijo.<\/p>\n<p>Papazyan dijo que tambi\u00e9n se necesitan m\u00e1s fondos para programas de intervenci\u00f3n temprana, como terapias de habla, ocupacional y conductual.<\/p>\n<p><strong><u>Haga clic aqu\u00ed para registrarse en nuestro bolet\u00edn de salud<\/u><\/strong><\/p>\n<p>Los expertos tambi\u00e9n acordaron que se necesita apoyo para las personas autistas a medida que envejecen, incluidos los servicios de salud mental, la asistencia financiera y el desarrollo de habilidades para la vida.<\/p>\n<p>\u00abSe necesitan intervenciones que van m\u00e1s all\u00e1 de la infancia, porque los adultos autistas pasar\u00e1n la mayor parte de sus vidas fuera del sistema escolar, pero los servicios para ellos son casi inexistentes\u00bb, dijo Quay.<\/p>\n<blockquote class=\"pull-quote\">\n<p class=\"quote-text\">\u00abHace cincuenta a\u00f1os, muchas personas en el espectro estaban mal etiquetadas\u00bb.<\/p>\n<p> <!----><\/p><\/blockquote>\n<p>Mirando hacia el futuro, Papazyan predice que la prevalencia del autismo continuar\u00e1 aumentando en los pr\u00f3ximos a\u00f1os antes de que se ralentice y finalmente golpea una meseta.<\/p>\n<p>Quay tambi\u00e9n espera que la prevalencia contin\u00fae aumentando en el corto plazo, en gran parte debido a las mejoras en la detecci\u00f3n y la \u00abvoluntad social para diagnosticar\u00bb.<\/p>\n<p><i><strong><u>Para m\u00e1s art\u00edculos de salud, visite <\/u><\/strong><\/i><i><strong><u>www.foxnews.com\/Health<\/u><\/strong><\/i><\/p>\n<p>\u00abQueda por ver si hay una meseta biol\u00f3gica\u00bb, dijo. \u00abSi los contribuyentes ambientales se identifican y mitigan, podr\u00edamos ver la estabilizaci\u00f3n\u00bb.<\/p>\n<p> <!----> <\/p>\n<div class=\"article-meta\">\n<div class=\"author-bio\">\n<p>Melissa Rudy es editora de salud senior y miembro del equipo de estilo de vida en Fox News Digital. Los consejos de la historia se pueden enviar a melissa.rudy@fox.com.<\/p>\n<\/div>\n<\/div>\n<\/div>\n\n","protected":false},"excerpt":{"rendered":"<p>NUEVO\u00a1Ahora puedes escuchar art\u00edculos de Fox News! Los amplios anuncios de autismo del lunes han provocado conversaciones m\u00e1s profundas sobre el trastorno neurol\u00f3gico generalizado. Funcionarios de salud hablaron durante una conferencia de prensa en Washington, DC, sobre posibles causas, orientaci\u00f3n de vacuna y el potencial de que un medicamento contra el c\u00e1ncer se duplique como &hellip;<\/p>\n","protected":false},"author":1,"featured_media":44222,"comment_status":"open","ping_status":"open","sticky":false,"template":"","format":"standard","meta":{"fifu_image_url":"https:\/\/a57.foxnews.com\/static.foxnews.com\/foxnews.com\/content\/uploads\/2025\/09\/1200\/675\/therapist-boy-with-autism.jpg?ve=1&tl=1","fifu_image_alt":"","footnotes":""},"categories":[8],"tags":[],"class_list":["post-44220","post","type-post","status-publish","format-standard","has-post-thumbnail","","category-salud"],"_links":{"self":[{"href":"https:\/\/noticiasveraces.com\/index.php?rest_route=\/wp\/v2\/posts\/44220","targetHints":{"allow":["GET"]}}],"collection":[{"href":"https:\/\/noticiasveraces.com\/index.php?rest_route=\/wp\/v2\/posts"}],"about":[{"href":"https:\/\/noticiasveraces.com\/index.php?rest_route=\/wp\/v2\/types\/post"}],"author":[{"embeddable":true,"href":"https:\/\/noticiasveraces.com\/index.php?rest_route=\/wp\/v2\/users\/1"}],"replies":[{"embeddable":true,"href":"https:\/\/noticiasveraces.com\/index.php?rest_route=%2Fwp%2Fv2%2Fcomments&post=44220"}],"version-history":[{"count":0,"href":"https:\/\/noticiasveraces.com\/index.php?rest_route=\/wp\/v2\/posts\/44220\/revisions"}],"wp:featuredmedia":[{"embeddable":true,"href":"https:\/\/noticiasveraces.com\/index.php?rest_route=\/wp\/v2\/media\/44222"}],"wp:attachment":[{"href":"https:\/\/noticiasveraces.com\/index.php?rest_route=%2Fwp%2Fv2%2Fmedia&parent=44220"}],"wp:term":[{"taxonomy":"category","embeddable":true,"href":"https:\/\/noticiasveraces.com\/index.php?rest_route=%2Fwp%2Fv2%2Fcategories&post=44220"},{"taxonomy":"post_tag","embeddable":true,"href":"https:\/\/noticiasveraces.com\/index.php?rest_route=%2Fwp%2Fv2%2Ftags&post=44220"}],"curies":[{"name":"wp","href":"https:\/\/api.w.org\/{rel}","templated":true}]}}