{"id":44205,"date":"2025-09-24T03:24:02","date_gmt":"2025-09-24T07:24:02","guid":{"rendered":"https:\/\/noticiasveraces.com\/?p=44205"},"modified":"2025-09-24T03:24:02","modified_gmt":"2025-09-24T07:24:02","slug":"japon-reconocera-tambien-al-estado-de-palestina-dw-24-09-2025","status":"publish","type":"post","link":"https:\/\/noticiasveraces.com\/?p=44205","title":{"rendered":"Jap\u00f3n reconocer\u00e1 tambi\u00e9n al Estado de Palestina \u2013 DW \u2013 24\/09\/2025"},"content":{"rendered":"<p> \n<\/p>\n<div data-tracking-name=\"rich-text\" data-tracking-skip=\"true\">\n<p>El primer ministro saliente de Jap\u00f3n, Shigeru Ishiba, anunci\u00f3 el martes (24.09.2025) ante la ONU que el reconocimiento del Estado de Palestina por parte de su pa\u00eds es cuesti\u00f3n de tiempo, y afirm\u00f3 sentirse \u00abindignado\u00bb con declaraciones recientes de las autoridades israel\u00edes sobre ese tema. \u00abPara nuestro pa\u00eds, la cuesti\u00f3n no es si se reconoce al Estado Palestino, sino cu\u00e1ndo. Las continuas acciones unilaterales del gobierno israel\u00ed nunca pueden ser aceptadas\u00bb, dijo.<\/p>\n<p>Cerca de 80\u2009% de los pa\u00edses miembros de la ONU reconocen al Estado palestino, incluyendo a Reino Unido, Canad\u00e1, Australia y Francia, que anunciaron el reconocimiento esta semana, despu\u00e9s de casi dos a\u00f1os de guerra en la Franja de Gaza. \u00abMe siento fuertemente indignado con las declaraciones de altos funcionarios del gobierno israel\u00ed que parecen rechazar categ\u00f3ricamente la noci\u00f3n misma de un Estado Palestino\u00bb, declar\u00f3 el todav\u00eda primer ministro japon\u00e9s en funciones\u00a0en su intervenci\u00f3n ante la Asamblea General de las Naciones Unidas.<\/p>\n<p>Ishiba asegur\u00f3 que si la evoluci\u00f3n del conflicto cierra el camino a una soluci\u00f3n de dos Estados, \u00abJap\u00f3n adoptar\u00e1 medidas en consecuencia\u00bb. Jap\u00f3n ha evitado hasta ahora sumarse a las potencias que han reconocido al Estado palestino con motivo de la cita internacional, cuestionando la efectividad real que tendr\u00eda esa decisi\u00f3n en este momento, pero el primer ministro Ishiba se mostr\u00f3 m\u00e1s contundente en su alocuci\u00f3n.<\/p>\n<h2>Actual situaci\u00f3n en Gaza como desencadenante<\/h2>\n<p>\u00abNo podemos permitirnos ignorar el sufrimiento extremo del pueblo de Gaza\u00bb y conden\u00f3 \u00aben\u00e9rgicamente\u00bb los ataques de Israel, que \u00abagravan la crisis humanitaria en la regi\u00f3n\u00bb, a la par que llam\u00f3 a jud\u00edos y \u00e1rabes a recuperar la coexistencia pac\u00edfica de la que hicieron gala durante siglos. La reciente ola de reconocimientos se dio tras la ofensiva israel\u00ed en Gaza, desatada por el ataque del movimiento islamista Ham\u00e1s contra Israel del 7 de octubre de 2023. Israel rechaz\u00f3 los reconocimientos al se\u00f1alar que son un premio al \u00abterrorismo\u00bb de Ham\u00e1s, algo reiterado en la ONU por el presidente estadounidense, Donald Trump.<\/p>\n<p><span data-slot-id=\"Article_InContent-1\" class=\"rich-text-ad\"\/><\/p>\n<p>El ataque de Ham\u00e1s, considerado una organizaci\u00f3n terrorista tanto por Israel como por otros pa\u00edses, incluidos Estados Unidos, la Uni\u00f3n Europea y algunos pa\u00edses musulmanes, result\u00f3 en la muerte de 1.219 israel\u00edes, en su mayor\u00eda civiles, seg\u00fan datos oficiales. En los casi dos a\u00f1os transcurridos, las operaciones israel\u00edes han matado a m\u00e1s de 65.000 palestinos, en su mayor\u00eda civiles, seg\u00fan cifras del Ministerio de Salud de Gaza, territorio gobernado por Ham\u00e1s, que la ONU considera fiables.<\/p>\n<p>La ONU, a\u00f1adi\u00f3 Ishiba, \u00abno ha cumplido plenamente su funci\u00f3n\u00bb y el derecho de veto de los miembros permanentes del Consejo de Seguridad no ha permitido que tomase \u00abdecisiones necesarias en muchas situaciones cr\u00edticas\u00bb.<\/p>\n<p>LGC (AFP, EFE)<\/p>\n<\/div>\n\n","protected":false},"excerpt":{"rendered":"<p>El primer ministro saliente de Jap\u00f3n, Shigeru Ishiba, anunci\u00f3 el martes (24.09.2025) ante la ONU que el reconocimiento del Estado de Palestina por parte de su pa\u00eds es cuesti\u00f3n de tiempo, y afirm\u00f3 sentirse \u00abindignado\u00bb con declaraciones recientes de las autoridades israel\u00edes sobre ese tema. \u00abPara nuestro pa\u00eds, la cuesti\u00f3n no es si se reconoce &hellip;<\/p>\n","protected":false},"author":1,"featured_media":44206,"comment_status":"open","ping_status":"open","sticky":false,"template":"","format":"standard","meta":{"fifu_image_url":"https:\/\/static.dw.com\/image\/74116319_6.jpg","fifu_image_alt":"","footnotes":""},"categories":[13],"tags":[],"class_list":["post-44205","post","type-post","status-publish","format-standard","has-post-thumbnail","","category-mundo"],"_links":{"self":[{"href":"https:\/\/noticiasveraces.com\/index.php?rest_route=\/wp\/v2\/posts\/44205","targetHints":{"allow":["GET"]}}],"collection":[{"href":"https:\/\/noticiasveraces.com\/index.php?rest_route=\/wp\/v2\/posts"}],"about":[{"href":"https:\/\/noticiasveraces.com\/index.php?rest_route=\/wp\/v2\/types\/post"}],"author":[{"embeddable":true,"href":"https:\/\/noticiasveraces.com\/index.php?rest_route=\/wp\/v2\/users\/1"}],"replies":[{"embeddable":true,"href":"https:\/\/noticiasveraces.com\/index.php?rest_route=%2Fwp%2Fv2%2Fcomments&post=44205"}],"version-history":[{"count":0,"href":"https:\/\/noticiasveraces.com\/index.php?rest_route=\/wp\/v2\/posts\/44205\/revisions"}],"wp:featuredmedia":[{"embeddable":true,"href":"https:\/\/noticiasveraces.com\/index.php?rest_route=\/wp\/v2\/media\/44206"}],"wp:attachment":[{"href":"https:\/\/noticiasveraces.com\/index.php?rest_route=%2Fwp%2Fv2%2Fmedia&parent=44205"}],"wp:term":[{"taxonomy":"category","embeddable":true,"href":"https:\/\/noticiasveraces.com\/index.php?rest_route=%2Fwp%2Fv2%2Fcategories&post=44205"},{"taxonomy":"post_tag","embeddable":true,"href":"https:\/\/noticiasveraces.com\/index.php?rest_route=%2Fwp%2Fv2%2Ftags&post=44205"}],"curies":[{"name":"wp","href":"https:\/\/api.w.org\/{rel}","templated":true}]}}