{"id":44196,"date":"2025-09-24T00:39:56","date_gmt":"2025-09-24T04:39:56","guid":{"rendered":"https:\/\/noticiasveraces.com\/?p=44196"},"modified":"2025-09-24T00:39:56","modified_gmt":"2025-09-24T04:39:56","slug":"ifixit-coloca-un-microscopio-en-el-problema-de-scratch-del-iphone-17-pro","status":"publish","type":"post","link":"https:\/\/noticiasveraces.com\/?p=44196","title":{"rendered":"Ifixit coloca un microscopio en el problema de Scratch del iPhone 17 Pro"},"content":{"rendered":"<p> \n<\/p>\n<div>\n<p class=\"duet--article--dangerously-set-cms-markup duet--article--standard-paragraph _1ymtmqpi _17nnmdy1 _17nnmdy0 _1xwtict1\">Aqu\u00ed hay algunas im\u00e1genes que muestran c\u00f3mo se ven esos rasgu\u00f1os bajo un microscopio digital:<\/p>\n<\/div>\n<div>\n<p class=\"duet--article--dangerously-set-cms-markup duet--article--standard-paragraph _1ymtmqpi _17nnmdy1 _17nnmdy0 _1xwtict1\">Ifixit habl\u00f3 con David Niebuhr, un ingeniero y profesor de ingenier\u00eda mec\u00e1nica, que tiene una explicaci\u00f3n de por qu\u00e9 los rascadores alrededor de la meseta de c\u00e1mara del iPhone 17 Pro sobresalen tanto con da\u00f1os por spalling que no aparecieron en las pruebas de otras \u00e1reas. Seg\u00fan Niebuhr, el problema es el borde afilado del bulto de la c\u00e1mara donde el proceso de anodizaci\u00f3n no es tan pareja, como dice, \u00abApple podr\u00eda haber evitado esto haciendo una curva m\u00e1s gradual y evitando una esquina relativamente afilada\u00bb.<\/p>\n<\/div>\n<div>\n<p class=\"duet--article--dangerously-set-cms-markup duet--article--standard-paragraph _1ymtmqpi _17nnmdy1 _17nnmdy0 _1xwtict1\">Ifixit agrega que a menos que coloque su iPhone 17 Pro en una caja, la meseta de la c\u00e1mara \u00abprobablemente ver\u00e1 algo de da\u00f1o\u00bb en alg\u00fan momento durante su vida. En cuanto a la reparabilidad, IFIXIT le da cr\u00e9dito a Apple por una bater\u00eda atornillada, pero critic\u00f3 que los usuarios requieran que eliminen la pantalla para la mayor\u00eda de las reparaciones, algo que Apple evit\u00f3 en el nuevo aire del iPhone.<\/p>\n<\/div>\n\n","protected":false},"excerpt":{"rendered":"<p>Aqu\u00ed hay algunas im\u00e1genes que muestran c\u00f3mo se ven esos rasgu\u00f1os bajo un microscopio digital: Ifixit habl\u00f3 con David Niebuhr, un ingeniero y profesor de ingenier\u00eda mec\u00e1nica, que tiene una explicaci\u00f3n de por qu\u00e9 los rascadores alrededor de la meseta de c\u00e1mara del iPhone 17 Pro sobresalen tanto con da\u00f1os por spalling que no aparecieron &hellip;<\/p>\n","protected":false},"author":1,"featured_media":44197,"comment_status":"open","ping_status":"open","sticky":false,"template":"","format":"standard","meta":{"fifu_image_url":"https:\/\/platform.theverge.com\/wp-content\/uploads\/sites\/2\/2025\/09\/IMG_0178.jpg?quality=90&strip=all&crop=0%2C10.740652134574%2C100%2C78.518695730853&w=1200","fifu_image_alt":"","footnotes":""},"categories":[2],"tags":[],"class_list":["post-44196","post","type-post","status-publish","format-standard","has-post-thumbnail","","category-tecnologia"],"_links":{"self":[{"href":"https:\/\/noticiasveraces.com\/index.php?rest_route=\/wp\/v2\/posts\/44196","targetHints":{"allow":["GET"]}}],"collection":[{"href":"https:\/\/noticiasveraces.com\/index.php?rest_route=\/wp\/v2\/posts"}],"about":[{"href":"https:\/\/noticiasveraces.com\/index.php?rest_route=\/wp\/v2\/types\/post"}],"author":[{"embeddable":true,"href":"https:\/\/noticiasveraces.com\/index.php?rest_route=\/wp\/v2\/users\/1"}],"replies":[{"embeddable":true,"href":"https:\/\/noticiasveraces.com\/index.php?rest_route=%2Fwp%2Fv2%2Fcomments&post=44196"}],"version-history":[{"count":0,"href":"https:\/\/noticiasveraces.com\/index.php?rest_route=\/wp\/v2\/posts\/44196\/revisions"}],"wp:featuredmedia":[{"embeddable":true,"href":"https:\/\/noticiasveraces.com\/index.php?rest_route=\/wp\/v2\/media\/44197"}],"wp:attachment":[{"href":"https:\/\/noticiasveraces.com\/index.php?rest_route=%2Fwp%2Fv2%2Fmedia&parent=44196"}],"wp:term":[{"taxonomy":"category","embeddable":true,"href":"https:\/\/noticiasveraces.com\/index.php?rest_route=%2Fwp%2Fv2%2Fcategories&post=44196"},{"taxonomy":"post_tag","embeddable":true,"href":"https:\/\/noticiasveraces.com\/index.php?rest_route=%2Fwp%2Fv2%2Ftags&post=44196"}],"curies":[{"name":"wp","href":"https:\/\/api.w.org\/{rel}","templated":true}]}}