{"id":44167,"date":"2025-09-23T19:13:16","date_gmt":"2025-09-23T23:13:16","guid":{"rendered":"https:\/\/noticiasveraces.com\/?p=44167"},"modified":"2025-09-23T19:13:16","modified_gmt":"2025-09-23T23:13:16","slug":"recta-final-de-la-campana-electoral-en-la-republica-checa-dw-23-09-2025","status":"publish","type":"post","link":"https:\/\/noticiasveraces.com\/?p=44167","title":{"rendered":"Recta final de la campa\u00f1a electoral en la Rep\u00fablica Checa \u2013 DW \u2013 23\/09\/2025"},"content":{"rendered":"<p> \n<\/p>\n<div data-tracking-name=\"rich-text\" data-tracking-skip=\"true\">\n<p>Es una bonita tarde de mi\u00e9rcoles de septiembre en Praga, la capital de la Rep\u00fablica Checa. Los aficionados al f\u00fatbol acuden en masa al estadio del Slavia de Praga, donde, en breve, da comienzo un partido de la Liga de Campeones.<\/p>\n<p>Delante del centro comercial Eden, junto al estadio, un grupo de hombres y mujeres llevan cestas de mimbre y bolsas de tela llenas de folletos y bol\u00edgrafos. A su alrededor, hay varios discretos guardias de seguridad. Protegen al ministro de Exteriores, Jan Lipavsky, que hace aqu\u00ed campa\u00f1a electoral.<\/p>\n<p>Lipavsky es uno de los principales pol\u00edticos de la coalici\u00f3n de centro-derecha Spolu, actualmente en el poder. Hoy, intenta convencer a los votantes de que elijan al Gobierno del actual primer ministro, Petr Fiala, en los comicios parlamentarios del 3 y 4 de octubre de 2025,\u00a0y as\u00ed tener la oportunidad de gobernar la Rep\u00fablica Checa , con una poblaci\u00f3n de diez millones de habitantes, durante cuatro a\u00f1os m\u00e1s .<\/p>\n<p>\u00abEstas elecciones determinar\u00e1n realmente el rumbo futuro del pa\u00eds. Por primera vez, fuerzas que colaboran abiertamente con la Rusia\u00a0de Putin\u00a0aspiran al poder\u00bb, dice a DW Lipavsky, uno de los pol\u00edticos m\u00e1s populares del Gobierno. \u00abEsa es la raz\u00f3n principal por la que me presento como candidato. Creo que podemos mantener el rumbo prooccidental del pa\u00eds. Eso es algo incre\u00edblemente importante\u00bb.<\/p>\n<p>Los partidos del Gobierno hacen campa\u00f1a destacando su clara l\u00ednea en pol\u00edtica exterior, basada en el pleno apoyo a Ucrania. Es lo que la mayor\u00eda de los votantes valora del Gobierno de Petr Fiala. La Rep\u00fablica Checa ha acogido a m\u00e1s de medio mill\u00f3n de refugiados ucranianos y Praga suministra armas y municiones a Ucrania. El jefe del Gobierno, Fiala, fue uno de los primeros pol\u00edticos europeos en visitar Kiev poco despu\u00e9s del inicio de la invasi\u00f3n rusa, en la primavera de 2022.<\/p>\n<h2>Decepci\u00f3n de los jubilados<\/h2>\n<p>\u00abLe deseo mucha suerte\u00bb, le dice una jubilada de cabello gris a Lipavsky. \u00abIntentar\u00e9 convencer a tantas personas como pueda de mi entorno para que le voten\u00bb. Pero esta mujer es m\u00e1s bien una excepci\u00f3n en su grupo de edad, ya que la gran mayor\u00eda de los pensionistas checos est\u00e1n profundamente decepcionados con el Gobierno y quieren votar a la oposici\u00f3n.<\/p>\n<figure class=\"placeholder-image master_landscape big\"><img data-format=\"MASTER_LANDSCAPE\" data-id=\"74107476\" data-url=\"https:\/\/static.dw.com\/image\/74107476_${formatId}.jpg\" data-aspect-ratio=\"16\/9\" alt=\"Petr Fiala hablando en un estrado ante varios micr\u00f3fonos y delante de un cartel que muestra el primer plano de un rostro.\" style=\"padding-bottom: 56.25%; height: 0; max-height: 0;\"\/><figcaption class=\"img-caption\">Petr Fiala, actual primer ministro checo, en un acto de campa\u00f1a.<small class=\"copyright\">Imagen: \/Vit Simanek\/CTK Photo\/IMAGO<\/small><\/figcaption><\/figure>\n<p>Con el objetivo de reducir el d\u00e9ficit presupuestario, Fiala limit\u00f3 hace dos a\u00f1os el aumento anual de las pensiones. La gran mayor\u00eda de los jubilados sigue consider\u00e1ndolo una traici\u00f3n. \u00abFiala es un criminal. En lugar de darnos el dinero a los checos, el Gobierno se lo ha dado a los ucranianos. Nunca lo\u00a0votar\u00e9\u00bb, espeta un jubilado enfadado a uno de los activistas electorales.<\/p>\n<p>Poco antes de las elecciones, una gran parte de la poblaci\u00f3n checa est\u00e1 descontenta con la pol\u00edtica de austeridad del Gobierno, el lento crecimiento econ\u00f3mico y la elevada inflaci\u00f3n. Se culpa a Fiala de la pobreza y la inflaci\u00f3n.<\/p>\n<h2>La recuperaci\u00f3n econ\u00f3mica llega demasiado tarde<\/h2>\n<p>Sin embargo, gracias a la pol\u00edtica de austeridad, el d\u00e9ficit presupuestario de la Rep\u00fablica Checa se sit\u00faa hoy por debajo del 2 por ciento del PIB, su calificaci\u00f3n crediticia es mejor que la de Francia,\u00a0 y la renta bruta media ha aumentado m\u00e1s de un 5 por ciento, superando\u00a0por primera vez los 2.000 euros al mes.\u00a0La inflaci\u00f3n se sit\u00faa en el 2,5 por ciento, la m\u00e1s baja de los pa\u00edses del Grupo de Visegrado (Polonia, Hungr\u00eda, Rep\u00fablica Checa y Eslovaquia).<\/p>\n<p>Los hogares checos gastan m\u00e1s dinero que nunca y las agencias de viajes han registrado un inter\u00e9s r\u00e9cord este verano. \u00abEsperaba que estas buenas noticias econ\u00f3micas llegaran un poco antes. No s\u00e9 si ya es demasiado tarde\u00bb, dice Lipavsky a DW.<\/p>\n<figure class=\"placeholder-image master_landscape big\"><img data-format=\"MASTER_LANDSCAPE\" data-id=\"74090042\" data-url=\"https:\/\/static.dw.com\/image\/74090042_${formatId}.jpg\" data-aspect-ratio=\"16\/9\" alt=\"El politico Jan Lipavsky y un joven con una libreta en la mano hablan en la calle.\" style=\"padding-bottom: 56.25%; height: 0; max-height: 0;\"\/><figcaption class=\"img-caption\">Jan Lipavsky, el ministro de Exteriores de Rep\u00fablica Checa, responde las preguntas de un estudiante.<small class=\"copyright\">Imagen: Lubo\u0161 Palata<\/small><\/figcaption><\/figure>\n<p>Poco antes de las elecciones, la coalici\u00f3n gubernamental Spolu obtiene en las encuestas un apoyo de alrededor del 20 por ciento. El partido de la oposici\u00f3n ANO, liderado por Andrej Babis, tiene una ventaja de m\u00e1s de diez puntos porcentuales, situ\u00e1ndose actualmente en el 31 por cien. En total, los partidos del Gobierno y sus posibles aliados cuentan con alrededor del 40 por ciento de los votos, demasiado poco para formar una coalici\u00f3n gubernamental tras las elecciones.<\/p>\n<p><span data-slot-id=\"Article_InContent-1\" class=\"rich-text-ad\"\/><\/p>\n<h2>Andrej Babis, prometedor l\u00edder de la oposici\u00f3n<\/h2>\n<p>El presidente del partido opositor\u00a0ANO,\u00a0Andrej Babis, quiere volver al poder como primer ministro tras cuatro a\u00f1os en la oposici\u00f3n. Babis, un oligarca populista de derecha, ha centrado todos sus esfuerzos en este objetivo, dejando incluso en segundo plano la direcci\u00f3n de su empresa.<\/p>\n<p>Desde hace semanas, mantiene varias reuniones diarias con ciudadanos y viaja por toda la Rep\u00fablica Checa. Su equipo inunda las redes sociales con videos. Babis promete a los checos un mejor nivel de vida. En una serie de carteles gigantes que cuelgan por toda la Rep\u00fablica Checa, se presenta como un mes\u00edas y promete pensiones m\u00e1s altas, hipotecas m\u00e1s baratas y precios m\u00e1s bajos. El lema de su campa\u00f1a electoral es \u00ab\u00a1Vota por una vida mejor!\u00bb<\/p>\n<p>Babis tiende a evitar otros temas de pol\u00edtica exterior, pero no se pronuncia abiertamente en contra de continuar ayudando a Ucrania. Al mismo tiempo, tampoco critica al movimiento de extrema derecha Svoboda a prima demokracie (Libertad y democracia directa) ni al de extrema izquierda Stacilo! (\u00a1Ya basta!), con los que podr\u00eda formar una coalici\u00f3n tras las elecciones. Ambos partidos se posicionan del lado de Rusia y exigen la salida de la Rep\u00fablica Checa de la OTAN y la Uni\u00f3n Europea.<\/p>\n<p>\u00abLos temas de pol\u00edtica exterior y seguridad son m\u00e1s importantes en estas elecciones que en todas las anteriores que hemos tenido en la Rep\u00fablica Checa\u00bb, explica a DW el polit\u00f3logo Lubomir Kopecek, de la Universidad Masaryk de Brno. \u00abSin embargo, parece que esto no ser\u00e1 suficiente para cambiar la tendencia actual a favor de los partidos del Gobierno\u00bb, a\u00f1ade Kopecek.<\/p>\n<p>(MS\/CP)<\/p>\n<\/p>\n<\/div>\n\n","protected":false},"excerpt":{"rendered":"<p>Es una bonita tarde de mi\u00e9rcoles de septiembre en Praga, la capital de la Rep\u00fablica Checa. Los aficionados al f\u00fatbol acuden en masa al estadio del Slavia de Praga, donde, en breve, da comienzo un partido de la Liga de Campeones. Delante del centro comercial Eden, junto al estadio, un grupo de hombres y mujeres &hellip;<\/p>\n","protected":false},"author":1,"featured_media":44168,"comment_status":"open","ping_status":"open","sticky":false,"template":"","format":"standard","meta":{"fifu_image_url":"https:\/\/static.dw.com\/image\/74090202_6.jpg","fifu_image_alt":"","footnotes":""},"categories":[13],"tags":[],"class_list":["post-44167","post","type-post","status-publish","format-standard","has-post-thumbnail","","category-mundo"],"_links":{"self":[{"href":"https:\/\/noticiasveraces.com\/index.php?rest_route=\/wp\/v2\/posts\/44167","targetHints":{"allow":["GET"]}}],"collection":[{"href":"https:\/\/noticiasveraces.com\/index.php?rest_route=\/wp\/v2\/posts"}],"about":[{"href":"https:\/\/noticiasveraces.com\/index.php?rest_route=\/wp\/v2\/types\/post"}],"author":[{"embeddable":true,"href":"https:\/\/noticiasveraces.com\/index.php?rest_route=\/wp\/v2\/users\/1"}],"replies":[{"embeddable":true,"href":"https:\/\/noticiasveraces.com\/index.php?rest_route=%2Fwp%2Fv2%2Fcomments&post=44167"}],"version-history":[{"count":0,"href":"https:\/\/noticiasveraces.com\/index.php?rest_route=\/wp\/v2\/posts\/44167\/revisions"}],"wp:featuredmedia":[{"embeddable":true,"href":"https:\/\/noticiasveraces.com\/index.php?rest_route=\/wp\/v2\/media\/44168"}],"wp:attachment":[{"href":"https:\/\/noticiasveraces.com\/index.php?rest_route=%2Fwp%2Fv2%2Fmedia&parent=44167"}],"wp:term":[{"taxonomy":"category","embeddable":true,"href":"https:\/\/noticiasveraces.com\/index.php?rest_route=%2Fwp%2Fv2%2Fcategories&post=44167"},{"taxonomy":"post_tag","embeddable":true,"href":"https:\/\/noticiasveraces.com\/index.php?rest_route=%2Fwp%2Fv2%2Ftags&post=44167"}],"curies":[{"name":"wp","href":"https:\/\/api.w.org\/{rel}","templated":true}]}}