{"id":44158,"date":"2025-09-23T18:12:29","date_gmt":"2025-09-23T22:12:29","guid":{"rendered":"https:\/\/noticiasveraces.com\/?p=44158"},"modified":"2025-09-23T18:12:29","modified_gmt":"2025-09-23T22:12:29","slug":"estonia-pide-a-la-otan-firmeza-ante-incursiones-rusas-dw-23-09-2025","status":"publish","type":"post","link":"https:\/\/noticiasveraces.com\/?p=44158","title":{"rendered":"Estonia pide a la OTAN firmeza ante incursiones rusas \u2013 DW \u2013 23\/09\/2025"},"content":{"rendered":"<p> \n<\/p>\n<div data-tracking-name=\"rich-text\" data-tracking-skip=\"true\">\n<p>No fue la primera, segunda ni tercera vez este a\u00f1o que Estonia vio su espacio a\u00e9reo violado por cazas rusos. Pero lo ocurrido el 19 de septiembre de 2025 fue diferente, y el legislador estonio Marko Mihkelson afirm\u00f3 que esta incursi\u00f3n cruz\u00f3 una l\u00ednea.<\/p>\n<p>\u00abLa pr\u00f3xima vez, lo haremos -si sabes a lo que me refiero-\u201d, public\u00f3 Mihkelson, jefe del comit\u00e9 de Relaciones Exteriores del Parlamento estonio, en X, en referencia a 2015, cuando Turqu\u00eda\u00a0derrib\u00f3 un bombardero ruso que hab\u00eda entrado brevemente en su espacio a\u00e9reo.<\/p>\n<blockquote class=\"tweet embed\" data-id=\"1969159487932993584\"\/>\n<p>El avi\u00f3n sobrevol\u00f3 Turqu\u00eda solo durante 17 segundos. Pero Mihkelson describi\u00f3 \u00abun vuelo deliberado de 12 minutos\u201d sobre Estonia, antes de que cazas finlandeses, italianos y suecos, bajo la nueva misi\u00f3n de la OTAN \u00abEastern Sentry\u201d (Centinela del Este), escoltaran a tres MiG-31 rusos de regreso a su lado de la frontera.<\/p>\n<p>Dijo que se trat\u00f3 de la violaci\u00f3n m\u00e1s grave del espacio a\u00e9reo estonio desde 2003, medio a\u00f1o antes de que la naci\u00f3n b\u00e1ltica se uniera a la OTAN, lo que entonces se interpret\u00f3 como un intento claro de intimidar a Tallin para que cambiara de rumbo.<\/p>\n<p>El ministro de Defensa Hanno Pevkur asegur\u00f3 a los estonios que los pilotos de la OTAN ten\u00edan toda la autoridad necesaria para derribar intrusos rusos si hubiese habido alg\u00fan peligro para la poblaci\u00f3n. Sin embargo, eso no significa que la OTAN decida adoptar tal estrategia.<\/p>\n<figure class=\"placeholder-image master_landscape big\"><img data-format=\"MASTER_LANDSCAPE\" data-id=\"74098165\" data-url=\"https:\/\/static.dw.com\/image\/74098165_${formatId}.jpg\" data-aspect-ratio=\"16\/9\" alt=\"El diputado estonio Marko Mihkelson, en Ucrania.\" style=\"padding-bottom: 56.25%; height: 0; max-height: 0;\"\/><figcaption class=\"img-caption\">El diputado estonio Marko Mihkelson busca una respuesta contundente de la OTAN.<small class=\"copyright\">Imagen: Personal de Marko Mihkelson<\/small><\/figcaption><\/figure>\n<h2>\u00bfSe necesita m\u00e1s firmeza?<\/h2>\n<p>Polonia se aline\u00f3 el lunes (22.09.2025) con la idea de actuar con contundencia en el futuro. \u00abQuiero ser muy claro\u201d, dijo el primer ministro,\u00a0Donald Tusk. \u00abTomaremos la decisi\u00f3n de derribar objetos voladores sin discusi\u00f3n cuando violen nuestro territorio y sobrevuelen Polonia. No hay lugar para el debate aqu\u00ed\u201d.<\/p>\n<p>Estonia invoc\u00f3 recientemente el Art\u00edculo 4 -por novena vez en la historia de la OTAN-, lo que puede hacerse cuando una naci\u00f3n considera que su independencia pol\u00edtica o soberan\u00eda territorial est\u00e1n amenazadas. Pero queda una pregunta sobre el tapete: \u00bfqu\u00e9 se necesitar\u00eda para que la situaci\u00f3n escale a una amenaza de nivel Art\u00edculo 5?<\/p>\n<p>Algunos analistas pol\u00edticos coincidieron con Mihkelson en que se necesita una respuesta m\u00e1s firme. \u00ab\u00bfQu\u00e9 hace falta? \u00bfHace falta que mueran ciudadanos de la OTAN?\u201d, dijo Kristi Raik, directora del Centro Internacional de Defensa y Seguridad (ICDS) de Tallin, a DW, en los m\u00e1rgenes de la Conferencia de Seguridad de Helsinki, donde la posible respuesta de la OTAN fue un tema recurrente.<\/p>\n<figure class=\"placeholder-image master_landscape big\"><img data-format=\"MASTER_LANDSCAPE\" data-id=\"73958165\" data-url=\"https:\/\/static.dw.com\/image\/73958165_${formatId}.jpg\" data-aspect-ratio=\"16\/9\" alt=\"Los servicios de emergencia recogen los restos de los drones destruidos en Polonia.\" style=\"padding-bottom: 56.25%; height: 0; max-height: 0;\"\/><figcaption class=\"img-caption\">Por primera vez, drones rusos que invadieron el espacio a\u00e9reo de la OTAN fueron derribados a principios de este mes por aviones polacos y holandeses.<small class=\"copyright\">Imagen: Anita Walczewska\/Eastnews\/IMAGO<\/small><\/figcaption><\/figure>\n<p>Raik se\u00f1al\u00f3 que Rusia lleva tiempo intentando encontrar nuevas formas de desafiar a la OTAN sin cruzar el umbral que desencadenar\u00eda el Art\u00edculo 5, seg\u00fan el cual, si un miembro es atacado, la alianza est\u00e1 obligada a responder.<\/p>\n<p>El Ministerio de Exteriores ruso reconoci\u00f3 que los aviones MiG estaban en la zona, pero describi\u00f3 su presencia como \u00abvuelos programados desde Karelia a un aer\u00f3dromo en la regi\u00f3n de Kaliningrado\u201d. En redes sociales, ese ministerio afirm\u00f3 que \u00ablas aeronaves no se desviaron de la ruta acordada y no violaron el espacio a\u00e9reo estonio\u201d.<\/p>\n<p>Raik insisti\u00f3 en que la OTAN debe estar lista para actuar. \u00abTenemos que dar el mensaje de que hablamos en serio\u201d, subray\u00f3.\u00a0Y\u00a0a\u00f1adi\u00f3: \u00abTenemos la capacidad, la voluntad pol\u00edtica, tenemos nuestros planes, de modo que si los rusos hacen m\u00e1s violaciones que realmente amenacen la seguridad de cualquier pa\u00eds de la OTAN, entonces ser\u00e1n derribados\u201d.<\/p>\n<p><span data-slot-id=\"Article_InContent-1\" class=\"rich-text-ad\"\/><\/p>\n<h2>Un patr\u00f3n de provocaciones<\/h2>\n<p>El incidente de Estonia\u00a0es el \u00faltimo de una serie de violaciones del espacio a\u00e9reo. El 10 de septiembre se produjo la entrada sin precedentes de 19 drones rusos en el espacio a\u00e9reo polaco, la posterior presencia de uno que permaneci\u00f3 una hora sobre Rumania, un par de d\u00edas despu\u00e9s, adem\u00e1s de otras ocasiones en las que cazas de la OTAN fueron movilizados a lo largo de la frontera polaca para evitar desbordamientos desde Ucrania.<\/p>\n<p>Hanna Smith, experta en amenazas h\u00edbridas que actualmente ense\u00f1a en la Universidad de Vaasa, en Finlandia, pidi\u00f3 una respuesta m\u00e1s cautelosa, se\u00f1alando que \u00abno tiene por qu\u00e9 ser tan radical como derribar el avi\u00f3n\u201d.<\/p>\n<p>Dijo que convocar m\u00e1s consultas del Art\u00edculo 4 tambi\u00e9n tiene su propio valor para la alianza, ya que significa que \u00abcada miembro de la OTAN puede reflexionar: \u2018Bien, \u00bfcu\u00e1l es nuestra respuesta a esto?&#8217;\u201d.<\/p>\n<p>Quienes abogan por que la OTAN siga los pasos de Turqu\u00eda en su contundente respuesta de 2015 se\u00f1alan que Rusia no declar\u00f3 la guerra a Ankara tras el derribo. Pero Minna Alander, del Centro de An\u00e1lisis de Pol\u00edticas Europeas, tambi\u00e9n se muestra a favor de contener el fuego.<\/p>\n<p>\u00abTambi\u00e9n es una virtud no reaccionar de forma exagerada\u00bb, declar\u00f3 a DW en la conferencia de Helsinki. \u00abRusia est\u00e1 empe\u00f1ada en declararnos la guerra, y nosotros simplemente nos negamos a estar en guerra con ellos\u00bb.<\/p>\n<p>(GG\/CP)<\/p>\n<\/div>\n\n","protected":false},"excerpt":{"rendered":"<p>No fue la primera, segunda ni tercera vez este a\u00f1o que Estonia vio su espacio a\u00e9reo violado por cazas rusos. Pero lo ocurrido el 19 de septiembre de 2025 fue diferente, y el legislador estonio Marko Mihkelson afirm\u00f3 que esta incursi\u00f3n cruz\u00f3 una l\u00ednea. \u00abLa pr\u00f3xima vez, lo haremos -si sabes a lo que me &hellip;<\/p>\n","protected":false},"author":1,"featured_media":44159,"comment_status":"open","ping_status":"open","sticky":false,"template":"","format":"standard","meta":{"fifu_image_url":"https:\/\/static.dw.com\/image\/57480311_6.jpg","fifu_image_alt":"","footnotes":""},"categories":[13],"tags":[],"class_list":["post-44158","post","type-post","status-publish","format-standard","has-post-thumbnail","","category-mundo"],"_links":{"self":[{"href":"https:\/\/noticiasveraces.com\/index.php?rest_route=\/wp\/v2\/posts\/44158","targetHints":{"allow":["GET"]}}],"collection":[{"href":"https:\/\/noticiasveraces.com\/index.php?rest_route=\/wp\/v2\/posts"}],"about":[{"href":"https:\/\/noticiasveraces.com\/index.php?rest_route=\/wp\/v2\/types\/post"}],"author":[{"embeddable":true,"href":"https:\/\/noticiasveraces.com\/index.php?rest_route=\/wp\/v2\/users\/1"}],"replies":[{"embeddable":true,"href":"https:\/\/noticiasveraces.com\/index.php?rest_route=%2Fwp%2Fv2%2Fcomments&post=44158"}],"version-history":[{"count":0,"href":"https:\/\/noticiasveraces.com\/index.php?rest_route=\/wp\/v2\/posts\/44158\/revisions"}],"wp:featuredmedia":[{"embeddable":true,"href":"https:\/\/noticiasveraces.com\/index.php?rest_route=\/wp\/v2\/media\/44159"}],"wp:attachment":[{"href":"https:\/\/noticiasveraces.com\/index.php?rest_route=%2Fwp%2Fv2%2Fmedia&parent=44158"}],"wp:term":[{"taxonomy":"category","embeddable":true,"href":"https:\/\/noticiasveraces.com\/index.php?rest_route=%2Fwp%2Fv2%2Fcategories&post=44158"},{"taxonomy":"post_tag","embeddable":true,"href":"https:\/\/noticiasveraces.com\/index.php?rest_route=%2Fwp%2Fv2%2Ftags&post=44158"}],"curies":[{"name":"wp","href":"https:\/\/api.w.org\/{rel}","templated":true}]}}