{"id":44150,"date":"2025-09-23T17:11:38","date_gmt":"2025-09-23T21:11:38","guid":{"rendered":"https:\/\/noticiasveraces.com\/?p=44150"},"modified":"2025-09-23T17:11:38","modified_gmt":"2025-09-23T21:11:38","slug":"alemania-no-pretende-caer-en-las-provocaciones-de-putin-dw-23-09-2025","status":"publish","type":"post","link":"https:\/\/noticiasveraces.com\/?p=44150","title":{"rendered":"Alemania no pretende caer en las \u00abprovocaciones\u201d de Putin \u2013 DW \u2013 23\/09\/2025"},"content":{"rendered":"<p> \n<\/p>\n<div data-tracking-name=\"rich-text\" data-tracking-skip=\"true\">\n<p>El ministro de Defensa alem\u00e1n, Boris Pistorius, calific\u00f3 este martes (23.09.2025) las recientes violaciones rusas del espacio a\u00e9reo del flanco oriental de la OTAN como una \u00abtrampa de escalada\u00bb impulsada por el presidente de Rusia, Vlad\u00edmir Putin.<\/p>\n<p>Pistorius llam\u00f3 a la prudencia aliada a la hora de responder a las provocaciones de Rusia y advirti\u00f3 de no caer en la trampa: \u00abNo le haremos ese favor a Vlad\u00edmir Putin\u201d.<\/p>\n<p>El ministro alem\u00e1n lanz\u00f3 esta advertencia en Berl\u00edn, durante un encuentro con su hom\u00f3logo sueco P\u00e5l Jonson. \u00abObservaremos con detalle lo que sucede y escoltaremos las aeronaves (rusas) fuera del espacio a\u00e9reo, con paciencia, pero dejando claro que estamos aqu\u00ed y que en cualquier momento podemos emplear m\u00e1s medios\u00bb, insisti\u00f3 Pistorius.<\/p>\n<h2>\u00abNo es cobard\u00eda ni miedo\u201d<\/h2>\n<p>Pistorius sostuvo que hasta ahora no han registrado una\u00a0agresividad evidente\u00a0de los\u00a0incidentes en Polonia, Ruman\u00eda y Estonia por parte de Rusia, pero la OTAN debe poder\u00a0intervenir en todo caso \u00abde forma cin\u00e9tica o f\u00edsica\u00bb si se da el caso. <\/p>\n<p>\u00abMe parece un error creer que s\u00f3lo se es percibido como fuerte y mesurado si se hace todo lo que se puede en todo momento. Lo importante es una mezcla saludable. La prudencia, por cierto, no es cobard\u00eda ni miedo, sino responsabilidad hacia el propio pa\u00eds y hacia la paz en Europa, y a eso nos sentimos obligados, as\u00ed como a la seguridad de nuestro espacio a\u00e9reo\u00bb, subray\u00f3 Pistorius.<\/p>\n<h2>Capaces de responder<\/h2>\n<p>El pol\u00edtico socialdem\u00f3crata alem\u00e1n indic\u00f3 que los Eurofighter germanos y los pilotos de combate suecos, por ejemplo, \u00abpueden en cualquier momento hacer lo que sea necesario para defender de forma en\u00e9rgica nuestro propio espacio a\u00e9reo. Eso debe quedar claro para todos, y tambi\u00e9n lo tiene claro Rusia\u00bb.<\/p>\n<p>Por su parte, el ministro\u00a0sueco se\u00f1al\u00f3 que \u00abahora es el momento de mostrar solidaridad pol\u00edtica, y eso lo hemos hecho, pero tambi\u00e9n ha llegado el momento de\u00a0actuar, y dar\u00edamos la bienvenida si la (operaci\u00f3n) Centinela Oriental fortaleciera a la Alianza\u00bb en su defensa del flanco oriental europeo. En opini\u00f3n de Suecia, \u00abesa ser\u00eda una reacci\u00f3n adecuada\u00bb.<\/p>\n<p>OS (DPA, Efe)<\/p>\n<\/div>\n\n","protected":false},"excerpt":{"rendered":"<p>El ministro de Defensa alem\u00e1n, Boris Pistorius, calific\u00f3 este martes (23.09.2025) las recientes violaciones rusas del espacio a\u00e9reo del flanco oriental de la OTAN como una \u00abtrampa de escalada\u00bb impulsada por el presidente de Rusia, Vlad\u00edmir Putin. Pistorius llam\u00f3 a la prudencia aliada a la hora de responder a las provocaciones de Rusia y advirti\u00f3 &hellip;<\/p>\n","protected":false},"author":1,"featured_media":44151,"comment_status":"open","ping_status":"open","sticky":false,"template":"","format":"standard","meta":{"fifu_image_url":"https:\/\/static.dw.com\/image\/73948389_6.jpg","fifu_image_alt":"","footnotes":""},"categories":[13],"tags":[],"class_list":["post-44150","post","type-post","status-publish","format-standard","has-post-thumbnail","","category-mundo"],"_links":{"self":[{"href":"https:\/\/noticiasveraces.com\/index.php?rest_route=\/wp\/v2\/posts\/44150","targetHints":{"allow":["GET"]}}],"collection":[{"href":"https:\/\/noticiasveraces.com\/index.php?rest_route=\/wp\/v2\/posts"}],"about":[{"href":"https:\/\/noticiasveraces.com\/index.php?rest_route=\/wp\/v2\/types\/post"}],"author":[{"embeddable":true,"href":"https:\/\/noticiasveraces.com\/index.php?rest_route=\/wp\/v2\/users\/1"}],"replies":[{"embeddable":true,"href":"https:\/\/noticiasveraces.com\/index.php?rest_route=%2Fwp%2Fv2%2Fcomments&post=44150"}],"version-history":[{"count":0,"href":"https:\/\/noticiasveraces.com\/index.php?rest_route=\/wp\/v2\/posts\/44150\/revisions"}],"wp:featuredmedia":[{"embeddable":true,"href":"https:\/\/noticiasveraces.com\/index.php?rest_route=\/wp\/v2\/media\/44151"}],"wp:attachment":[{"href":"https:\/\/noticiasveraces.com\/index.php?rest_route=%2Fwp%2Fv2%2Fmedia&parent=44150"}],"wp:term":[{"taxonomy":"category","embeddable":true,"href":"https:\/\/noticiasveraces.com\/index.php?rest_route=%2Fwp%2Fv2%2Fcategories&post=44150"},{"taxonomy":"post_tag","embeddable":true,"href":"https:\/\/noticiasveraces.com\/index.php?rest_route=%2Fwp%2Fv2%2Ftags&post=44150"}],"curies":[{"name":"wp","href":"https:\/\/api.w.org\/{rel}","templated":true}]}}