{"id":44124,"date":"2025-09-23T12:30:53","date_gmt":"2025-09-23T16:30:53","guid":{"rendered":"https:\/\/noticiasveraces.com\/?p=44124"},"modified":"2025-09-23T12:30:53","modified_gmt":"2025-09-23T16:30:53","slug":"el-contundente-mensaje-de-lamine-yamal-tras-perder-el-balon-de-oro-2025-menciono-a-ousmane-dembele-curiosidades-de-futbol","status":"publish","type":"post","link":"https:\/\/noticiasveraces.com\/?p=44124","title":{"rendered":"El contundente mensaje de Lamine Yamal tras perder el Bal\u00f3n de Oro 2025: mencion\u00f3 a Ousmane Demb\u00e9l\u00e9 | Curiosidades de f\u00fatbol"},"content":{"rendered":"<p> \n<\/p>\n<div id=\"cuerpoArticulo\">\n<p class=\"texto intro cnx-companion-firstparagraph\" id=\"p255661-m979-978-980\">Sorpresa para unos, esperado por otros; Ousmane Demb\u00e9l\u00e9 fue reconocido como el mejor jugador del mundo tras ganar el Bal\u00f3n de Oro 2025 en medio de una gala celebrada en Par\u00eds, Francia, donde llegaron m\u00faltiples figuras del deporte. <\/p>\n<p>En la antesala, Lamine Yamal era uno de los favoritos e incluso, se rumor\u00f3 que el trofeo entregado por la revista France Football iba para \u00e9l, sin embargo, esto no se cumpli\u00f3 y fue el jugador del PSG, quien subi\u00f3 a recibir el m\u00e1ximo reconocimiento a nivel individual. <\/p>\n<p class=\"texto contenido-parrafo-articulo cnx-companion-paragraph\" id=\"p255661-m1055-3-1056\">Las reacciones no se hicieron esperar y horas despu\u00e9s del magno evento, el mismo futbolista del Barcelona rompi\u00f3 el silencio, acept\u00f3 la derrota y felicit\u00f3 a su rival. <\/p>\n<p>Teniendo en cuenta que Yamal no atendi\u00f3 a la prensa tras la gala, se estaba a la expectativa de sus primeras palabras, m\u00e1s a\u00fan cuando fue galardonado con el premio Kopa, al mejor jugador joven del mundo. <\/p>\n<p><span class=\"articulo-subtitulo subtitulo2 espacio-contenido cnx-companion-subtitle\" id=\"p255661-m1061-4-1062\">Mensaje de Lamine Yamal al ganador del Bal\u00f3n de Oro 2025, Ousmane Demb\u00e9l\u00e9<\/span><\/p>\n<div class=\"fotografia caja-articulo\" id=\"p255661-m1067-5-1068\">\n<div class=\"imagen-cuerpo-bk\">\n<figure itemscope=\"\" itemtype=\"https:\/\/schema.org\/ImageObject\" itemprop=\"image\" id=\"m1072-1071-1073\" class=\"foto-galeria-articulo imagen-articulo foto-texto-articulo-galeria\"><img decoding=\"async\" alt=\"Lamine Yamal, jugador del FC Barcelona\" src=\"data:image\/png;base64,iVBORw0KGgoAAAANSUhEUgAAAAEAAAABCAQAAAC1HAwCAAAAC0lEQVR42mP8\/x0AAvsB+DlKarAAAAAASUVORK5CYII=\" style=\" display: inline;\" data-original=\"\/files\/article_content\/uploads\/2025\/05\/15\/6826679339698.jpeg\"\/><meta itemprop=\"width\" content=\"600\"\/><meta itemprop=\"height\" content=\"450\"\/> <meta itemprop=\"url\" content=\"https:\/\/www.futbolred.com\/files\/article_content\/uploads\/2025\/05\/15\/6826679339698.jpeg\"\/><\/figure>\n<\/div>\n<div class=\"figcaption-cuerpo-bk credito-image-bk\"><figcaption class=\"foto-info\">\n<div class=\"titulo-foto-bk\">\n<p id=\"m1079-1-1080\" class=\"titulo pie-de-foto\">Lamine Yamal, jugador del FC Barcelona.<\/p>\n<\/div>\n<p class=\"credito\">\n                            <span class=\"linea pre_credito\">Foto:<\/span><\/p>\n<p>                        <span id=\"m1085-2-1086\" class=\"autor\">Efusi\u00f3n<\/span><\/p>\n<\/figcaption><\/div>\n<\/p><\/div>\n<p class=\"texto contenido-parrafo-articulo cnx-companion-paragraph\" id=\"p255661-m1093-6-1094\">Fue en su cuenta oficial de Instagram, donde dej\u00f3 el mensaje de agradecimiento, una reflexi\u00f3n y claro, la menci\u00f3n honorifica a Demb\u00e9l\u00e9. <\/p>\n<p><b>\u201cEl plan de Dios es perfecto, hay que escalar para llegar a la cima\u201d, indic\u00f3 Yamal inicialmente.<br \/><\/b><br \/>En la publicaci\u00f3n, que ya supera los tres millones de &#8216;likes&#8217;, Lamine manifest\u00f3 que <b>se encuentra \u201cfeliz por el trofeo Kopa\u201d, del cual ya tiene dos.<\/b><\/p>\n<p>Por \u00faltimo, envi\u00f3 un saludo al futbolista del Paris Saint-Germain: <b>\u201cFelicitar a Ousmane Demb\u00e9l\u00e9 por el premio y la gran temporada\u201d,<\/b> concluy\u00f3 la joven promesa.<\/p>\n<\/div>\n\n","protected":false},"excerpt":{"rendered":"<p>Sorpresa para unos, esperado por otros; Ousmane Demb\u00e9l\u00e9 fue reconocido como el mejor jugador del mundo tras ganar el Bal\u00f3n de Oro 2025 en medio de una gala celebrada en Par\u00eds, Francia, donde llegaron m\u00faltiples figuras del deporte. En la antesala, Lamine Yamal era uno de los favoritos e incluso, se rumor\u00f3 que el trofeo &hellip;<\/p>\n","protected":false},"author":1,"featured_media":44125,"comment_status":"open","ping_status":"open","sticky":false,"template":"","format":"standard","meta":{"fifu_image_url":"https:\/\/www.futbolred.com\/files\/og_thumbnail\/uploads\/2025\/09\/23\/68d2b5f8285ea.jpeg","fifu_image_alt":"","footnotes":""},"categories":[6],"tags":[],"class_list":["post-44124","post","type-post","status-publish","format-standard","has-post-thumbnail","","category-deportes"],"_links":{"self":[{"href":"https:\/\/noticiasveraces.com\/index.php?rest_route=\/wp\/v2\/posts\/44124","targetHints":{"allow":["GET"]}}],"collection":[{"href":"https:\/\/noticiasveraces.com\/index.php?rest_route=\/wp\/v2\/posts"}],"about":[{"href":"https:\/\/noticiasveraces.com\/index.php?rest_route=\/wp\/v2\/types\/post"}],"author":[{"embeddable":true,"href":"https:\/\/noticiasveraces.com\/index.php?rest_route=\/wp\/v2\/users\/1"}],"replies":[{"embeddable":true,"href":"https:\/\/noticiasveraces.com\/index.php?rest_route=%2Fwp%2Fv2%2Fcomments&post=44124"}],"version-history":[{"count":0,"href":"https:\/\/noticiasveraces.com\/index.php?rest_route=\/wp\/v2\/posts\/44124\/revisions"}],"wp:featuredmedia":[{"embeddable":true,"href":"https:\/\/noticiasveraces.com\/index.php?rest_route=\/wp\/v2\/media\/44125"}],"wp:attachment":[{"href":"https:\/\/noticiasveraces.com\/index.php?rest_route=%2Fwp%2Fv2%2Fmedia&parent=44124"}],"wp:term":[{"taxonomy":"category","embeddable":true,"href":"https:\/\/noticiasveraces.com\/index.php?rest_route=%2Fwp%2Fv2%2Fcategories&post=44124"},{"taxonomy":"post_tag","embeddable":true,"href":"https:\/\/noticiasveraces.com\/index.php?rest_route=%2Fwp%2Fv2%2Ftags&post=44124"}],"curies":[{"name":"wp","href":"https:\/\/api.w.org\/{rel}","templated":true}]}}